{"id":103500,"date":"2021-10-22T15:23:01","date_gmt":"2021-10-22T20:23:01","guid":{"rendered":"https:\/\/www.uv.mx\/prensa\/?p=103500"},"modified":"2021-10-26T10:44:14","modified_gmt":"2021-10-26T15:44:14","slug":"galeria-ramon-alva-de-la-canal-aloja-obra-de-celso-arrieta","status":"publish","type":"post","link":"https:\/\/www.uv.mx\/prensa\/cultura\/galeria-ramon-alva-de-la-canal-aloja-obra-de-celso-arrieta\/","title":{"rendered":"Galer\u00eda\u00a0\u201cRam\u00f3n Alva de la Canal\u201d\u00a0aloja\u00a0obra\u00a0de Celso Arrieta\u00a0"},"content":{"rendered":"<p>&nbsp;<\/p>\n<div id=\"attachment_103501\" style=\"width: 732px\" class=\"wp-caption aligncenter\"><img aria-describedby=\"caption-attachment-103501\" decoding=\"async\" loading=\"lazy\" class=\"size-full wp-image-103501\" src=\"https:\/\/www.uv.mx\/prensa\/files\/2021\/10\/Carteles-de-Celso-Arrieta-722.jpg\" alt=\"\" width=\"722\" height=\"540\" srcset=\"https:\/\/www.uv.mx\/prensa\/files\/2021\/10\/Carteles-de-Celso-Arrieta-722.jpg 722w, https:\/\/www.uv.mx\/prensa\/files\/2021\/10\/Carteles-de-Celso-Arrieta-722-300x224.jpg 300w\" sizes=\"(max-width: 722px) 100vw, 722px\" \/><p id=\"caption-attachment-103501\" class=\"wp-caption-text\">\u201cCada cartel lleva algo de m\u00ed, as\u00ed defiendo la teor\u00eda de que son autorretratos\u201d: Celso Arrieta<\/p><\/div>\n<p><span data-ccp-props=\"{&quot;201341983&quot;:0,&quot;335559739&quot;:160,&quot;335559740&quot;:240}\">\u00a0<\/span><\/p>\n<p><b><i><span data-contrast=\"auto\">22\/10\/2021, Xalapa,\u00a0Ver.-\u00a0<\/span><\/i><\/b><span data-contrast=\"auto\">L<\/span><span data-contrast=\"auto\">a <a href=\"https:\/\/www.uv.mx\/galeriarac\/\" target=\"_blank\" rel=\"noopener\">Galer\u00eda\u00a0\u201cRam\u00f3n Alva de la Canal\u201d<\/a>\u00a0de la Universidad Veracruzana<\/span><span data-contrast=\"auto\">\u00a0(UV)\u00a0exhibe\u00a0desde este viernes una triple exposici\u00f3n de cartel, obra del\u00a0<\/span><span data-contrast=\"auto\">artista gr\u00e1fico oriundo de C\u00f3rdoba,\u00a0Veracruz,\u00a0<\/span><span data-contrast=\"auto\">Celso Arrieta<\/span><span data-contrast=\"auto\">\u00a0Zambrano<\/span><span data-contrast=\"auto\">.<\/span><span data-ccp-props=\"{&quot;201341983&quot;:0,&quot;335559739&quot;:160,&quot;335559740&quot;:240}\">\u00a0<\/span><\/p>\n<p><span data-contrast=\"auto\">L<\/span><span data-contrast=\"auto\">a muestra permanecer\u00e1 montada varias semanas posteriores a su inauguraci\u00f3n, a fin de que el mayor n\u00famero de visitantes\u00a0la\u00a0pueda\u00a0disfrutar.<\/span><span data-ccp-props=\"{&quot;201341983&quot;:0,&quot;335559731&quot;:708,&quot;335559739&quot;:160,&quot;335559740&quot;:240}\">\u00a0<\/span><\/p>\n<p><span data-contrast=\"auto\">En el marco de sus\u00a035\u00a0a\u00f1os de trayectoria,\u00a0Celso Arrieta\u00a0devel<\/span><span data-contrast=\"auto\">\u00f3\u00a0<\/span><span data-contrast=\"auto\">carteles art\u00edsticos, culturales, comerciales y del tipo social,<\/span><span data-contrast=\"auto\">\u00a0para su p\u00fablico,\u00a0<\/span><span data-contrast=\"auto\">ampliando con ello un\u00a0arduo recorrido por M\u00e9xico y el mundo.<\/span><span data-ccp-props=\"{&quot;201341983&quot;:0,&quot;335559731&quot;:708,&quot;335559739&quot;:160,&quot;335559740&quot;:240}\">\u00a0<\/span><\/p>\n<p><span data-contrast=\"auto\">El expositor es\u00a0<\/span><span data-contrast=\"auto\">Licenciado por la Facultad de Artes Pl\u00e1sticas de\u00a0<\/span><span data-contrast=\"auto\">UV, en donde ha sido\u00a0<\/span><span data-contrast=\"auto\">docente en la Facultad de Artes Pl\u00e1sticas, de las\u00a0experiencias educativas (EE) Intervenci\u00f3n\u00a0Gr\u00e1fica,\u00a0Discurso del\u00a0Dise\u00f1o y\u00a0Dibujo para\u00a0Gr\u00e1fica.\u00a0<\/span><span data-contrast=\"auto\">Fue\u00a0<\/span><span data-contrast=\"auto\">Director del Estudio de Dise\u00f1o Artesanos Gr\u00e1ficos Mexicanos.<\/span><span data-ccp-props=\"{&quot;201341983&quot;:0,&quot;335559731&quot;:708,&quot;335559739&quot;:160,&quot;335559740&quot;:240}\">\u00a0<\/span><\/p>\n<p><span data-contrast=\"auto\">Creador de gr\u00e1ficas tan ic\u00f3nicas en el imaginario colectivo veracruzano como\u00a0la del Festival Afrocaribe\u00f1o\u00a0(1995,\u00a01996,\u00a01997), logotipo e identidad corporativa\u00a0reinaugural\u00a0del \u00c1gora de la\u00a0Ciudad de Xalapa (2000), y\u00a0varios\u00a0Junio Musical de la OSX\u00a0(2001, 2002, 2004, 2005, 2007, 2009 y 2010),\u00a0Celso\u00a0\u201cEl\u00a0Gallo\u201d, como muchos en el ramo de las artes lo conocen,\u00a0es uno de los mejores dise\u00f1adores gr\u00e1ficos y cartelistas de todo el pa\u00eds.<\/span><span data-ccp-props=\"{&quot;201341983&quot;:0,&quot;335559731&quot;:708,&quot;335559739&quot;:160,&quot;335559740&quot;:240}\">\u00a0<\/span><\/p>\n<p><span data-ccp-props=\"{&quot;201341983&quot;:0,&quot;335559739&quot;:160,&quot;335559740&quot;:240}\">\u00a0<\/span><\/p>\n<p><b><i><span data-contrast=\"auto\">Madrid carteles pasionales<\/span><\/i><\/b><span data-ccp-props=\"{&quot;201341983&quot;:0,&quot;335559739&quot;:160,&quot;335559740&quot;:240}\">\u00a0<\/span><\/p>\n<p><span data-contrast=\"auto\">Para Celso Arrieta\u00a0el\u00a021 es un\u00a0n\u00famero cabal\u00edstico,\u00a0un\u00a0s\u00edmbolo de conclusi\u00f3n y renovaci\u00f3n de ciclos,\u00a0por lo que\u00a0la triple muestra presenta\u00a063 carteles en su totalidad (21 por cada una de ellas).<\/span><span data-ccp-props=\"{&quot;201341983&quot;:0,&quot;335559739&quot;:160,&quot;335559740&quot;:240}\">\u00a0<\/span><\/p>\n<p><i><span data-contrast=\"auto\">Madrid carteles pasionales<\/span><\/i><span data-contrast=\"auto\">\u00a0es la exposici\u00f3n principal, cuya motivaci\u00f3n para realizarla surgi\u00f3 pisando tierras europeas en 2019,\u00a0cuando\u00a0recorri\u00f3\u00a0las calles y avenidas de la capital espa\u00f1ola previo a la inauguraci\u00f3n de su serie-colecci\u00f3n\u00a0<\/span><i><span data-contrast=\"auto\">Homenaje a Sabina por Celso Arrieta<\/span><\/i><span data-contrast=\"auto\">, que se mont\u00f3 en\u00a0La Mordida del\u00a0Bernab\u00e9u, restaurante del cual es copropietario el famoso cantautor.<\/span><span data-ccp-props=\"{&quot;201341983&quot;:0,&quot;335559731&quot;:708,&quot;335559739&quot;:160,&quot;335559740&quot;:240}\">\u00a0<\/span><\/p>\n<p><span data-contrast=\"auto\">Originalmente se\u00a0hab\u00eda planeado realizar\u00a0la muestra\u00a0en Madrid,\u00a0este\u00a0mes,\u00a0en\u00a0el marco de un evento que se desvaneci\u00f3\u202fa causa de\u00a0la pandemia\u00a0por\u00a0Covid-19;\u00a0sin embargo, a fin de fortalecer los \u00e1nimos de aquellos que aprecien la obra, se ha decidido llevar a cabo tal exposici\u00f3n en el a\u00f1o y fechas\u00a0originales\u00a0pero\u00a0ahora teniendo como sede la ciudad de Xalapa, espacio que ha visto crecer el desarrollo del\u00a0dise\u00f1ador y que ha albergado varios de sus m\u00e1s grandes trabajos.<\/span><span data-ccp-props=\"{&quot;201341983&quot;:0,&quot;335559731&quot;:708,&quot;335559739&quot;:160,&quot;335559740&quot;:240}\">\u00a0<\/span><\/p>\n<p><span data-ccp-props=\"{&quot;201341983&quot;:0,&quot;335559739&quot;:160,&quot;335559740&quot;:240}\">\u00a0<\/span><\/p>\n<p><b><i><span data-contrast=\"auto\">Carteles en Libertad<\/span><\/i><\/b><span data-ccp-props=\"{&quot;201341983&quot;:0,&quot;335559739&quot;:160,&quot;335559740&quot;:240}\">\u00a0<\/span><\/p>\n<p><span data-contrast=\"auto\">La\u00a0segunda exposici\u00f3n de la muestra\u00a0es\u00a0<\/span><i><span data-contrast=\"auto\">Carteles en libertad<\/span><\/i><span data-contrast=\"auto\">,\u00a0en los cuales\u00a0el\u00a0autor\u00a0manifiesta el disfrute que le brinda\u00a0dise\u00f1ar estas piezas,\u00a0y que de alguna forma homenajean\u00a0el acto creativo de ser feliz con lo\u00a0que hacemos en esta vida.<\/span><span data-ccp-props=\"{&quot;201341983&quot;:0,&quot;335559739&quot;:160,&quot;335559740&quot;:240}\">\u00a0<\/span><\/p>\n<p><span data-contrast=\"auto\">Al respecto, el propio\u00a0artista gr\u00e1fico\u00a0expres\u00f3: \u201c<\/span><span data-contrast=\"auto\">Debajo de mi cama no viven monstruos, lo que hay son carteles. Literalmente duermo sobre ellos, ha de ser por eso que sue\u00f1o con personajes y composiciones que desembocan en cartel. Me gusta pensar que viven al interior y que, por medio de un impulso, comienzan a respirar, contagiados por mis ganas de encontrarnos y reconocernos como parte de una existencia rec\u00edproca\u201d.<\/span><span data-ccp-props=\"{&quot;201341983&quot;:0,&quot;335559731&quot;:708,&quot;335559739&quot;:160,&quot;335559740&quot;:240}\">\u00a0<\/span><\/p>\n<p><span data-ccp-props=\"{&quot;201341983&quot;:0,&quot;335559739&quot;:160,&quot;335559740&quot;:240}\">\u00a0<\/span><\/p>\n<p><b><i><span data-contrast=\"auto\">Cartel es Celso Autorretratos<\/span><\/i><\/b><span data-ccp-props=\"{&quot;201341983&quot;:0,&quot;335559739&quot;:160,&quot;335559740&quot;:240}\">\u00a0<\/span><\/p>\n<p><span data-contrast=\"auto\">Cierra la exposici\u00f3n\u00a0la\u00a0colecci\u00f3n\u00a0<\/span><i><span data-contrast=\"auto\">Cartel\u00a0es Celso<\/span><\/i><b><i><span data-contrast=\"auto\">\u00a0<\/span><\/i><\/b><i><span data-contrast=\"auto\">Autorretratos<\/span><\/i><span data-contrast=\"auto\">; esta parte son carteles por encargo en su mayor\u00eda, siendo los trabajos m\u00e1s recientes y algunos pendientes por mostrar.\u00a0Destacan las palabras del autor al referirse a esa secci\u00f3n: \u201c<\/span><span data-contrast=\"auto\">Cada cartel lleva algo de m\u00ed, as\u00ed defiendo la teor\u00eda de que son autorretratos. De alguna extra\u00f1a manera todos ellos llevan mi sangre, unos levantan la frente con orgullo al encuentro y otros sencillamente se muestran serenos.<\/span><span data-ccp-props=\"{&quot;201341983&quot;:0,&quot;335559739&quot;:160,&quot;335559740&quot;:240}\">\u00a0<\/span><\/p>\n<p><span data-contrast=\"auto\">\u201dHe\u00a0realizado muchos carteles y tendr\u00eda que recordar con precisi\u00f3n lo que ocurr\u00eda en el instante de hacerlos para poder explicar el c\u00famulo de decisiones que operaron para su gestaci\u00f3n. No tengo la receta de las soluciones, pero me dejo llevar por el l\u00e1piz que rompe la intimidad blanca del papel, permitiendo ocurrir cosas imprevistas conectadas con la educaci\u00f3n visual recolectada por a\u00f1os. La mirada a los trazos presentes y a los invisibles va de la mano antes de tocar certezas.\u201d<\/span><span data-ccp-props=\"{&quot;201341983&quot;:0,&quot;335559731&quot;:708,&quot;335559739&quot;:160,&quot;335559740&quot;:240}\">\u00a0<\/span><\/p>\n","protected":false},"excerpt":{"rendered":"<p>Se trata de una exposici\u00f3n triple:\u00a0<em>Madrid carteles pasionales\u00a0<\/em>,\u00a0<em>\u00a0Carteles en Libertad\u00a0<\/em> y <em>\u00a0Cartel es Celso Autorretratos<\/em>\u00a0<\/p>\n","protected":false},"author":1869,"featured_media":103502,"comment_status":"closed","ping_status":"closed","sticky":false,"template":"","format":"standard","meta":[],"categories":[11,61],"tags":[],"_links":{"self":[{"href":"https:\/\/www.uv.mx\/prensa\/wp-json\/wp\/v2\/posts\/103500"}],"collection":[{"href":"https:\/\/www.uv.mx\/prensa\/wp-json\/wp\/v2\/posts"}],"about":[{"href":"https:\/\/www.uv.mx\/prensa\/wp-json\/wp\/v2\/types\/post"}],"author":[{"embeddable":true,"href":"https:\/\/www.uv.mx\/prensa\/wp-json\/wp\/v2\/users\/1869"}],"replies":[{"embeddable":true,"href":"https:\/\/www.uv.mx\/prensa\/wp-json\/wp\/v2\/comments?post=103500"}],"version-history":[{"count":1,"href":"https:\/\/www.uv.mx\/prensa\/wp-json\/wp\/v2\/posts\/103500\/revisions"}],"predecessor-version":[{"id":103711,"href":"https:\/\/www.uv.mx\/prensa\/wp-json\/wp\/v2\/posts\/103500\/revisions\/103711"}],"wp:featuredmedia":[{"embeddable":true,"href":"https:\/\/www.uv.mx\/prensa\/wp-json\/wp\/v2\/media\/103502"}],"wp:attachment":[{"href":"https:\/\/www.uv.mx\/prensa\/wp-json\/wp\/v2\/media?parent=103500"}],"wp:term":[{"taxonomy":"category","embeddable":true,"href":"https:\/\/www.uv.mx\/prensa\/wp-json\/wp\/v2\/categories?post=103500"},{"taxonomy":"post_tag","embeddable":true,"href":"https:\/\/www.uv.mx\/prensa\/wp-json\/wp\/v2\/tags?post=103500"}],"curies":[{"name":"wp","href":"https:\/\/api.w.org\/{rel}","templated":true}]}}