{"id":103524,"date":"2021-10-24T08:00:42","date_gmt":"2021-10-24T13:00:42","guid":{"rendered":"https:\/\/www.uv.mx\/prensa\/?p=103524"},"modified":"2021-10-26T10:14:35","modified_gmt":"2021-10-26T15:14:35","slug":"creatividad-de-artistas-y-cientificos-es-muy-parecida-mitzy-quinto","status":"publish","type":"post","link":"https:\/\/www.uv.mx\/prensa\/banner\/creatividad-de-artistas-y-cientificos-es-muy-parecida-mitzy-quinto\/","title":{"rendered":"Creatividad de artistas y cient\u00edficos es muy parecida: Mitzy Quinto"},"content":{"rendered":"<ul>\n<li data-leveltext=\"\uf0b7\" data-font=\"Symbol\" data-listid=\"1\" data-aria-posinset=\"1\" data-aria-level=\"1\"><i><span data-contrast=\"auto\">En la restauraci\u00f3n \u2013como profesi\u00f3n\u2013 encontr\u00f3\u00a0un\u00a0puente entre toda su inquietud, la creaci\u00f3n art\u00edstica, la sensibilidad y el est\u00edmulo cient\u00edfico<\/span><\/i><span data-ccp-props=\"{&quot;134233279&quot;:true}\">\u00a0<\/span><\/li>\n<\/ul>\n<p><span data-ccp-props=\"{}\">\u00a0<\/span><\/p>\n<div id=\"attachment_103525\" style=\"width: 732px\" class=\"wp-caption aligncenter\"><a href=\"https:\/\/www.uv.mx\/prensa\/files\/2021\/10\/211021-PAOLA-Ruptura-de-fronteras-100k.jpg\"><img aria-describedby=\"caption-attachment-103525\" decoding=\"async\" loading=\"lazy\" class=\"size-full wp-image-103525\" src=\"https:\/\/www.uv.mx\/prensa\/files\/2021\/10\/211021-PAOLA-Ruptura-de-fronteras-100k.jpg\" alt=\"Mitzy Antonieta Quinto, del Instituto de Arqueolog\u00eda de la Universidad de Londres \" width=\"722\" height=\"437\" srcset=\"https:\/\/www.uv.mx\/prensa\/files\/2021\/10\/211021-PAOLA-Ruptura-de-fronteras-100k.jpg 722w, https:\/\/www.uv.mx\/prensa\/files\/2021\/10\/211021-PAOLA-Ruptura-de-fronteras-100k-300x182.jpg 300w\" sizes=\"(max-width: 722px) 100vw, 722px\" \/><\/a><p id=\"caption-attachment-103525\" class=\"wp-caption-text\">Mitzy Antonieta Quinto, del Instituto de Arqueolog\u00eda de la Universidad de Londres<\/p><\/div>\n<p>&nbsp;<\/p>\n<p><b><i><span data-contrast=\"auto\">Paola Cort\u00e9s P\u00e9rez<\/span><\/i><\/b><span data-ccp-props=\"{}\">\u00a0<\/span><\/p>\n<p><b><i><span data-contrast=\"auto\">24\/10\/2021, Xalapa, Ver.-<\/span><\/i><\/b><span data-contrast=\"auto\">\u00a0Mitzy\u00a0Antonieta Quinto Cort\u00e9s, investigadora, docente y gestora de patrimonio\u00a0del\u00a0Instituto de Arqueolog\u00eda de la Universidad de Londres, Reino Unido,\u00a0enfatiz\u00f3 que\u00a0las humanidades como las ciencias exactas y las artes comparten un mismo universo, son parte de un todo, al dictar la conferencia magistral\u00a0\u201cRuptura de fronteras en los procesos art\u00edsticos\u201d, en el marco del\u00a03er Coloquio Internacional de Artes, organizado por la <a href=\"https:\/\/www.uv.mx\/\" target=\"_blank\" rel=\"noopener\">Universidad Veracruzana<\/a> (UV)\u00a0y la Universidad de Caldas, de Colombia.<\/span><span data-ccp-props=\"{}\">\u00a0<\/span><\/p>\n<p><span data-contrast=\"auto\">Dijo que la conferencia fue una especie de conversaci\u00f3n autobiogr\u00e1fica, de reflexi\u00f3n en voz alta desde sus experiencias formativas, personales, profesionales, acad\u00e9micas y docentes.<\/span><span data-ccp-props=\"{&quot;335559731&quot;:708}\">\u00a0<\/span><\/p>\n<p><span data-contrast=\"auto\">Relat\u00f3 que desde peque\u00f1a tuvo un acercamiento con las artes, al estudiar danza (cl\u00e1sica, contempor\u00e1nea y mexicana), aprendi\u00f3\u00a0m\u00fasica,\u00a0\u201ctodos estos acercamientos a las artes tendr\u00edan una gran influencia en m\u00ed.<\/span><span data-ccp-props=\"{&quot;335559731&quot;:708}\">\u00a0<\/span><\/p>\n<p><span data-contrast=\"auto\">\u201dEntiendo\u00a0que tenemos muchas ideas preconcebidas acerca de c\u00f3mo el estudio de las humanidades es un campo que no tiene que ver con las ciencias exactas y las artes, la realidad es que compartimos un mismo universo y as\u00ed fue como esto me llev\u00f3\u00a0al t\u00edtulo de esta conferencia.\u201d<\/span><span data-ccp-props=\"{&quot;335559731&quot;:708}\">\u00a0<\/span><\/p>\n<p><span data-contrast=\"auto\">Siempre tuvo la duda de si\u00a0se puede ser artista y cient\u00edfica al mismo tiempo,\u00a0\u00bfpor qu\u00e9\u00a0nos han ense\u00f1ado que las artes y las ciencias son cosas opuestas?<\/span><span data-ccp-props=\"{&quot;335559731&quot;:708,&quot;469777462&quot;:[1155],&quot;469777927&quot;:[0],&quot;469777928&quot;:[1]}\">\u00a0<\/span><\/p>\n<p><span data-contrast=\"auto\">\u201cNo son tan lejanas\u00a0como nos han hecho creer, as\u00ed lo experiment\u00e9, sent\u00ed que hab\u00eda una parte de m\u00ed que no hab\u00eda\u00a0sido estimulada: la parte creativa hacia la investigaci\u00f3n cient\u00edfica.\u00a0La parte creativa entre artistas y cient\u00edficos es muy parecida.<\/span><span data-ccp-props=\"{&quot;335559731&quot;:708,&quot;469777462&quot;:[1155],&quot;469777927&quot;:[0],&quot;469777928&quot;:[1]}\">\u00a0<\/span><\/p>\n<p><span data-contrast=\"auto\">\u201dEl\u00a0hecho de que puedas imaginar\u00a0una mol\u00e9cula, c\u00f3mo esa mol\u00e9cula se une;\u00a0imaginar los\u00a0microprocesos\u00a0y\u00a0nanoprocesos;\u00a0claro que eso es creativo.\u201d<\/span><span data-ccp-props=\"{&quot;335559731&quot;:708,&quot;469777462&quot;:[1155],&quot;469777927&quot;:[0],&quot;469777928&quot;:[1]}\">\u00a0<\/span><\/p>\n<p><span data-contrast=\"auto\">Mencion\u00f3 que\u00a0en\u00a0la restauraci\u00f3n \u2013como\u00a0profesi\u00f3n\u2013\u00a0encontr\u00f3 el puente\u00a0entre toda su inquietud, la creaci\u00f3n art\u00edstica,\u00a0la sensibilidad y el est\u00edmulo cient\u00edfico.<\/span><span data-ccp-props=\"{&quot;335559731&quot;:708,&quot;469777462&quot;:[1155],&quot;469777927&quot;:[0],&quot;469777928&quot;:[1]}\">\u00a0<\/span><\/p>\n<p><span data-contrast=\"auto\">\u201cTuve que aprender de biolog\u00eda para entender los colores, as\u00ed como\u00a0el porqu\u00e9\u00a0del proceso del deterioro de la seda.\u201d<\/span><span data-ccp-props=\"{&quot;335559731&quot;:708,&quot;469777462&quot;:[1155],&quot;469777927&quot;:[0],&quot;469777928&quot;:[1]}\">\u00a0<\/span><\/p>\n<p><span data-contrast=\"auto\">El 3er Coloquio Internacional de Artes concluy\u00f3 el viernes 22 de octubre.<\/span><span data-ccp-props=\"{&quot;335559731&quot;:708,&quot;469777462&quot;:[1155],&quot;469777927&quot;:[0],&quot;469777928&quot;:[1]}\">\u00a0<\/span><\/p>\n","protected":false},"excerpt":{"rendered":"<p>Las artes y las ciencias no son opuestas, as\u00ed lo afirm\u00f3 la investigadora, \u201cNo son tan lejanas como nos han hecho creer\u201d <\/p>\n","protected":false},"author":1775,"featured_media":103526,"comment_status":"closed","ping_status":"closed","sticky":false,"template":"","format":"standard","meta":[],"categories":[61],"tags":[4330,384,738,1068,4560,4561,445,4559,4504,4328],"_links":{"self":[{"href":"https:\/\/www.uv.mx\/prensa\/wp-json\/wp\/v2\/posts\/103524"}],"collection":[{"href":"https:\/\/www.uv.mx\/prensa\/wp-json\/wp\/v2\/posts"}],"about":[{"href":"https:\/\/www.uv.mx\/prensa\/wp-json\/wp\/v2\/types\/post"}],"author":[{"embeddable":true,"href":"https:\/\/www.uv.mx\/prensa\/wp-json\/wp\/v2\/users\/1775"}],"replies":[{"embeddable":true,"href":"https:\/\/www.uv.mx\/prensa\/wp-json\/wp\/v2\/comments?post=103524"}],"version-history":[{"count":1,"href":"https:\/\/www.uv.mx\/prensa\/wp-json\/wp\/v2\/posts\/103524\/revisions"}],"predecessor-version":[{"id":103691,"href":"https:\/\/www.uv.mx\/prensa\/wp-json\/wp\/v2\/posts\/103524\/revisions\/103691"}],"wp:featuredmedia":[{"embeddable":true,"href":"https:\/\/www.uv.mx\/prensa\/wp-json\/wp\/v2\/media\/103526"}],"wp:attachment":[{"href":"https:\/\/www.uv.mx\/prensa\/wp-json\/wp\/v2\/media?parent=103524"}],"wp:term":[{"taxonomy":"category","embeddable":true,"href":"https:\/\/www.uv.mx\/prensa\/wp-json\/wp\/v2\/categories?post=103524"},{"taxonomy":"post_tag","embeddable":true,"href":"https:\/\/www.uv.mx\/prensa\/wp-json\/wp\/v2\/tags?post=103524"}],"curies":[{"name":"wp","href":"https:\/\/api.w.org\/{rel}","templated":true}]}}