{"id":103528,"date":"2021-10-23T08:00:07","date_gmt":"2021-10-23T13:00:07","guid":{"rendered":"https:\/\/www.uv.mx\/prensa\/?p=103528"},"modified":"2021-10-26T10:31:54","modified_gmt":"2021-10-26T15:31:54","slug":"pandemia-visibilizo-mortalidad-por-obesidad-y-tabaquismo","status":"publish","type":"post","link":"https:\/\/www.uv.mx\/prensa\/banner\/pandemia-visibilizo-mortalidad-por-obesidad-y-tabaquismo\/","title":{"rendered":"Pandemia visibiliz\u00f3 mortalidad por obesidad\u00a0y tabaquismo\u00a0"},"content":{"rendered":"<style type=\"text\/css\">\n  blockquote p { color: #28519b; font-family: helvetica; font-size: 1.4em; }<br \/><\/style>\n<ul>\n<li data-leveltext=\"\uf0b7\" data-font=\"Symbol\" data-listid=\"1\" data-aria-posinset=\"1\" data-aria-level=\"1\"><i><span data-contrast=\"auto\">Uri\u00a0Torruco\u00a0Garc\u00eda, m\u00e9dico\u00a0del CAE, llam\u00f3 a cambiar la forma de\u00a0abordar el sobrepeso, obesidad,\u00a0tabaquismo\u00a0y las vacunas<\/span><\/i><span data-ccp-props=\"{&quot;134233279&quot;:true,&quot;201341983&quot;:0,&quot;335559739&quot;:160,&quot;335559740&quot;:240}\">\u00a0<\/span><\/li>\n<li data-leveltext=\"\uf0b7\" data-font=\"Symbol\" data-listid=\"1\" data-aria-posinset=\"2\" data-aria-level=\"1\"><i><span data-contrast=\"auto\">En\u00a0el XVI Seminario Anual de Antropolog\u00eda del Envejecimiento y Vejez,\u00a0particip\u00f3 en conversatorio\u00a0junto con\u00a0acad\u00e9mica de la UV y una persona de la tercera edad<\/span><\/i><span data-ccp-props=\"{&quot;134233279&quot;:true,&quot;201341983&quot;:0,&quot;335559739&quot;:160,&quot;335559740&quot;:240}\">\u00a0<\/span><\/li>\n<\/ul>\n<p><span data-ccp-props=\"{&quot;201341983&quot;:0,&quot;335559739&quot;:160,&quot;335559740&quot;:240}\">\u00a0<\/span><\/p>\n<p><img decoding=\"async\" loading=\"lazy\" class=\"aligncenter size-full wp-image-103529\" src=\"https:\/\/www.uv.mx\/prensa\/files\/2021\/10\/211021-CONVERSATORIO-ADULTOS-MAYORES-1.jpg\" alt=\"\" width=\"722\" height=\"401\" srcset=\"https:\/\/www.uv.mx\/prensa\/files\/2021\/10\/211021-CONVERSATORIO-ADULTOS-MAYORES-1.jpg 722w, https:\/\/www.uv.mx\/prensa\/files\/2021\/10\/211021-CONVERSATORIO-ADULTOS-MAYORES-1-300x167.jpg 300w\" sizes=\"(max-width: 722px) 100vw, 722px\" \/><\/p>\n<p><span data-ccp-props=\"{&quot;201341983&quot;:0,&quot;335559739&quot;:160,&quot;335559740&quot;:240}\">\u00a0<\/span><\/p>\n<blockquote><p><span data-contrast=\"auto\">\u201cAlgo que pareciera trivial, caminar 30 minutos diarios y 150 a la semana o cada tercer d\u00eda, nos protege de morir de la Covid-19 y de muchas otras enfermedades\u201d<\/span><span data-ccp-props=\"{&quot;201341983&quot;:0,&quot;335559739&quot;:160,&quot;335559740&quot;:240}\">\u00a0<\/span><\/p><\/blockquote>\n<p><span data-ccp-props=\"{&quot;201341983&quot;:0,&quot;335559739&quot;:160,&quot;335559740&quot;:240}\">\u00a0<\/span><\/p>\n<p><b><i><span data-contrast=\"auto\">Claudia Peralta V\u00e1zquez<\/span><\/i><\/b><span data-ccp-props=\"{&quot;201341983&quot;:0,&quot;335559739&quot;:160,&quot;335559740&quot;:240}\">\u00a0<\/span><\/p>\n<p><b><i><span data-contrast=\"auto\">23\/10\/2021, Xalapa,\u00a0Ver.-\u00a0<\/span><\/i><\/b><span data-contrast=\"auto\">Antes de que iniciara la pandemia nadie era consciente de que pesar m\u00e1s de\u00a010\u00a0kilos de lo normal, fumar dos o tres cigarros al d\u00eda, o no hacer ejercicio, era sin\u00f3nimo de mortalidad.\u00a0\u201cPor ello, si\u00a0para\u00a0alguien no hab\u00eda\u00a0quedado claro, ahora debe quedar m\u00e1s que claro\u201d,\u00a0enfatiz\u00f3 Uri\u00a0Torruco, m\u00e9dico\u00a0infect\u00f3logo\u00a0del Centro de\u00a0Alta Especialidad\u00a0(CAE)\u00a0\u201cDr. Rafael Lucio\u201d.<\/span><span data-ccp-props=\"{&quot;201341983&quot;:0,&quot;335559739&quot;:160,&quot;335559740&quot;:240}\">\u00a0<\/span><\/p>\n<p><span data-contrast=\"auto\">El mi\u00e9rcoles 20 de octubre,\u00a0el galeno\u00a0particip\u00f3 junto con\u00a0Catalina Cervantes Ortega, acad\u00e9mica de la <a href=\"https:\/\/www.uv.mx\/nutri-xal\/\" target=\"_blank\" rel=\"noopener\">Facultad de Nutrici\u00f3n<\/a>\u00a0de la Universidad Veracruzana (UV),\u00a0y\u00a0Aleida Morales Tom\u00e1s,\u00a0se\u00f1ora\u00a0de la tercera edad, en el conversatorio\u00a0\u201cLos efectos de la promoci\u00f3n de la salud y estrategias ante la pandemia y el control de las enfermedades cr\u00f3nicas\u201d.<\/span><span data-ccp-props=\"{&quot;201341983&quot;:0,&quot;335559739&quot;:160,&quot;335559740&quot;:240}\">\u00a0<\/span><\/p>\n<p><span data-contrast=\"auto\">Esto, en el marco del\u00a0XVI Seminario Anual de Antropolog\u00eda del Envejecimiento y Vejez \u201cLos efectos de la pandemia Covid-19 en las personas adultas mayores\u201d, que a partir de esa fecha y hasta el 22 de octubre realiz\u00f3\u00a0la UV\u00a0a trav\u00e9s del Instituto de Salud P\u00fablica (ISP),\u00a0en coordinaci\u00f3n con\u00a0otras\u00a0dependencias estatales, municipales y acad\u00e9micas.<\/span><span data-ccp-props=\"{&quot;201341983&quot;:0,&quot;335559739&quot;:160,&quot;335559740&quot;:240}\">\u00a0<\/span><\/p>\n<p><span data-contrast=\"auto\">En\u00a0el conversatorio\u00a0se analiz\u00f3\u00a0el papel de las instituciones, la academia y personas adultas mayores, efectos de la promoci\u00f3n de la salud en el afrontamiento de la vacunaci\u00f3n anti Covid-19 en el control de las enfermedades cr\u00f3nicas, y en las acciones que se llevan a cabo en las personas adultas mayores en el proceso de la pandemia y de la\u00a0post-pandemia.<\/span><span data-ccp-props=\"{&quot;201341983&quot;:0,&quot;335559739&quot;:160,&quot;335559740&quot;:240}\">\u00a0<\/span><\/p>\n<p><span data-contrast=\"auto\">En este sentido,\u00a0Uri\u00a0Torruco\u00a0llam\u00f3\u00a0a cambiar\u00a0la postura que la poblaci\u00f3n tiene con respecto a estos temas, no\u00a0s\u00f3lo como pacientes,\u00a0sino tambi\u00e9n como trabajadores de la salud.<\/span><span data-ccp-props=\"{&quot;201341983&quot;:0,&quot;335559739&quot;:160,&quot;335559740&quot;:240}\">\u00a0<\/span><\/p>\n<p><span data-contrast=\"auto\">Propuso cambiar la forma de abordar el\u00a0sobrepeso,\u00a0la\u00a0obesidad, el tabaquismo, la aplicaci\u00f3n de vacunas\u00a0y el ejercicio, pues la Covid-19 ser\u00e1 una condici\u00f3n permanente a la cual deberemos adaptarnos.<\/span><span data-ccp-props=\"{&quot;201341983&quot;:0,&quot;335559739&quot;:160,&quot;335559740&quot;:240}\">\u00a0<\/span><\/p>\n<p><span data-contrast=\"auto\">Por ejemplo, lament\u00f3 que un gran porcentaje del personal de salud\u00a0a\u00fan\u00a0no sea consciente de la\u00a0importancia de\u00a0aplicarse\u00a0la vacuna y lo considere irrelevante,\u00a0lo mismo sucede con muchas otras personas; sin embargo, si\u00a0corrieron con la suerte de no resultar infectados en la primera\u00a0o en la tercera\u00a0ola, con las variantes actuales que son sumamente contagiosas, pueden contraer la enfermedad.<\/span><span data-ccp-props=\"{&quot;201341983&quot;:0,&quot;335559731&quot;:708,&quot;335559739&quot;:160,&quot;335559740&quot;:240}\">\u00a0<\/span><\/p>\n<p><span data-contrast=\"auto\">\u00a0\u201cMientras m\u00e1s vulnerable es la poblaci\u00f3n,\u00a0mayor\u00a0es\u00a0su riesgo de morir, sobre todo las personas de m\u00e1s de\u00a060 a\u00f1os.\u201d<\/span><span data-ccp-props=\"{&quot;201341983&quot;:0,&quot;335559731&quot;:708,&quot;335559739&quot;:160,&quot;335559740&quot;:240}\">\u00a0<\/span><\/p>\n<p><span data-contrast=\"auto\">Antes\u00a0nadie hab\u00eda reflexionado sobre el riesgo de muerte que implicaba\u00a0padecer sobrepeso y la obesidad, hoy quienes\u00a0est\u00e1n\u00a010 kilos\u00a0arriba de su peso\u00a0est\u00e1n en riesgo de morir por la Covid-19.<\/span><span data-ccp-props=\"{&quot;201341983&quot;:0,&quot;335559731&quot;:708,&quot;335559739&quot;:160,&quot;335559740&quot;:240}\">\u00a0<\/span><\/p>\n<p><span data-contrast=\"auto\">Subray\u00f3 que la\u00a0Covid-19 es mucho m\u00e1s mortal si\u00a0se fuman dos cigarros en lugar de uno, o tres en lugar de dos, y as\u00ed sucesivamente.<\/span><span data-ccp-props=\"{&quot;201341983&quot;:0,&quot;335559731&quot;:708,&quot;335559739&quot;:160,&quot;335559740&quot;:240}\">\u00a0<\/span><\/p>\n<p><span data-contrast=\"auto\">Adem\u00e1s, es menor la posibilidad de fallecer si frecuentemente se realiza ejercicio, lo cual aumenta la capacidad pulmonar.<\/span><span data-ccp-props=\"{&quot;201341983&quot;:0,&quot;335559731&quot;:708,&quot;335559739&quot;:160,&quot;335559740&quot;:240}\">\u00a0<\/span><\/p>\n<p><span data-contrast=\"auto\">\u201cAlgo que pareciera trivial, caminar 30 minutos diarios\u00a0y 150 a la semana o cada tercer d\u00eda,\u00a0nos protege de morir de la Covid-19\u00a0y de muchas otras enfermedades.\u201d<\/span><span data-ccp-props=\"{&quot;201341983&quot;:0,&quot;335559731&quot;:708,&quot;335559739&quot;:160,&quot;335559740&quot;:240}\">\u00a0<\/span><\/p>\n<p><span data-contrast=\"auto\">Catalina Cervantes Ortega, acad\u00e9mica de la Facultad de Nutrici\u00f3n\u00a0UV\u00a0y doctora en Gobierno y Administraci\u00f3n P\u00fablica, coment\u00f3 que la\u00a0organizaci\u00f3n Mundial de la Salud\u00a0(OMS)\u00a0define a la promoci\u00f3n de la salud como un proceso que permite\u00a0incrementar el control sobre ella, lo que representa el autocuidado\u00a0a\u00a0nivel individual o comunitario.<\/span><span data-ccp-props=\"{&quot;201341983&quot;:0,&quot;335559731&quot;:708,&quot;335559739&quot;:160,&quot;335559740&quot;:240}\">\u00a0<\/span><\/p>\n<p><span data-contrast=\"auto\">Lo anterior\u00a0comprende muchas acciones orientadas hacia el establecimiento de pol\u00edticas p\u00fablicas, creaci\u00f3n de\u00a0ambientes favorables,\u00a0lograr una gran calidad de vida en todos los grupos poblacionales, independientemente de la edad o\u00a0nivel socioecon\u00f3mico,\u00a0as\u00ed como la\u00a0participaci\u00f3n activa de la propia comunidad hacia su familia y sus entornos.<\/span><span data-ccp-props=\"{&quot;201341983&quot;:0,&quot;335559731&quot;:708,&quot;335559739&quot;:160,&quot;335559740&quot;:240}\">\u00a0<\/span><\/p>\n<p><span data-contrast=\"auto\">Asever\u00f3 que, en el caso de la educaci\u00f3n,\u00a0muchas universidades deben atender\u00a0esos lineamientos, por lo que\u00a0tienen\u00a0un rol central e importante para la promoci\u00f3n de la salud.<\/span><span data-ccp-props=\"{&quot;201341983&quot;:0,&quot;335559731&quot;:708,&quot;335559739&quot;:160,&quot;335559740&quot;:240}\">\u00a0<\/span><\/p>\n<p><span data-contrast=\"auto\">Por tanto, la\u00a0UV participa directa e indirectamente con la comunidad,\u00a0a trav\u00e9s de proyectos espec\u00edficos o de investigaci\u00f3n de las problem\u00e1ticas que surgen d\u00eda con d\u00eda, relacionadas con la salud de las personas.<\/span><span data-ccp-props=\"{&quot;201341983&quot;:0,&quot;335559731&quot;:708,&quot;335559739&quot;:160,&quot;335559740&quot;:240}\">\u00a0<\/span><\/p>\n<p><span data-contrast=\"auto\">Tambi\u00e9n se involucra en la\u00a0formaci\u00f3n de recursos\u00a0humanos y de alumnos de nivel\u00a0Licenciatura,\u00a0posgrado\u00a0y pregrado, con la finalidad de que participen en la\u00a0promoci\u00f3n de la salud.<\/span><span data-ccp-props=\"{&quot;201341983&quot;:0,&quot;335559731&quot;:708,&quot;335559739&quot;:160,&quot;335559740&quot;:240}\">\u00a0<\/span><\/p>\n<p><span data-contrast=\"auto\">De igual forma, colabora y se vincula con instituciones\u00a0de los diferentes sectores:\u00a0econ\u00f3mico,\u00a0social y de salud.<\/span><span data-ccp-props=\"{&quot;201341983&quot;:0,&quot;335559731&quot;:708,&quot;335559739&quot;:160,&quot;335559740&quot;:240}\">\u00a0<\/span><\/p>\n<p><span data-contrast=\"auto\">\u201cLa UV es promotora de la salud y en\u00a0ese marco ha tenido un papel importante, pues se\u00a0han creado lineamientos espec\u00edficos para que toda\u00a0la comunidad acad\u00e9mica tenga\u00a0informaci\u00f3n real, ver\u00eddica, sobre lo que ocurre en la pandemia.\u201d<\/span><span data-ccp-props=\"{&quot;201341983&quot;:0,&quot;335559731&quot;:708,&quot;335559739&quot;:160,&quot;335559740&quot;:240}\">\u00a0<\/span><\/p>\n<p><span data-contrast=\"auto\">\u00a0Asimismo, los\u00a0lineamientos son claros para el regreso a las actividades,\u00a0y\u00a0existen programas para la atenci\u00f3n psicol\u00f3gica gratuita\u00a0tanto para la comunidad universitaria como para la poblaci\u00f3n abierta.<\/span><span data-ccp-props=\"{&quot;201341983&quot;:0,&quot;335559731&quot;:708,&quot;335559739&quot;:160,&quot;335559740&quot;:240}\">\u00a0<\/span><\/p>\n<p><span data-contrast=\"auto\">Aleida Morales, persona adulta mayor y ama de casa,\u00a0comparti\u00f3 su diagn\u00f3stico de diabetes que le fue detectado un poco antes de que iniciara la pandemia.<\/span><span data-ccp-props=\"{&quot;201341983&quot;:0,&quot;335559731&quot;:708,&quot;335559739&quot;:160,&quot;335559740&quot;:240}\">\u00a0<\/span><\/p>\n<p><span data-contrast=\"auto\">Al poco tiempo\u00a0su esposo,\u00a0quien labora como taxista, tambi\u00e9n fue diagnosticado con ese mismo padecimiento, por lo que iniciaron un tratamiento mensual en\u00a0el Centro de Salud\u00a0Maraboto.<\/span><span data-ccp-props=\"{&quot;201341983&quot;:0,&quot;335559731&quot;:708,&quot;335559739&quot;:160,&quot;335559740&quot;:240}\">\u00a0<\/span><\/p>\n<p><span data-contrast=\"auto\">A dos a\u00f1os de vivir con esta enfermedad, expres\u00f3 que ya se siente m\u00e1s animada, pues junto con su esposo ingresaron a un grupo de ayuda para la atenci\u00f3n de la diabetes donde les brindan talleres, ejercicios de estiramiento, sentadillas, y orientaci\u00f3n nutricional para saber qu\u00e9 comer y las raciones adecuadas.<\/span><span data-ccp-props=\"{&quot;201341983&quot;:0,&quot;335559731&quot;:708,&quot;335559739&quot;:160,&quot;335559740&quot;:240}\">\u00a0<\/span><\/p>\n<p><span data-contrast=\"auto\">El conversatorio fue moderado por\u00a0Anayeli\u00a0Garc\u00eda Hern\u00e1ndez, coordinadora estatal del Programa de Atenci\u00f3n a la Salud del Adulto Mayor de la Secretar\u00eda de Salud del Estado de Veracruz (<\/span><i><span data-contrast=\"auto\">Sesver<\/span><\/i><span data-contrast=\"auto\">).<\/span><span data-ccp-props=\"{&quot;201341983&quot;:0,&quot;335559731&quot;:708,&quot;335559739&quot;:160,&quot;335559740&quot;:240}\">\u00a0<\/span><\/p>\n","protected":false},"excerpt":{"rendered":"<p>Antes nadie era consciente de que pesar m\u00e1s de 10 kilos de lo normal, fumar dos o tres cigarros al d\u00eda, o no hacer ejercicio, era sin\u00f3nimo de mortalidad:\u00a0Uri Torruco Garc\u00eda\u00a0\u00a0<\/p>\n","protected":false},"author":1869,"featured_media":103530,"comment_status":"closed","ping_status":"closed","sticky":false,"template":"","format":"standard","meta":[],"categories":[61],"tags":[],"_links":{"self":[{"href":"https:\/\/www.uv.mx\/prensa\/wp-json\/wp\/v2\/posts\/103528"}],"collection":[{"href":"https:\/\/www.uv.mx\/prensa\/wp-json\/wp\/v2\/posts"}],"about":[{"href":"https:\/\/www.uv.mx\/prensa\/wp-json\/wp\/v2\/types\/post"}],"author":[{"embeddable":true,"href":"https:\/\/www.uv.mx\/prensa\/wp-json\/wp\/v2\/users\/1869"}],"replies":[{"embeddable":true,"href":"https:\/\/www.uv.mx\/prensa\/wp-json\/wp\/v2\/comments?post=103528"}],"version-history":[{"count":1,"href":"https:\/\/www.uv.mx\/prensa\/wp-json\/wp\/v2\/posts\/103528\/revisions"}],"predecessor-version":[{"id":103704,"href":"https:\/\/www.uv.mx\/prensa\/wp-json\/wp\/v2\/posts\/103528\/revisions\/103704"}],"wp:featuredmedia":[{"embeddable":true,"href":"https:\/\/www.uv.mx\/prensa\/wp-json\/wp\/v2\/media\/103530"}],"wp:attachment":[{"href":"https:\/\/www.uv.mx\/prensa\/wp-json\/wp\/v2\/media?parent=103528"}],"wp:term":[{"taxonomy":"category","embeddable":true,"href":"https:\/\/www.uv.mx\/prensa\/wp-json\/wp\/v2\/categories?post=103528"},{"taxonomy":"post_tag","embeddable":true,"href":"https:\/\/www.uv.mx\/prensa\/wp-json\/wp\/v2\/tags?post=103528"}],"curies":[{"name":"wp","href":"https:\/\/api.w.org\/{rel}","templated":true}]}}