{"id":103550,"date":"2021-10-22T19:57:19","date_gmt":"2021-10-23T00:57:19","guid":{"rendered":"https:\/\/www.uv.mx\/prensa\/?p=103550"},"modified":"2021-10-26T10:42:37","modified_gmt":"2021-10-26T15:42:37","slug":"investigadora-uv-diserto-sobre-los-medios-de-comunicacion","status":"publish","type":"post","link":"https:\/\/www.uv.mx\/prensa\/regiones\/investigadora-uv-diserto-sobre-los-medios-de-comunicacion\/","title":{"rendered":"Investigadora UV disert\u00f3 sobre\u00a0los\u00a0medios de comunicaci\u00f3n\u00a0"},"content":{"rendered":"<ul>\n<li data-leveltext=\"\uf0b7\" data-font=\"Symbol\" data-listid=\"1\" data-aria-posinset=\"1\" data-aria-level=\"1\"><i><span data-contrast=\"auto\">Cada medio representa a un grupo social y ofrece diferentes maneras de ver e interpretar la realidad, destac\u00f3 Patricia Andrade del Cid<\/span><\/i><span data-ccp-props=\"{&quot;134233279&quot;:true,&quot;201341983&quot;:0,&quot;335559739&quot;:160,&quot;335559740&quot;:240}\">\u00a0<\/span><\/li>\n<\/ul>\n<p><span data-ccp-props=\"{&quot;201341983&quot;:0,&quot;335559739&quot;:160,&quot;335559740&quot;:240}\">\u00a0<\/span><\/p>\n<div id=\"attachment_103551\" style=\"width: 732px\" class=\"wp-caption aligncenter\"><img aria-describedby=\"caption-attachment-103551\" decoding=\"async\" loading=\"lazy\" class=\"size-full wp-image-103551\" src=\"https:\/\/www.uv.mx\/prensa\/files\/2021\/10\/22102021-CECILIA-webinario1.jpg\" alt=\"\" width=\"722\" height=\"408\" srcset=\"https:\/\/www.uv.mx\/prensa\/files\/2021\/10\/22102021-CECILIA-webinario1.jpg 722w, https:\/\/www.uv.mx\/prensa\/files\/2021\/10\/22102021-CECILIA-webinario1-300x170.jpg 300w\" sizes=\"(max-width: 722px) 100vw, 722px\" \/><p id=\"caption-attachment-103551\" class=\"wp-caption-text\">Javier\u00a0Ram\u00edrez,\u00a0director de la USBI,\u00a0y\u00a0Patricia\u00a0Andrade,\u00a0coordinadora del Observatorio Veracruzano de Medios<\/p><\/div>\n<p><span data-ccp-props=\"{&quot;201341983&quot;:0,&quot;335559739&quot;:160,&quot;335559740&quot;:240}\">\u00a0<\/span><\/p>\n<p><b><i><span data-contrast=\"auto\">Cecilia Escribano\u00a0Reyes<\/span><\/i><\/b><span data-ccp-props=\"{&quot;201341983&quot;:0,&quot;335559739&quot;:160,&quot;335559740&quot;:240}\">\u00a0<\/span><\/p>\n<p><b><i><span data-contrast=\"auto\">22\/10\/2021, Coatzacoalcos,\u00a0Ver.-\u00a0<\/span><\/i><\/b><span data-contrast=\"auto\">La\u00a0Unidad de\u00a0Servicios\u00a0Bibliotecarios y de\u00a0Informaci\u00f3n\u00a0(USBI)\u00a0de la\u00a0Universidad Veracruzana (UV),\u00a0<a href=\"https:\/\/www.uv.mx\/coatza\/\" target=\"_blank\" rel=\"noopener\">regi\u00f3n Coatzacoalcos-Minatitl\u00e1n<\/a>,\u00a0realiz\u00f3\u00a0el\u00a0webinario\u00a0tem\u00e1tico\u00a0\u201cLa ciudadan\u00eda en los medios, pol\u00edtica y elecciones en M\u00e9xico\u201d, el 20 de octubre\u00a0a trav\u00e9s\u00a0de\u00a0<\/span><i><span data-contrast=\"auto\">Zoom-UV<\/span><\/i><span data-contrast=\"auto\">, a cargo de Patricia Andrade del Cid, investigadora y coordinadora del Observatorio Veracruzano de Medios de esta casa de estudios.<\/span><span data-ccp-props=\"{&quot;201341983&quot;:0,&quot;335559739&quot;:160,&quot;335559740&quot;:240}\">\u00a0<\/span><\/p>\n<p><span data-contrast=\"auto\">Previo a la disertaci\u00f3n,\u00a0Javier Ram\u00edrez Carrillo, director de la USBI,\u00a0habl\u00f3 del compromiso de la Universidad\u00a0por\u00a0seguir\u00a0propiciando espacios de aprendizaje colectivos\u00a0y pertinentes.<\/span><span data-ccp-props=\"{&quot;201341983&quot;:0,&quot;335559731&quot;:720,&quot;335559739&quot;:160,&quot;335559740&quot;:240}\">\u00a0<\/span><\/p>\n<p><span data-contrast=\"auto\">Entrada en materia,\u00a0Patricia Andrade\u00a0relat\u00f3 que\u00a0el Observatorio Veracruzano\u00a0de Medios de la UV\u00a0surgi\u00f3 en febrero de 2012 como un proyecto institucional para generar estudios cuantitativos y cualitativos de an\u00e1lisis de medios\u00a0de comunicaci\u00f3n, a fin de\u00a0reflexionar sobre el papel\u00a0de los medios veracruzanos en los temas que inciden en las distintas pol\u00edticas p\u00fablicas.<\/span><span data-ccp-props=\"{&quot;201341983&quot;:0,&quot;335559731&quot;:720,&quot;335559739&quot;:160,&quot;335559740&quot;:240}\">\u00a0<\/span><\/p>\n<p><span data-contrast=\"auto\">El objetivo principal es producir estudios rigurosos y cient\u00edficos\u00a0que contribuyan a reflexionar el papel de los medios en la sociedad,\u00a0sea prensa impresa, digital y\u00a0<\/span><i><span data-contrast=\"auto\">Twitter<\/span><\/i><span data-contrast=\"auto\">.<\/span><span data-ccp-props=\"{&quot;201341983&quot;:0,&quot;335559731&quot;:720,&quot;335559739&quot;:160,&quot;335559740&quot;:240}\">\u00a0<\/span><\/p>\n<p><span data-contrast=\"auto\">Para la ocasi\u00f3n, la investigadora present\u00f3\u00a0el an\u00e1lisis de\u00a0peri\u00f3dicos de gran circulaci\u00f3n,\u00a0y habl\u00f3\u00a0del impacto del discurso sensacionalista.<\/span><span data-ccp-props=\"{&quot;201341983&quot;:0,&quot;335559731&quot;:720,&quot;335559739&quot;:160,&quot;335559740&quot;:240}\">\u00a0<\/span><\/p>\n<p><span data-contrast=\"auto\">Abord\u00f3, adem\u00e1s,\u00a0la transformaci\u00f3n de\u00a0audiencias pasivas (consumidores)\u00a0a\u00a0prosumidores,\u00a0\u201cdonde\u00a0creamos\u00a0nuestras propias interpretaciones\u00a0de informaci\u00f3n\u201d.\u00a0<\/span><span data-ccp-props=\"{&quot;201341983&quot;:0,&quot;335559731&quot;:720,&quot;335559739&quot;:160,&quot;335559740&quot;:240}\">\u00a0<\/span><\/p>\n<p><span data-contrast=\"auto\">Tambi\u00e9n\u00a0reflexion\u00f3 sobre\u00a0las reproducciones de las formas de ver la realidad, donde un medio determina pautas de comportamiento,\u00a0y\u00a0enfatiz\u00f3 que al final los medios son empresas privadas que buscan apoyo financiero y es donde empiezan a transmitir distintas formas de ver la realidad, pero cada ciudadano se va adaptando\u00a0y decidiendo.<\/span><span data-ccp-props=\"{&quot;201341983&quot;:0,&quot;335559731&quot;:720,&quot;335559739&quot;:160,&quot;335559740&quot;:240}\">\u00a0<\/span><\/p>\n<p><span data-contrast=\"auto\">\u201cEs necesario reconocer que cada medio representa un grupo social\u00a0y no por eso hay que denostarlo\u00a0a trav\u00e9s de se\u00f1alamientos, son diferentes maneras de ver e interpretar la realidad.\u201d<\/span><span data-ccp-props=\"{&quot;201341983&quot;:0,&quot;335559731&quot;:720,&quot;335559739&quot;:160,&quot;335559740&quot;:240}\">\u00a0<\/span><\/p>\n","protected":false},"excerpt":{"rendered":"<p>Patricia Andrade\u00a0dijo\u00a0que los medios son empresas privadas que buscan apoyo financiero y es donde empiezan a transmitir distintas formas de ver la realidad, pero cada ciudadano se va adaptando y decidiendo\u00a0<\/p>\n","protected":false},"author":1869,"featured_media":103551,"comment_status":"closed","ping_status":"closed","sticky":false,"template":"","format":"standard","meta":[],"categories":[52,32],"tags":[],"_links":{"self":[{"href":"https:\/\/www.uv.mx\/prensa\/wp-json\/wp\/v2\/posts\/103550"}],"collection":[{"href":"https:\/\/www.uv.mx\/prensa\/wp-json\/wp\/v2\/posts"}],"about":[{"href":"https:\/\/www.uv.mx\/prensa\/wp-json\/wp\/v2\/types\/post"}],"author":[{"embeddable":true,"href":"https:\/\/www.uv.mx\/prensa\/wp-json\/wp\/v2\/users\/1869"}],"replies":[{"embeddable":true,"href":"https:\/\/www.uv.mx\/prensa\/wp-json\/wp\/v2\/comments?post=103550"}],"version-history":[{"count":1,"href":"https:\/\/www.uv.mx\/prensa\/wp-json\/wp\/v2\/posts\/103550\/revisions"}],"predecessor-version":[{"id":103709,"href":"https:\/\/www.uv.mx\/prensa\/wp-json\/wp\/v2\/posts\/103550\/revisions\/103709"}],"wp:featuredmedia":[{"embeddable":true,"href":"https:\/\/www.uv.mx\/prensa\/wp-json\/wp\/v2\/media\/103551"}],"wp:attachment":[{"href":"https:\/\/www.uv.mx\/prensa\/wp-json\/wp\/v2\/media?parent=103550"}],"wp:term":[{"taxonomy":"category","embeddable":true,"href":"https:\/\/www.uv.mx\/prensa\/wp-json\/wp\/v2\/categories?post=103550"},{"taxonomy":"post_tag","embeddable":true,"href":"https:\/\/www.uv.mx\/prensa\/wp-json\/wp\/v2\/tags?post=103550"}],"curies":[{"name":"wp","href":"https:\/\/api.w.org\/{rel}","templated":true}]}}