{"id":103560,"date":"2021-10-25T07:11:03","date_gmt":"2021-10-25T12:11:03","guid":{"rendered":"https:\/\/www.uv.mx\/prensa\/?p=103560"},"modified":"2021-10-25T14:18:13","modified_gmt":"2021-10-25T19:18:13","slug":"celebracion-de-difuntos-en-patzcuaro-vista-como-objeto-de-consumo","status":"publish","type":"post","link":"https:\/\/www.uv.mx\/prensa\/cultura\/celebracion-de-difuntos-en-patzcuaro-vista-como-objeto-de-consumo\/","title":{"rendered":"Celebraci\u00f3n de difuntos en P\u00e1tzcuaro,\u00a0vista como objeto de consumo\u00a0\u00a0"},"content":{"rendered":"<ul>\n<li data-leveltext=\"\uf0b7\" data-font=\"Symbol\" data-listid=\"5\" data-aria-posinset=\"1\" data-aria-level=\"1\"><i><span data-contrast=\"auto\">Miles de personas acuden a este\u00a0festejo\u00a0en busca de un folclor que no interiorizan de ninguna forma, expuso Guadalupe Mendoza<\/span><\/i><span data-ccp-props=\"{}\">\u00a0<\/span><\/li>\n<\/ul>\n<p><span data-ccp-props=\"{}\">\u00a0<\/span><\/p>\n<div id=\"attachment_103562\" style=\"width: 732px\" class=\"wp-caption aligncenter\"><img aria-describedby=\"caption-attachment-103562\" decoding=\"async\" loading=\"lazy\" class=\"size-full wp-image-103562\" src=\"https:\/\/www.uv.mx\/prensa\/files\/2021\/10\/221021-Patzcuaro-1.jpg\" alt=\"\" width=\"722\" height=\"406\" srcset=\"https:\/\/www.uv.mx\/prensa\/files\/2021\/10\/221021-Patzcuaro-1.jpg 722w, https:\/\/www.uv.mx\/prensa\/files\/2021\/10\/221021-Patzcuaro-1-300x169.jpg 300w\" sizes=\"(max-width: 722px) 100vw, 722px\" \/><p id=\"caption-attachment-103562\" class=\"wp-caption-text\">Las festividades de los santos difuntos en P\u00e1tzcuaro poseen una cosmovisi\u00f3n prehisp\u00e1nica<\/p><\/div>\n<p><span data-ccp-props=\"{}\">\u00a0<\/span><\/p>\n<p><b><i><span data-contrast=\"auto\">Carlos Hugo Hermida Rosales<\/span><\/i><\/b><span data-ccp-props=\"{}\">\u00a0<\/span><\/p>\n<p><b><i><span data-contrast=\"auto\">25\/10\/2021,\u00a0Xalapa,\u00a0Ver.-\u00a0<\/span><\/i><\/b><span data-contrast=\"auto\">Guadalupe Mendoza Alcocer, investigadora del\u00a0Consejo Internacional de Monumentos y Sitios\u00a0de\u00a0la Organizaci\u00f3n de las Naciones Unidas para la Educaci\u00f3n, la Ciencia y la Cultura\u00a0(UNESCO),\u00a0plante\u00f3\u00a0que la celebraci\u00f3n de los santos difuntos en la regi\u00f3n\u00a0lacustre de P\u00e1tzcuaro se encuentra en riesgo, ya que desde hace varias d\u00e9cadas es vista como un objeto de consumo.\u00a0<\/span><span data-ccp-props=\"{}\">\u00a0<\/span><\/p>\n<p><span data-contrast=\"auto\">\u201cLa difusi\u00f3n de este evento de boca en boca y a trav\u00e9s de redes sociales\u00a0ha hecho que miles de personas acudan a estos festejos sin mostrar ning\u00fan tipo de respeto por\u00a0la\u00a0tradici\u00f3n\u201d, asegur\u00f3.<\/span><span data-ccp-props=\"{&quot;335559731&quot;:708}\">\u00a0<\/span><\/p>\n<p><span data-contrast=\"auto\">Guadalupe Mendoza imparti\u00f3 el 21 de octubre la conferencia virtual \u201cCelebraci\u00f3n del d\u00eda de los santos difuntos en la regi\u00f3n lacustre de P\u00e1tzcuaro,\u00a0Michoac\u00e1n\u201d, en el marco del ciclo de conferencias\u00a0\u201cUna mirada internacional del D\u00eda de Muertos. Patrimonio de la Humanidad\u201d,\u00a0organizado por el <a href=\"https:\/\/www.uv.mx\/ida\/\" target=\"_blank\" rel=\"noopener\">Instituto de Antropolog\u00eda<\/a> de la Universidad Veracruzana (UV).\u00a0<\/span><span data-ccp-props=\"{&quot;335559731&quot;:708}\">\u00a0<\/span><\/p>\n<p><span data-contrast=\"auto\">La investigadora explic\u00f3 que las festividades de los santos difuntos en P\u00e1tzcuaro poseen una cosmovisi\u00f3n prehisp\u00e1nica que data de dos siglos antes de la conquista espa\u00f1ola, lo que les ha permitido conservar parte de su integridad y autenticidad.\u00a0<\/span><span data-ccp-props=\"{&quot;335559731&quot;:708}\">\u00a0<\/span><\/p>\n<p><span data-contrast=\"auto\">Desde antes de la conquista el pueblo pur\u00e9pecha rend\u00eda culto a sus difuntos, ya que cre\u00edan que a mediados de oto\u00f1o sus ancestros vendr\u00edan a encontrarse con ellos, y por ello les preparaban una ofrenda con flores, cirios\u00a0y sus\u00a0alimentos preferidos.<\/span><span data-ccp-props=\"{&quot;335559731&quot;:708}\">\u00a0<\/span><\/p>\n<p>&nbsp;<\/p>\n<div id=\"attachment_103563\" style=\"width: 732px\" class=\"wp-caption aligncenter\"><img aria-describedby=\"caption-attachment-103563\" decoding=\"async\" loading=\"lazy\" class=\"size-full wp-image-103563\" src=\"https:\/\/www.uv.mx\/prensa\/files\/2021\/10\/221021-Patzcuaro-2.jpg\" alt=\"\" width=\"722\" height=\"406\" srcset=\"https:\/\/www.uv.mx\/prensa\/files\/2021\/10\/221021-Patzcuaro-2.jpg 722w, https:\/\/www.uv.mx\/prensa\/files\/2021\/10\/221021-Patzcuaro-2-300x169.jpg 300w\" sizes=\"(max-width: 722px) 100vw, 722px\" \/><p id=\"caption-attachment-103563\" class=\"wp-caption-text\">Las tumbas son adornadas con arcos y cruces elaboradas con flor de cempas\u00fachil<\/p><\/div>\n<p>&nbsp;<\/p>\n<p><span data-contrast=\"auto\">Muchos de estos alimentos proven\u00edan del lago de P\u00e1tzcuaro, debido a que en la zona siempre ha\u00a0habido\u00a0pueblos de pescadores.\u00a0<\/span><span data-ccp-props=\"{&quot;335559731&quot;:708}\">\u00a0<\/span><\/p>\n<p><span data-contrast=\"auto\">Guadalupe Mendoza\u00a0comparti\u00f3 que los habitantes de la regi\u00f3n\u00a0lacustre de P\u00e1tzcuaro acostumbran pasar la noche alrededor de las tumbas de sus familiares, para esperar el momento en que seg\u00fan sus creencias bajan a convivir con ellos.\u00a0<\/span><span data-ccp-props=\"{&quot;335559731&quot;:708}\">\u00a0<\/span><\/p>\n<p><span data-contrast=\"auto\">Relat\u00f3\u00a0que,\u00a0aunque en las casas\u00a0ponen\u00a0altares dedicados a\u00a0sus\u00a0 muertos,\u00a0las principales ofrendas las montan en el cementerio\u00a0y en ellas colocan las viandas que en vida le gustaba consumir al difunto, adem\u00e1s de arcos y cruces elaboradas con flor de cempas\u00fachil.\u00a0<\/span><span data-ccp-props=\"{&quot;335559731&quot;:708}\">\u00a0<\/span><\/p>\n<p><span data-contrast=\"auto\">\u00a0<\/span> <span data-contrast=\"auto\">Gracias a su autenticidad esta tradici\u00f3n fue catalogada\u00a0Patrimonio\u202fCultural Inmaterial de la Humanidad\u00a0por la\u00a0UNESCO.<\/span><span data-ccp-props=\"{}\">\u00a0<\/span><\/p>\n<p><span data-contrast=\"auto\">La investigadora coment\u00f3 que\u00a0muchos de los turistas que visitan la regi\u00f3n lacustre de P\u00e1tzcuaro durante la celebraci\u00f3n de los santos difuntos ignoran que lo que all\u00ed ocurre\u00a0y que\u00a0tiene sus ra\u00edces en una cultura ind\u00edgena que ha pasado de generaci\u00f3n en generaci\u00f3n, y lo confunden con eventos comerciales como el Festival Cervantino en Guanajuato o la Pamplonada de San Miguel de Allende.\u00a0<\/span><span data-ccp-props=\"{&quot;335559731&quot;:708}\">\u00a0<\/span><\/p>\n<p><span data-contrast=\"auto\">Esta situaci\u00f3n pone el riesgo la\u00a0celebraci\u00f3n,\u00a0ya que miles de personas abarrotan espacios reducidos en busca de un folclor que no interiorizan de ninguna forma.<\/span><span data-ccp-props=\"{&quot;335559731&quot;:708}\">\u00a0<\/span><\/p>\n<p><span data-contrast=\"auto\">No obstante, a\u00fan existen lugares como la isla\u00a0de\u00a0Pacanda\u00a0que se encuentran libres de turistas, en\u00a0donde\u00a0en la madrugada todos los pobladores acuden al cementerio a esperar a sus\u00a0muertos.<\/span><span data-ccp-props=\"{&quot;335559731&quot;:708}\">\u00a0<\/span><\/p>\n<p><span data-contrast=\"auto\">\u201cEn estos sitios el ritual de encuentro con los difuntos es una realidad,\u00a0y una vivencia profunda que involucra de una forma autentica a los pobladores que participan en ella\u201d, concluy\u00f3.\u00a0<\/span><span data-ccp-props=\"{&quot;335559731&quot;:708}\">\u00a0<\/span><\/p>\n<p><span data-ccp-props=\"{}\">\u00a0<\/span><\/p>\n<div id=\"attachment_103561\" style=\"width: 732px\" class=\"wp-caption aligncenter\"><img aria-describedby=\"caption-attachment-103561\" decoding=\"async\" loading=\"lazy\" class=\"size-full wp-image-103561\" src=\"https:\/\/www.uv.mx\/prensa\/files\/2021\/10\/221021-Patzcuaro-3.jpg\" alt=\"\" width=\"722\" height=\"406\" srcset=\"https:\/\/www.uv.mx\/prensa\/files\/2021\/10\/221021-Patzcuaro-3.jpg 722w, https:\/\/www.uv.mx\/prensa\/files\/2021\/10\/221021-Patzcuaro-3-300x169.jpg 300w\" sizes=\"(max-width: 722px) 100vw, 722px\" \/><p id=\"caption-attachment-103561\" class=\"wp-caption-text\">Guadalupe Mendoza Alcocer<\/p><\/div>\n","protected":false},"excerpt":{"rendered":"<p>Dicha celebraci\u00f3n posee una cosmovisi\u00f3n prehisp\u00e1nica que data de dos siglos antes de la conquista espa\u00f1ola, lo que ha permitido conservar parte de su integridad y autenticidad\u00a0<\/p>\n","protected":false},"author":1869,"featured_media":103562,"comment_status":"closed","ping_status":"closed","sticky":false,"template":"","format":"standard","meta":[],"categories":[11],"tags":[],"_links":{"self":[{"href":"https:\/\/www.uv.mx\/prensa\/wp-json\/wp\/v2\/posts\/103560"}],"collection":[{"href":"https:\/\/www.uv.mx\/prensa\/wp-json\/wp\/v2\/posts"}],"about":[{"href":"https:\/\/www.uv.mx\/prensa\/wp-json\/wp\/v2\/types\/post"}],"author":[{"embeddable":true,"href":"https:\/\/www.uv.mx\/prensa\/wp-json\/wp\/v2\/users\/1869"}],"replies":[{"embeddable":true,"href":"https:\/\/www.uv.mx\/prensa\/wp-json\/wp\/v2\/comments?post=103560"}],"version-history":[{"count":1,"href":"https:\/\/www.uv.mx\/prensa\/wp-json\/wp\/v2\/posts\/103560\/revisions"}],"predecessor-version":[{"id":103599,"href":"https:\/\/www.uv.mx\/prensa\/wp-json\/wp\/v2\/posts\/103560\/revisions\/103599"}],"wp:featuredmedia":[{"embeddable":true,"href":"https:\/\/www.uv.mx\/prensa\/wp-json\/wp\/v2\/media\/103562"}],"wp:attachment":[{"href":"https:\/\/www.uv.mx\/prensa\/wp-json\/wp\/v2\/media?parent=103560"}],"wp:term":[{"taxonomy":"category","embeddable":true,"href":"https:\/\/www.uv.mx\/prensa\/wp-json\/wp\/v2\/categories?post=103560"},{"taxonomy":"post_tag","embeddable":true,"href":"https:\/\/www.uv.mx\/prensa\/wp-json\/wp\/v2\/tags?post=103560"}],"curies":[{"name":"wp","href":"https:\/\/api.w.org\/{rel}","templated":true}]}}