{"id":103605,"date":"2021-10-25T14:47:31","date_gmt":"2021-10-25T19:47:31","guid":{"rendered":"https:\/\/www.uv.mx\/prensa\/?p=103605"},"modified":"2021-10-26T10:05:15","modified_gmt":"2021-10-26T15:05:15","slug":"el-arte-nos-recuerda-nuestra-humanidad-estudiantes","status":"publish","type":"post","link":"https:\/\/www.uv.mx\/prensa\/cultura\/el-arte-nos-recuerda-nuestra-humanidad-estudiantes\/","title":{"rendered":"El arte nos recuerda\u00a0nuestra humanidad: estudiantes\u00a0"},"content":{"rendered":"<p>&nbsp;<\/p>\n<ul>\n<li data-leveltext=\"\uf0b7\" data-font=\"Symbol\" data-listid=\"1\" data-aria-posinset=\"1\" data-aria-level=\"1\"><i><span data-contrast=\"auto\">Autoridades universitarias clausuraron el\u00a0Coloquio Internacional de Artes \u201cDi\u00e1logos de investigaci\u00f3n interdisciplinar\u201d<\/span><\/i><span data-ccp-props=\"{&quot;134233279&quot;:true}\">\u00a0<\/span><\/li>\n<li data-leveltext=\"\uf0b7\" data-font=\"Symbol\" data-listid=\"1\" data-aria-posinset=\"2\" data-aria-level=\"1\"><i><span data-contrast=\"auto\">\u201cNos permiti\u00f3 hablar del arte desde diferentes perspectivas y disciplinas, que es uno de los objetivos del coloquio\u201d: Al\u00e1n Hern\u00e1ndez<\/span><\/i><span data-ccp-props=\"{&quot;134233279&quot;:true}\">\u00a0<\/span><\/li>\n<li data-leveltext=\"\uf0b7\" data-font=\"Symbol\" data-listid=\"1\" data-aria-posinset=\"3\" data-aria-level=\"1\"><i><span data-contrast=\"auto\">\u201cMe voy feliz e inspirada con una maleta llena de aprendizajes y nuevas perspectivas\u201d: Tania Mart\u00ednez<\/span><\/i><span data-ccp-props=\"{&quot;134233279&quot;:true}\">\u00a0<\/span><\/li>\n<li data-leveltext=\"\uf0b7\" data-font=\"Symbol\" data-listid=\"1\" data-aria-posinset=\"3\" data-aria-level=\"1\"><i><span data-contrast=\"auto\">\u201cEste coloquio enriqueci\u00f3 a todos los asistentes al mostrarse las diferentes\u00a0formas\u00a0de pensar sobre el arte y la ciencia\u201d:\u00a0Vanessa Hoyos<\/span><\/i><span data-ccp-props=\"{&quot;134233279&quot;:true}\">\u00a0<\/span><\/li>\n<\/ul>\n<p><span data-ccp-props=\"{}\">\u00a0<\/span><\/p>\n<div id=\"attachment_103606\" style=\"width: 732px\" class=\"wp-caption aligncenter\"><img aria-describedby=\"caption-attachment-103606\" decoding=\"async\" loading=\"lazy\" class=\"size-full wp-image-103606\" src=\"https:\/\/www.uv.mx\/prensa\/files\/2021\/10\/251021-PAOLA-Clausura-Coloquio-Artes-1.jpg\" alt=\"\" width=\"722\" height=\"407\" srcset=\"https:\/\/www.uv.mx\/prensa\/files\/2021\/10\/251021-PAOLA-Clausura-Coloquio-Artes-1.jpg 722w, https:\/\/www.uv.mx\/prensa\/files\/2021\/10\/251021-PAOLA-Clausura-Coloquio-Artes-1-300x169.jpg 300w\" sizes=\"(max-width: 722px) 100vw, 722px\" \/><p id=\"caption-attachment-103606\" class=\"wp-caption-text\">Estudiantes se llevan experiencias, aprendizajes y metodolog\u00edas sobre la relaci\u00f3n ciencia-arte<\/p><\/div>\n<p><span data-ccp-props=\"{}\">\u00a0<\/span><\/p>\n<p><b><i><span data-contrast=\"auto\">Paola Cort\u00e9s P\u00e9rez<\/span><\/i><\/b><span data-ccp-props=\"{}\">\u00a0<\/span><\/p>\n<p><b><i><span data-contrast=\"auto\">25\/10\/2021, Xalapa,\u00a0Ver.-<\/span><\/i><\/b><span data-contrast=\"auto\">\u00a0Integrantes de la comunidad estudiantil que participaron\u00a0en el 3er Coloquio Internacional de Artes \u201cDi\u00e1logos de investigaci\u00f3n interdisciplinar\u201d\u00a0coincidieron en que\u00a0fue un espacio\u00a0donde\u00a0escucharon\u00a0diversas perspectivas sobre el arte y su relaci\u00f3n con la ciencia,\u00a0logr\u00e1ndose\u00a0con ello\u00a0un importante enriquecimiento de aprendizajes que repercutir\u00e1n directamente en su formaci\u00f3n,\u00a0expresaron durante la clausura del evento acad\u00e9mico.<\/span><span data-ccp-props=\"{}\">\u00a0<\/span><\/p>\n<p><span data-contrast=\"auto\">La\u00a0ceremonia, transmitida en vivo a trav\u00e9s de\u00a0<\/span><i><span data-contrast=\"auto\">Facebook Live<\/span><\/i><span data-contrast=\"auto\">,\u00a0fue encabezada por\u00a0Alfonso Gerardo P\u00e9rez Morales,\u00a0vicerrector de la <a href=\"https:\/\/www.uv.mx\/veracruz\/\" target=\"_blank\" rel=\"noopener\">regi\u00f3n Veracruz<\/a>;\u00a0Claudia Jurado Grisales, decana de la Facultad de Artes y Humanidades de la\u00a0Universidad de Caldas, Colombia;\u00a0Isabel Jim\u00e9nez Loya\u00a0y\u00a0Julia Mena\u00a0Riezco,\u00a0coordinadoras\u00a0de las licenciaturas\u00a0en Fotograf\u00eda\u00a0y\u00a0en Ense\u00f1anza de las Artes, ambas de la UV.<\/span><span data-ccp-props=\"{&quot;335559731&quot;:708}\">\u00a0<\/span><\/p>\n<p><span data-contrast=\"auto\">Las autoridades universitarias agradecieron a\u00a0las y los\u00a0ponentes y asistentes que\u00a0atendieron el evento\u00a0acad\u00e9mico\u00a0a lo largo de tres d\u00edas\u00a0y\u00a0que por primera ocasi\u00f3n\u00a0se realiz\u00f3 de forma\u00a0conjunta por\u00a0la UV y la Universidad de Caldas.<\/span><span data-ccp-props=\"{&quot;335559731&quot;:708}\">\u00a0<\/span><\/p>\n<p><span data-contrast=\"auto\">\u201cFue una experiencia demandante y agotadora, pero necesaria para nuestra mente en estado de absorci\u00f3n; me voy feliz e inspirada con una maleta llena de aprendizajes, experiencias, metodolog\u00edas y nuevas perspectivas\u201d, expres\u00f3 Tania Vanessa Mart\u00ednez Garc\u00eda, estudiante de\u00a0la\u00a0Licenciatura en la Ense\u00f1anza de las Artes.<\/span><span data-ccp-props=\"{&quot;335559731&quot;:708}\">\u00a0<\/span><\/p>\n<p>&nbsp;<\/p>\n<div id=\"attachment_103607\" style=\"width: 732px\" class=\"wp-caption aligncenter\"><img aria-describedby=\"caption-attachment-103607\" decoding=\"async\" loading=\"lazy\" class=\"size-full wp-image-103607\" src=\"https:\/\/www.uv.mx\/prensa\/files\/2021\/10\/251021-PAOLA-Clausura-Coloquio-Artes-2.jpg\" alt=\"\" width=\"722\" height=\"408\" srcset=\"https:\/\/www.uv.mx\/prensa\/files\/2021\/10\/251021-PAOLA-Clausura-Coloquio-Artes-2.jpg 722w, https:\/\/www.uv.mx\/prensa\/files\/2021\/10\/251021-PAOLA-Clausura-Coloquio-Artes-2-300x170.jpg 300w\" sizes=\"(max-width: 722px) 100vw, 722px\" \/><p id=\"caption-attachment-103607\" class=\"wp-caption-text\">Alfonso P\u00e9rez, vicerrector de la regi\u00f3n Veracruz, clausur\u00f3 el coloquio<\/p><\/div>\n<p>&nbsp;<\/p>\n<p><span data-contrast=\"auto\">En tanto, Itzel Le\u00f3n L\u00f3pez, alumna de la Licenciatura en Fotograf\u00eda, dijo que se va satisfecha de escuchar los diferentes puntos de vista de especialistas, investigadores y artistas,\u00a0pues\u00a0le ayudaron a entender varios temas desde diferentes perspectivas.<\/span><span data-ccp-props=\"{&quot;335559731&quot;:708}\">\u00a0<\/span><\/p>\n<p><span data-contrast=\"auto\">Alan Enrique Hern\u00e1ndez, estudiante de\u00a0la\u00a0Licenciatura de Medicina, coment\u00f3 que asistir al coloquio le aport\u00f3 una perspectiva diferente sobre la relaci\u00f3n ciencia-arte; fue una experiencia gratificante y significativa, al estar en contacto con el trabajo de diferentes personalidades.<\/span><span data-ccp-props=\"{&quot;335559731&quot;:708}\">\u00a0<\/span><\/p>\n<p><span data-contrast=\"auto\">\u201cTodos podemos disfrutar del arte sin importar de qu\u00e9 \u00e1rea o disciplina vengamos. Hay un poco de arte en todo lo que hacemos y nos recuerda que todos somos humanos.\u201d<\/span><span data-ccp-props=\"{&quot;335559731&quot;:708}\">\u00a0<\/span><\/p>\n<p>&nbsp;<\/p>\n<div id=\"attachment_103608\" style=\"width: 732px\" class=\"wp-caption aligncenter\"><img aria-describedby=\"caption-attachment-103608\" decoding=\"async\" loading=\"lazy\" class=\"size-full wp-image-103608\" src=\"https:\/\/www.uv.mx\/prensa\/files\/2021\/10\/251021-PAOLA-Clausura-Coloquio-Artes-3.jpg\" alt=\"\" width=\"722\" height=\"407\" srcset=\"https:\/\/www.uv.mx\/prensa\/files\/2021\/10\/251021-PAOLA-Clausura-Coloquio-Artes-3.jpg 722w, https:\/\/www.uv.mx\/prensa\/files\/2021\/10\/251021-PAOLA-Clausura-Coloquio-Artes-3-300x169.jpg 300w\" sizes=\"(max-width: 722px) 100vw, 722px\" \/><p id=\"caption-attachment-103608\" class=\"wp-caption-text\">Claudia Jurado, decana de la U. de Caldas, tambi\u00e9n estuvo presente en la clausura<\/p><\/div>\n<p>&nbsp;<\/p>\n<p><span data-contrast=\"auto\">En tanto, Vanessa Hoyos G\u00f3mez, estudiante de Artes Pl\u00e1sticas de la Universidad de Caldas, mencion\u00f3 que este coloquio enriqueci\u00f3 a todos los asistentes al mostrarse las diferentes de pensar sobre el arte y la ciencia, \u201ctenemos algo en com\u00fan y todos podemos expresarnos a trav\u00e9s del arte\u201d.<\/span><span data-ccp-props=\"{&quot;335559731&quot;:708}\">\u00a0<\/span><\/p>\n<p><span data-contrast=\"auto\">Por su parte,\u00a0Alfonso P\u00e9rez dijo que el coloquio fue un espacio enriquecedor y seguramente\u00a0le\u00a0da paso a muchas ediciones m\u00e1s para celebrar en los siguientes a\u00f1os.<\/span><span data-ccp-props=\"{&quot;335559731&quot;:708}\">\u00a0<\/span><\/p>\n<p><span data-contrast=\"auto\">Claudia Jurado mencion\u00f3 que\u00a0el coloquio fue una oportunidad inigualable para hablar de arte y ciencia \u2013que no es f\u00e1cil\u2013, pero todos\u00a0se reconocen en el arte porque todos somos humanos.<\/span><span data-ccp-props=\"{&quot;335559731&quot;:708}\">\u00a0<\/span><\/p>\n<p><span data-contrast=\"auto\">Por \u00faltimo, Julia Mena dijo que\u00a0el evento fue una grata experiencia\u00a0de\u00a0fusi\u00f3n de medicina y arte,\u00a0porque al final no est\u00e1n desvinculados, se aplica la inter y\u00a0multidisciplinariedad\u00a0al permitirse la combinaci\u00f3n de diferentes \u00e1reas del conocimiento para el desarrollo \u00f3ptimo de los seres humanos.<\/span><span data-ccp-props=\"{&quot;335559731&quot;:708}\">\u00a0<\/span><\/p>\n<p><span data-ccp-props=\"{}\">\u00a0<\/span><\/p>\n<div id=\"attachment_103609\" style=\"width: 732px\" class=\"wp-caption aligncenter\"><img aria-describedby=\"caption-attachment-103609\" decoding=\"async\" loading=\"lazy\" class=\"size-full wp-image-103609\" src=\"https:\/\/www.uv.mx\/prensa\/files\/2021\/10\/251021-PAOLA-Clausura-Coloquio-Artes-4.jpg\" alt=\"\" width=\"722\" height=\"461\" srcset=\"https:\/\/www.uv.mx\/prensa\/files\/2021\/10\/251021-PAOLA-Clausura-Coloquio-Artes-4.jpg 722w, https:\/\/www.uv.mx\/prensa\/files\/2021\/10\/251021-PAOLA-Clausura-Coloquio-Artes-4-300x192.jpg 300w\" sizes=\"(max-width: 722px) 100vw, 722px\" \/><p id=\"caption-attachment-103609\" class=\"wp-caption-text\">Autoridades universitarias agradecieron la participaci\u00f3n de investigadores, especialistas, estudiantes y artistas<\/p><\/div>\n","protected":false},"excerpt":{"rendered":"<p>Participaron en el 3er Coloquio Internacional de Artes \u201cDi\u00e1logos de investigaci\u00f3n interdisciplinar\u201d, realizado conjuntamente\u00a0por la UV y la Universidad de Caldas.\u00a0<\/p>\n","protected":false},"author":1869,"featured_media":103606,"comment_status":"closed","ping_status":"closed","sticky":false,"template":"","format":"standard","meta":[],"categories":[11],"tags":[],"_links":{"self":[{"href":"https:\/\/www.uv.mx\/prensa\/wp-json\/wp\/v2\/posts\/103605"}],"collection":[{"href":"https:\/\/www.uv.mx\/prensa\/wp-json\/wp\/v2\/posts"}],"about":[{"href":"https:\/\/www.uv.mx\/prensa\/wp-json\/wp\/v2\/types\/post"}],"author":[{"embeddable":true,"href":"https:\/\/www.uv.mx\/prensa\/wp-json\/wp\/v2\/users\/1869"}],"replies":[{"embeddable":true,"href":"https:\/\/www.uv.mx\/prensa\/wp-json\/wp\/v2\/comments?post=103605"}],"version-history":[{"count":1,"href":"https:\/\/www.uv.mx\/prensa\/wp-json\/wp\/v2\/posts\/103605\/revisions"}],"predecessor-version":[{"id":103686,"href":"https:\/\/www.uv.mx\/prensa\/wp-json\/wp\/v2\/posts\/103605\/revisions\/103686"}],"wp:featuredmedia":[{"embeddable":true,"href":"https:\/\/www.uv.mx\/prensa\/wp-json\/wp\/v2\/media\/103606"}],"wp:attachment":[{"href":"https:\/\/www.uv.mx\/prensa\/wp-json\/wp\/v2\/media?parent=103605"}],"wp:term":[{"taxonomy":"category","embeddable":true,"href":"https:\/\/www.uv.mx\/prensa\/wp-json\/wp\/v2\/categories?post=103605"},{"taxonomy":"post_tag","embeddable":true,"href":"https:\/\/www.uv.mx\/prensa\/wp-json\/wp\/v2\/tags?post=103605"}],"curies":[{"name":"wp","href":"https:\/\/api.w.org\/{rel}","templated":true}]}}