{"id":104130,"date":"2021-10-30T08:00:42","date_gmt":"2021-10-30T13:00:42","guid":{"rendered":"https:\/\/www.uv.mx\/prensa\/?p=104130"},"modified":"2021-10-29T13:14:53","modified_gmt":"2021-10-29T18:14:53","slug":"radio-uv-estrena-voces-de-la-pandemia","status":"publish","type":"post","link":"https:\/\/www.uv.mx\/prensa\/banner\/radio-uv-estrena-voces-de-la-pandemia\/","title":{"rendered":"Radio UV estrena\u00a0<em>Voces de la pandemia<\/em>\u00a0"},"content":{"rendered":"<ul>\n<li data-leveltext=\"\uf0b7\" data-font=\"Symbol\" data-listid=\"1\" data-aria-posinset=\"1\" data-aria-level=\"1\"><i><span data-contrast=\"auto\">La serie cuenta con el apoyo de la Fundaci\u00f3n Thomson Reuters y el Instituto Sabin<\/span><\/i><span data-ccp-props=\"{&quot;134233279&quot;:true}\">\u00a0<\/span><\/li>\n<li data-leveltext=\"\uf0b7\" data-font=\"Symbol\" data-listid=\"1\" data-aria-posinset=\"2\" data-aria-level=\"1\"><i><span data-contrast=\"auto\">Se transmite a partir del lunes\u00a01 de noviembre, a las\u00a08:15 y 15:30 horas, en el 90.5 de FM\u00a0y bajo demanda en la cuenta de\u00a0<\/span><\/i><span data-contrast=\"auto\">Spotify<\/span><i><span data-contrast=\"auto\">\u00a0de Radio UV<\/span><\/i><span data-ccp-props=\"{&quot;134233279&quot;:true}\">\u00a0<\/span><\/li>\n<\/ul>\n<p><span data-ccp-props=\"{}\">\u00a0<\/span><\/p>\n<div id=\"attachment_101117\" style=\"width: 491px\" class=\"wp-caption aligncenter\"><img aria-describedby=\"caption-attachment-101117\" decoding=\"async\" loading=\"lazy\" class=\"size-full wp-image-101117\" src=\"https:\/\/www.uv.mx\/prensa\/files\/2021\/08\/270821-Radio-UV-100k-e1630093175651.jpg\" alt=\"Las transmisiones se realizan en la frecuencia de 1300 kHz, con distintivo de llamada XECPAD\" width=\"481\" height=\"481\" \/><p id=\"caption-attachment-101117\" class=\"wp-caption-text\"><span data-contrast=\"auto\">La producci\u00f3n, a cargo de Brisa G\u00f3mez, consta de nueve c\u00e1psulas<\/span><\/p><\/div>\n<p><span data-ccp-props=\"{}\">\u00a0<\/span><\/p>\n<p><b><i><span data-contrast=\"auto\">30\/10\/2021,\u00a0Xalapa,\u00a0Ver.-<\/span><\/i><\/b><span data-contrast=\"auto\">\u00a0El Departamento de\u00a0Radio\u00a0de la\u00a0Universidad Veracruzana\u00a0(Radio UV)\u00a0produjo y transmitir\u00e1 una serie de c\u00e1psulas sobre las condiciones de vida de la poblaci\u00f3n en los 18 meses que la pandemia por\u00a0Covid-19 lleva estacionada en M\u00e9xico.<\/span><span data-ccp-props=\"{}\">\u00a0<\/span><\/p>\n<p><span data-contrast=\"auto\">La serie cuenta con el\u00a0apoyo de la Fundaci\u00f3n Thomson Reuters y el Instituto Sabin\u00a0y la productora de\u00a0la misma es\u00a0Brisa G\u00f3mez, quien postul\u00f3 y obtuvo\u00a0el apoyo de las instituciones en convocatoria p\u00fablica.<\/span><span data-ccp-props=\"{&quot;335559731&quot;:708}\">\u00a0<\/span><\/p>\n<p><span data-contrast=\"auto\">La\u00a0producci\u00f3n\u00a0consta de\u00a0nueve c\u00e1psulas que\u00a0compilan\u00a0las voces de personas expertas en materia de salud, comunicaci\u00f3n, turismo, migraci\u00f3n, educaci\u00f3n, as\u00ed como supervivientes, quienes compartir\u00e1n sus testimonios. La Fundaci\u00f3n Thomson Reuters acompa\u00f1a la realizaci\u00f3n con tutor\u00edas a cargo de In\u00e9s Guzm\u00e1n.<\/span><span data-ccp-props=\"{&quot;335559731&quot;:708}\">\u00a0<\/span><\/p>\n<p><span data-contrast=\"auto\">La transmisi\u00f3n de estas c\u00e1psulas se llevar\u00e1 a cabo a partir del\u00a0lunes\u00a0primero\u00a0de noviembre, a trav\u00e9s de la se\u00f1al de Radio UV, en el 90.5 de FM,\u00a0a las 8:15 y\u00a015:30 horas.\u00a0Adem\u00e1s\u00a0se publicar\u00e1n de manera simult\u00e1nea en la cuenta de\u00a0<\/span><i><span data-contrast=\"auto\">Spotify<\/span><\/i><span data-contrast=\"auto\">\u00a0de la estaci\u00f3n.<\/span><span data-ccp-props=\"{&quot;335559731&quot;:708}\">\u00a0<\/span><\/p>\n<p><span data-contrast=\"auto\">Entre las voces expertas que se escuchar\u00e1n en esta serie radiof\u00f3nica se encuentra personal acad\u00e9mico de la UV, quienes a trav\u00e9s del trabajo de investigaci\u00f3n que realizan y las\u00a0l\u00edneas que siguen en distintos observatorios dependientes de\u00a0esta\u00a0casa de\u00a0estudios, hablar\u00e1n de lo que ha ocurrido en los \u00faltimos 18 meses.<\/span><span data-ccp-props=\"{&quot;335559731&quot;:708}\">\u00a0<\/span><\/p>\n<p><span data-contrast=\"auto\">La convocatoria de postulaci\u00f3n para formar parte de este ejercicio concluy\u00f3 en agosto,\u00a0y\u00a0la\u00a0productora fue seleccionada para participar en el curso que se llev\u00f3 a cabo durante septiembre, impartido por las periodistas In\u00e9s Guzm\u00e1n y M\u00f3nica Vargas.<\/span><span data-ccp-props=\"{&quot;335559731&quot;:708}\">\u00a0<\/span><\/p>\n<p><span data-contrast=\"auto\">El producto final de dicho curso es la serie en la que se habla de lo que ha ocurrido en materia de turismo, salud mental, cambios en la forma de estudiar, la triple jornada virtual que enfrentan las mujeres, la inmunizaci\u00f3n de la poblaci\u00f3n, la\u00a0infodemia\u00a0y otros temas.<\/span><span data-ccp-props=\"{&quot;335559731&quot;:708}\">\u00a0<\/span><\/p>\n","protected":false},"excerpt":{"rendered":"<p>Se transmite a partir del 1 de noviembre, a las 8:15 y 15:30 horas, en el 90.5 de FM y bajo demanda en la cuenta de <em>Spotify<\/em>\u00a0de Radio UV\u00a0<\/p>\n","protected":false},"author":1869,"featured_media":101118,"comment_status":"closed","ping_status":"closed","sticky":false,"template":"","format":"standard","meta":[],"categories":[61],"tags":[],"_links":{"self":[{"href":"https:\/\/www.uv.mx\/prensa\/wp-json\/wp\/v2\/posts\/104130"}],"collection":[{"href":"https:\/\/www.uv.mx\/prensa\/wp-json\/wp\/v2\/posts"}],"about":[{"href":"https:\/\/www.uv.mx\/prensa\/wp-json\/wp\/v2\/types\/post"}],"author":[{"embeddable":true,"href":"https:\/\/www.uv.mx\/prensa\/wp-json\/wp\/v2\/users\/1869"}],"replies":[{"embeddable":true,"href":"https:\/\/www.uv.mx\/prensa\/wp-json\/wp\/v2\/comments?post=104130"}],"version-history":[{"count":1,"href":"https:\/\/www.uv.mx\/prensa\/wp-json\/wp\/v2\/posts\/104130\/revisions"}],"predecessor-version":[{"id":104131,"href":"https:\/\/www.uv.mx\/prensa\/wp-json\/wp\/v2\/posts\/104130\/revisions\/104131"}],"wp:featuredmedia":[{"embeddable":true,"href":"https:\/\/www.uv.mx\/prensa\/wp-json\/wp\/v2\/media\/101118"}],"wp:attachment":[{"href":"https:\/\/www.uv.mx\/prensa\/wp-json\/wp\/v2\/media?parent=104130"}],"wp:term":[{"taxonomy":"category","embeddable":true,"href":"https:\/\/www.uv.mx\/prensa\/wp-json\/wp\/v2\/categories?post=104130"},{"taxonomy":"post_tag","embeddable":true,"href":"https:\/\/www.uv.mx\/prensa\/wp-json\/wp\/v2\/tags?post=104130"}],"curies":[{"name":"wp","href":"https:\/\/api.w.org\/{rel}","templated":true}]}}