{"id":104177,"date":"2021-10-30T08:00:06","date_gmt":"2021-10-30T13:00:06","guid":{"rendered":"https:\/\/www.uv.mx\/prensa\/?p=104177"},"modified":"2021-10-29T17:47:29","modified_gmt":"2021-10-29T22:47:29","slug":"fernandez-panes-un-buen-guia-egresados","status":"publish","type":"post","link":"https:\/\/www.uv.mx\/prensa\/general\/fernandez-panes-un-buen-guia-egresados\/","title":{"rendered":"Fern\u00e1ndez Panes, un buen gu\u00eda: egresados"},"content":{"rendered":"<ul>\n<li data-leveltext=\"\uf0b7\" data-font=\"Symbol\" data-listid=\"1\" data-aria-posinset=\"1\" data-aria-level=\"1\"><i><span data-contrast=\"auto\">Egresados de la generaci\u00f3n 1993-1997 de la Licenciatura en Antropolog\u00eda Social\u00a0participaron en la mesa\u00a0\u201cMemorias y legado de Ernesto Gerardo Fern\u00e1ndez Panes\u201d<\/span><\/i><span data-ccp-props=\"{&quot;134233279&quot;:true}\">\u00a0<\/span><\/li>\n<\/ul>\n<p><span data-ccp-props=\"{}\">\u00a0<\/span><\/p>\n<div id=\"attachment_104178\" style=\"width: 732px\" class=\"wp-caption aligncenter\"><a href=\"https:\/\/www.uv.mx\/prensa\/?attachment_id=104178\" rel=\"attachment wp-att-104178\"><img aria-describedby=\"caption-attachment-104178\" decoding=\"async\" loading=\"lazy\" class=\"size-full wp-image-104178\" src=\"https:\/\/www.uv.mx\/prensa\/files\/2021\/10\/271021-Legado-de-Ernesto-Fernandez-100k.jpg\" alt=\"Egresados de la Facultad de Antropolog\u00eda recordaron legado y an\u00e9cdotas \" width=\"722\" height=\"406\" srcset=\"https:\/\/www.uv.mx\/prensa\/files\/2021\/10\/271021-Legado-de-Ernesto-Fernandez-100k.jpg 722w, https:\/\/www.uv.mx\/prensa\/files\/2021\/10\/271021-Legado-de-Ernesto-Fernandez-100k-300x169.jpg 300w\" sizes=\"(max-width: 722px) 100vw, 722px\" \/><\/a><p id=\"caption-attachment-104178\" class=\"wp-caption-text\">Egresados de la Facultad de Antropolog\u00eda recordaron legado y an\u00e9cdotas<\/p><\/div>\n<p>&nbsp;<\/p>\n<p><b><i><span data-contrast=\"auto\">Paola Cort\u00e9s P\u00e9rez<\/span><\/i><\/b><span data-ccp-props=\"{}\">\u00a0<\/span><\/p>\n<p><b><i><span data-contrast=\"auto\">30\/10\/2021, Xalapa,\u00a0Ver.-<\/span><\/i><\/b><span data-contrast=\"auto\">\u00a0El profesor Ernesto Gerardo Fern\u00e1ndez Panes\u00a0fue un buen gu\u00eda para muchas generaciones de la Facultad de Antropolog\u00eda y de quienes lo conocieron fuera del \u00e1mbito escolar, expresaron\u00a0integrantes\u00a0de la generaci\u00f3n 1993-1997 del programa educativo de Licenciatura en Antropolog\u00eda Social de la Universidad Veracruzana (UV).<\/span><span data-ccp-props=\"{}\">\u00a0<\/span><\/p>\n<p><span data-contrast=\"auto\">Los j\u00f3venes participaron en la mesa de di\u00e1logo \u201cMemorias y legado de Ernesto Gerardo Fern\u00e1ndez Panes\u201d, realizada en el marco del\u00a0XXVII Foro Anual de Docencia, Investigaci\u00f3n, Difusi\u00f3n, Extensi\u00f3n y Vinculaci\u00f3n \u201cLa antropolog\u00eda hoy\u201d, organizado por la Facultad de Antropolog\u00eda.<\/span><span data-ccp-props=\"{&quot;335559731&quot;:708}\">\u00a0<\/span><\/p>\n<p><span data-contrast=\"auto\">Julio C\u00e9sar Alfonso Ruiz\u00a0comparti\u00f3 que\u00a0\u201cel pensamiento revolucionario\u00a0del profesor hizo que impulsara ideas que a veces parec\u00edan descabelladas, las cuales dieron buenos o malos resultados. Es un ejemplo de resiliencia y de apoyo indistinto hacia sus estudiantes, poniendo en pr\u00e1ctica la academia al servicio de la comunidad y la sociedad, porque se trabaja para ella.\u201d<\/span><span data-ccp-props=\"{&quot;335559731&quot;:708}\">\u00a0<\/span><\/p>\n<p><span data-contrast=\"auto\">En tanto, Ninel Carre\u00f3n Garc\u00eda\u00a0expres\u00f3 que fue un maestro muy dadivoso dentro y fuera del aula; apasionado por su profesi\u00f3n,\u00a0ense\u00f1\u00f3 una visi\u00f3n cr\u00edtica del quehacer antropol\u00f3gico.<\/span><span data-ccp-props=\"{&quot;335559731&quot;:708}\">\u00a0<\/span><\/p>\n<p><span data-contrast=\"auto\">\u201cSiempre fue amable dispuesto a compartir conocimientos y experiencias; fue un maestro pilar de la Facultad, muchos seguimos sus pasos de alguna manera u otra, siempre preocupados por el devenir pol\u00edtico y social del pa\u00eds.\u201d<\/span><span data-ccp-props=\"{&quot;335559731&quot;:708}\">\u00a0<\/span><\/p>\n<p><span data-contrast=\"auto\">Mar\u00eda Antonieta Ramos Guzm\u00e1n\u00a0record\u00f3 que el profesor Fern\u00e1ndez Panes fue un apasionado de la lucha social y del activismo pol\u00edtico. \u201cFue un buen gu\u00eda para muchas generaciones de la Facultad y de quienes lo conocieron en otro \u00e1mbito\u201d.<\/span><span data-ccp-props=\"{&quot;335559731&quot;:708}\">\u00a0<\/span><\/p>\n<p><span data-contrast=\"auto\">Adelki\u00a0L\u00f3pez Ruiz expres\u00f3: \u201c\u00c9l siempre pens\u00f3 que todos los estudiantes ten\u00edamos talento, fue un enamorado de su profesi\u00f3n\u201d.<\/span><span data-ccp-props=\"{&quot;335559731&quot;:708}\">\u00a0<\/span><\/p>\n","protected":false},"excerpt":{"rendered":"<p>\u201cFue un maestro pilar de la Facultad, muchos seguimos sus pasos de alguna manera u otra, siempre preocupados por el devenir pol\u00edtico y social del pa\u00eds\u201d: Ninel Carre\u00f3n <\/p>\n","protected":false},"author":1775,"featured_media":104178,"comment_status":"closed","ping_status":"closed","sticky":false,"template":"","format":"standard","meta":[],"categories":[1],"tags":[4898,4588,3128,777,4164,1160],"_links":{"self":[{"href":"https:\/\/www.uv.mx\/prensa\/wp-json\/wp\/v2\/posts\/104177"}],"collection":[{"href":"https:\/\/www.uv.mx\/prensa\/wp-json\/wp\/v2\/posts"}],"about":[{"href":"https:\/\/www.uv.mx\/prensa\/wp-json\/wp\/v2\/types\/post"}],"author":[{"embeddable":true,"href":"https:\/\/www.uv.mx\/prensa\/wp-json\/wp\/v2\/users\/1775"}],"replies":[{"embeddable":true,"href":"https:\/\/www.uv.mx\/prensa\/wp-json\/wp\/v2\/comments?post=104177"}],"version-history":[{"count":1,"href":"https:\/\/www.uv.mx\/prensa\/wp-json\/wp\/v2\/posts\/104177\/revisions"}],"predecessor-version":[{"id":104179,"href":"https:\/\/www.uv.mx\/prensa\/wp-json\/wp\/v2\/posts\/104177\/revisions\/104179"}],"wp:featuredmedia":[{"embeddable":true,"href":"https:\/\/www.uv.mx\/prensa\/wp-json\/wp\/v2\/media\/104178"}],"wp:attachment":[{"href":"https:\/\/www.uv.mx\/prensa\/wp-json\/wp\/v2\/media?parent=104177"}],"wp:term":[{"taxonomy":"category","embeddable":true,"href":"https:\/\/www.uv.mx\/prensa\/wp-json\/wp\/v2\/categories?post=104177"},{"taxonomy":"post_tag","embeddable":true,"href":"https:\/\/www.uv.mx\/prensa\/wp-json\/wp\/v2\/tags?post=104177"}],"curies":[{"name":"wp","href":"https:\/\/api.w.org\/{rel}","templated":true}]}}