{"id":104289,"date":"2021-11-03T13:59:27","date_gmt":"2021-11-03T19:59:27","guid":{"rendered":"https:\/\/www.uv.mx\/prensa\/?p=104289"},"modified":"2021-11-03T13:59:27","modified_gmt":"2021-11-03T19:59:27","slug":"uv-invita-al-30-festival-de-teatro-universitario","status":"publish","type":"post","link":"https:\/\/www.uv.mx\/prensa\/eventos\/uv-invita-al-30-festival-de-teatro-universitario\/","title":{"rendered":"UV invita al\u00a030 Festival de Teatro Universitario\u00a0"},"content":{"rendered":"<ul>\n<li data-leveltext=\"\uf0b7\" data-font=\"Symbol\" data-listid=\"5\" data-aria-posinset=\"1\" data-aria-level=\"1\"><i><span data-contrast=\"auto\">Este evento,\u00a0que va por su segunda edici\u00f3n virtual,\u00a0re\u00fane trabajos teatrales en formato audiovisual, elaborados por\u00a0estudiantes y personal de las cinco regiones universitarias<\/span><\/i><span data-ccp-props=\"{}\">\u00a0<\/span><\/li>\n<li data-leveltext=\"\uf0b7\" data-font=\"Symbol\" data-listid=\"5\" data-aria-posinset=\"2\" data-aria-level=\"1\"><i><span data-contrast=\"auto\">Se transmitir\u00e1 del 5 al 13 de noviembre a trav\u00e9s de\u00a0<\/span><\/i><a href=\"https:\/\/www.facebook.com\/festivaldeteatrouv\/\"><span data-contrast=\"none\">Facebook<\/span><\/a><i><span data-contrast=\"auto\">\u00a0<\/span><\/i><span data-ccp-props=\"{}\">\u00a0<\/span><\/li>\n<\/ul>\n<p><span data-ccp-props=\"{}\">\u00a0<\/span><\/p>\n<div id=\"attachment_104290\" style=\"width: 732px\" class=\"wp-caption aligncenter\"><img aria-describedby=\"caption-attachment-104290\" decoding=\"async\" loading=\"lazy\" class=\"size-full wp-image-104290\" src=\"https:\/\/www.uv.mx\/prensa\/files\/2021\/11\/031121-CARLOS-Festival-Teatro-Universitario-1.jpg\" alt=\"\" width=\"722\" height=\"541\" srcset=\"https:\/\/www.uv.mx\/prensa\/files\/2021\/11\/031121-CARLOS-Festival-Teatro-Universitario-1.jpg 722w, https:\/\/www.uv.mx\/prensa\/files\/2021\/11\/031121-CARLOS-Festival-Teatro-Universitario-1-300x225.jpg 300w\" sizes=\"(max-width: 722px) 100vw, 722px\" \/><p id=\"caption-attachment-104290\" class=\"wp-caption-text\">Dentro del festival se presentar\u00e1n m\u00e1s de 30 trabajos teatrales en formato audiovisual<\/p><\/div>\n<p><span data-ccp-props=\"{}\">\u00a0<\/span><\/p>\n<p><b><i><span data-contrast=\"auto\">Carlos Hugo Hermida Rosales<\/span><\/i><\/b><span data-ccp-props=\"{}\">\u00a0<\/span><\/p>\n<p><b><i><span data-contrast=\"auto\">03\/11\/2021,\u00a0Xalapa,\u00a0Ver.-\u00a0<\/span><\/i><\/b><span data-contrast=\"auto\">La Universidad Veracruzana (UV), a trav\u00e9s de la\u00a0Direcci\u00f3n General de Difusi\u00f3n Cultural (DGDC),\u00a0realizar\u00e1 del 5 al 13 de noviembre el 30\u00a0<\/span><a href=\"https:\/\/www.facebook.com\/festivaldeteatrouv\"><span data-contrast=\"none\">Festival de Teatro Universitario<\/span><\/a><span data-contrast=\"auto\">, que va por su segunda edici\u00f3n virtual\u00a0y re\u00fane\u00a0trabajos teatrales en formato audiovisual de estudiantes y personal de las\u00a0cinco regiones universitarias,\u00a0acompa\u00f1ados de creadores esc\u00e9nicos profesionales.<\/span><span data-ccp-props=\"{}\">\u00a0<\/span><\/p>\n<p><span data-contrast=\"auto\">El comit\u00e9 organizador\u00a0est\u00e1 integrado por\u00a0Luis Mario Moncada, Juana Mar\u00eda Garza, Pablos Becerra y Ra\u00fal Santamar\u00eda, miembros de la Compa\u00f1\u00eda Titular de Teatro de la UV, quienes\u00a0apoyados en las nuevas tecnolog\u00edas y plataformas buscaron\u00a0formas creativas para\u202fdesarrollar este evento\u00a0que cuenta con gran tradici\u00f3n y renombre.<\/span><span data-ccp-props=\"{&quot;335559731&quot;:708}\">\u00a0<\/span><\/p>\n<p><span data-contrast=\"auto\">La inauguraci\u00f3n se llevar\u00e1 a cabo el viernes 5 de noviembre a las 18:00 horas, fecha en que iniciar\u00e1 el\u00a0<\/span><i><span data-contrast=\"auto\">Rally<\/span><\/i><span data-contrast=\"auto\">\u00a0Teatral Universitario M\u00e9xico-Chile-M\u00e9xico.\u00a0<\/span><span data-ccp-props=\"{&quot;335559731&quot;:708}\">\u00a0<\/span><\/p>\n<p><span data-contrast=\"auto\">Ese mismo d\u00eda\u00a0comenzar\u00e1n\u00a0los talleres \u201cTeatro espont\u00e1neo\u201d,\u00a0impartido por Rosalinda Ulloa, y \u201cAcondicionamiento f\u00edsico b\u00e1sico para la escena: acercamiento a la biomec\u00e1nica\u201d, a cargo de Roberto Enr\u00edquez.\u00a0<\/span><span data-ccp-props=\"{&quot;335559731&quot;:708}\">\u00a0<\/span><\/p>\n<p><span data-contrast=\"auto\">A lo largo de nueve d\u00edas\u00a0se presentar\u00e1n m\u00e1s de 30 trabajos teatrales en formato audiovisual, en los que\u00a0intervinieron 36 estudiantes y acad\u00e9micos, dirigidos por profesionistas con gran renombre y trayectoria,\u00a0entre quienes destacan\u00a0Miriam Ch\u00e1zaro, Karina Meneses, Cari\u00f1o Selene, Francisco\u00a0Beverido, Mart\u00edn P\u00e9rez Ram\u00edrez, William Villatoro y Roberto Ben\u00edtez.<\/span><span data-ccp-props=\"{&quot;335559731&quot;:708}\">\u00a0<\/span><\/p>\n<p><span data-contrast=\"auto\">Tambi\u00e9n se transmitir\u00e1n los conversatorios \u201cLa monja Alf\u00e9rez\u00a0<\/span><i><span data-contrast=\"auto\">working\u00a0progress<\/span><\/i><span data-contrast=\"auto\">\u201d, \u201cProblem\u00e1ticas del teatro universitario\u201d y \u201cMicroteatro\u00a0Espa\u00f1a\u201d, que contar\u00e1n con la presencia de expertos de diversas intuiciones de educaci\u00f3n superior nacionales y extranjeras.\u00a0<\/span><span data-ccp-props=\"{&quot;335559731&quot;:708}\">\u00a0<\/span><\/p>\n<p><span data-contrast=\"auto\">La clausura se llevar\u00e1 a cabo el\u00a0s\u00e1bado\u00a013 a las 18:00 horas, al concluir las actividades asignadas a ese d\u00eda.<\/span><span data-ccp-props=\"{&quot;335559731&quot;:708}\">\u00a0<\/span><\/p>\n<p><span data-contrast=\"auto\">El programa completo del evento puede consultarse en su p\u00e1gina de\u00a0<\/span><i><span data-contrast=\"auto\">Facebook<\/span><\/i><span data-contrast=\"auto\">:\u202f<\/span><a href=\"https:\/\/www.facebook.com\/festivaldeteatrouv\"><span data-contrast=\"none\">Festival de Teatro Universitario UV \u2013 Oficial<\/span><\/a><span data-contrast=\"auto\">,\u00a0mismo sitio en el que se transmitir\u00e1n todas las actividades.<\/span><span data-ccp-props=\"{&quot;335559731&quot;:708}\">\u00a0<\/span><\/p>\n<p><span data-ccp-props=\"{}\">\u00a0<\/span><\/p>\n<div id=\"attachment_104291\" style=\"width: 732px\" class=\"wp-caption aligncenter\"><img aria-describedby=\"caption-attachment-104291\" decoding=\"async\" loading=\"lazy\" class=\"size-full wp-image-104291\" src=\"https:\/\/www.uv.mx\/prensa\/files\/2021\/11\/031121-CARLOS-Festival-Teatro-Universitario-2.jpg\" alt=\"\" width=\"722\" height=\"542\" srcset=\"https:\/\/www.uv.mx\/prensa\/files\/2021\/11\/031121-CARLOS-Festival-Teatro-Universitario-2.jpg 722w, https:\/\/www.uv.mx\/prensa\/files\/2021\/11\/031121-CARLOS-Festival-Teatro-Universitario-2-300x225.jpg 300w\" sizes=\"(max-width: 722px) 100vw, 722px\" \/><p id=\"caption-attachment-104291\" class=\"wp-caption-text\">Lista de 36 estudiantes y acad\u00e9micos seleccionados para participar en los proyectos digitales del festival<\/p><\/div>\n","protected":false},"excerpt":{"rendered":"<p>La inauguraci\u00f3n se llevar\u00e1 a cabo el viernes 5 de noviembre a las 18:00 horas, fecha en que iniciar\u00e1 el\u00a0Rally\u00a0Teatral Universitario M\u00e9xico-Chile-M\u00e9xico.\u00a0<\/p>\n","protected":false},"author":1869,"featured_media":104290,"comment_status":"closed","ping_status":"closed","sticky":false,"template":"","format":"standard","meta":[],"categories":[47],"tags":[],"_links":{"self":[{"href":"https:\/\/www.uv.mx\/prensa\/wp-json\/wp\/v2\/posts\/104289"}],"collection":[{"href":"https:\/\/www.uv.mx\/prensa\/wp-json\/wp\/v2\/posts"}],"about":[{"href":"https:\/\/www.uv.mx\/prensa\/wp-json\/wp\/v2\/types\/post"}],"author":[{"embeddable":true,"href":"https:\/\/www.uv.mx\/prensa\/wp-json\/wp\/v2\/users\/1869"}],"replies":[{"embeddable":true,"href":"https:\/\/www.uv.mx\/prensa\/wp-json\/wp\/v2\/comments?post=104289"}],"version-history":[{"count":1,"href":"https:\/\/www.uv.mx\/prensa\/wp-json\/wp\/v2\/posts\/104289\/revisions"}],"predecessor-version":[{"id":104292,"href":"https:\/\/www.uv.mx\/prensa\/wp-json\/wp\/v2\/posts\/104289\/revisions\/104292"}],"wp:featuredmedia":[{"embeddable":true,"href":"https:\/\/www.uv.mx\/prensa\/wp-json\/wp\/v2\/media\/104290"}],"wp:attachment":[{"href":"https:\/\/www.uv.mx\/prensa\/wp-json\/wp\/v2\/media?parent=104289"}],"wp:term":[{"taxonomy":"category","embeddable":true,"href":"https:\/\/www.uv.mx\/prensa\/wp-json\/wp\/v2\/categories?post=104289"},{"taxonomy":"post_tag","embeddable":true,"href":"https:\/\/www.uv.mx\/prensa\/wp-json\/wp\/v2\/tags?post=104289"}],"curies":[{"name":"wp","href":"https:\/\/api.w.org\/{rel}","templated":true}]}}