{"id":104293,"date":"2021-11-03T14:46:42","date_gmt":"2021-11-03T20:46:42","guid":{"rendered":"https:\/\/www.uv.mx\/prensa\/?p=104293"},"modified":"2021-11-03T14:46:42","modified_gmt":"2021-11-03T20:46:42","slug":"uv-espacio-para-sumar-esfuerzos-y-vincular-a-especialistas-e-instituciones","status":"publish","type":"post","link":"https:\/\/www.uv.mx\/prensa\/general\/uv-espacio-para-sumar-esfuerzos-y-vincular-a-especialistas-e-instituciones\/","title":{"rendered":"UV, espacio para sumar esfuerzos y\u00a0vincular a especialistas e instituciones\u00a0"},"content":{"rendered":"<p>&nbsp;<\/p>\n<ul>\n<li data-leveltext=\"\uf0b7\" data-font=\"Symbol\" data-listid=\"1\" data-aria-posinset=\"1\" data-aria-level=\"1\"><i><span data-contrast=\"auto\">\u201cHay temas pendientes que no deben dejarse de lado, como las investigaciones en neurobiolog\u00eda y neurofisiolog\u00eda de las adicciones\u201d:\u00a0Betzaida\u00a0Salas<\/span><\/i><span data-ccp-props=\"{&quot;134233279&quot;:true}\">\u00a0<\/span><\/li>\n<li data-leveltext=\"\uf0b7\" data-font=\"Symbol\" data-listid=\"1\" data-aria-posinset=\"2\" data-aria-level=\"1\"><i><span data-contrast=\"auto\">\u201cA\u00fan falta\u00a0construir alianzas para desarrollar intervenciones m\u00e1s profundas para el \u00e1mbito universitario\u201d: X\u00f3chitl De San Jorge<\/span><\/i><span data-ccp-props=\"{&quot;134233279&quot;:true}\">\u00a0<\/span><\/li>\n<\/ul>\n<p><span data-ccp-props=\"{}\">\u00a0<\/span><\/p>\n<div id=\"attachment_104294\" style=\"width: 732px\" class=\"wp-caption aligncenter\"><img aria-describedby=\"caption-attachment-104294\" decoding=\"async\" loading=\"lazy\" class=\"size-full wp-image-104294\" src=\"https:\/\/www.uv.mx\/prensa\/files\/2021\/11\/291021-PAOLA-Clausura-Foro-1.jpg\" alt=\"\" width=\"722\" height=\"525\" srcset=\"https:\/\/www.uv.mx\/prensa\/files\/2021\/11\/291021-PAOLA-Clausura-Foro-1.jpg 722w, https:\/\/www.uv.mx\/prensa\/files\/2021\/11\/291021-PAOLA-Clausura-Foro-1-300x218.jpg 300w\" sizes=\"(max-width: 722px) 100vw, 722px\" \/><p id=\"caption-attachment-104294\" class=\"wp-caption-text\">Betzaida\u00a0Salas, coordinadora de la Maestr\u00eda en\u00a0Prevenci\u00f3n Integral del Consumo de Drogas<\/p><\/div>\n<p><span data-ccp-props=\"{}\">\u00a0<\/span><\/p>\n<p><b><i><span data-contrast=\"auto\">Paola Cort\u00e9s P\u00e9rez<\/span><\/i><\/b><span data-ccp-props=\"{}\">\u00a0<\/span><\/p>\n<p><b><i><span data-contrast=\"auto\">03\/11\/2021, Xalapa,\u00a0Ver.-<\/span><\/i><\/b><span data-contrast=\"auto\">\u00a0Betzaida\u00a0Salas Garc\u00eda, coordinadora de la Maestr\u00eda en Prevenci\u00f3n Integral del Consumo de Drogas\u00a0de la Universidad Veracruzana (UV),\u00a0dijo que\u00a0a lo largo de 10 a\u00f1os\u00a0el\u00a0Foro\u00a0de Investigaci\u00f3n-Acci\u00f3n para la Prevenci\u00f3n del Consumo de Drogas\u00a0se ha convertido en un espacio para sumar esfuerzos, vincular a especialista e instituciones\u00a0y para discutir sobre estudios recientes.<\/span><span data-ccp-props=\"{}\">\u00a0<\/span><\/p>\n<p><span data-contrast=\"auto\">El\u00a0viernes 29 de octubre se\u00a0clausuraron\u00a0las actividades del foro,\u00a0a cargo de\u00a0Betzaida\u00a0Salas y X\u00f3chitl De San Jorge C\u00e1rdenas, coordinadora de la Red Veracruzana de Investigaci\u00f3n en Adicciones (<\/span><i><span data-contrast=\"auto\">Reviva<\/span><\/i><span data-contrast=\"auto\">).<\/span><span data-ccp-props=\"{&quot;335559731&quot;:708}\">\u00a0<\/span><\/p>\n<p><span data-contrast=\"auto\">Betzaida\u00a0Salas\u00a0hizo\u00a0un recuento sobre las \u00faltimas nueve ediciones del\u00a0foro y de las acciones que se han desprendido del mismo.<\/span><span data-ccp-props=\"{&quot;335559731&quot;:708}\">\u00a0<\/span><\/p>\n<p><span data-contrast=\"auto\">\u201cHa ayudado a concretar proyectos y sumar esfuerzos, a vincularnos, a discutir sobre estudios e investigaciones recientes sobre el tema, as\u00ed como a conocer las experiencias que han tenido otras instituciones\u201d, coment\u00f3.<\/span><span data-ccp-props=\"{&quot;335559731&quot;:708}\">\u00a0<\/span><\/p>\n<p><span data-contrast=\"auto\">Lo cierto\u00a0es que\u00a0hay temas pendientes que no se pueden\u00a0dejar porque son fundamentales, como las investigaciones en neurobiolog\u00eda y neurofisiolog\u00eda de las adicciones, adicci\u00f3n con perspectiva de g\u00e9nero, entre otros.<\/span><span data-ccp-props=\"{&quot;335559731&quot;:708}\">\u00a0<\/span><\/p>\n<p><span data-contrast=\"auto\">Otro punto que no debe dejarse de lado\u00a0es incorporar a la pol\u00edtica p\u00fablica y los an\u00e1lisis regionales en las\u00a0futuras agendas, especialmente esta \u00faltima, ya que permitir\u00e1 comprender y entender el consumo de drogas en el estado, ciudades y en diferentes poblaciones, con el objetivo de pasar a la acci\u00f3n-intervenci\u00f3n.<\/span><span data-ccp-props=\"{&quot;335559731&quot;:708}\">\u00a0<\/span><\/p>\n<p><span data-contrast=\"auto\">En\u00a0tanto, X\u00f3chitl De San Jorge\u00a0habl\u00f3 sobre\u00a0<\/span><i><span data-contrast=\"auto\">Reviva<\/span><\/i><span data-contrast=\"auto\">\u00a0\u2013fundada en 2011\u2013 en la cual colaboran 14 cuerpos acad\u00e9micos (CA) de la UV, integrados por 53 acad\u00e9micos de las cinco regiones universitarias.<\/span><span data-ccp-props=\"{&quot;335559731&quot;:708}\">\u00a0<\/span><\/p>\n<p><span data-contrast=\"auto\">Una iniciativa importante es la aplicaci\u00f3n del diagn\u00f3stico de percepci\u00f3n de riesgo y consumo de drogas en estudiantes de educaci\u00f3n superior, conocido como \u201cPerc\u00edbete\u201d, el cual se ha realizado en l\u00ednea en 2012 y 2017. En la primera edici\u00f3n participaron 20 mil 640 estudiantes y en el segundo 19 mil 815.<\/span><span data-ccp-props=\"{&quot;335559731&quot;:708}\">\u00a0<\/span><\/p>\n<p><span data-contrast=\"auto\">De San Jorge C\u00e1rdenas coment\u00f3 que a lo largo de estos a\u00f1os se han vinculado con otras instituciones a trav\u00e9s de la firma de cartas intenci\u00f3n para replicar el estudio en tres universidades de C\u00f3rdoba, Argentina; Universidad de Boyac\u00e1, Colombia;\u00a0Universidad de la Frontera, Temuco, Chile,\u00a0y la Universidad Aut\u00f3noma de Campeche, M\u00e9xico.<\/span><span data-ccp-props=\"{&quot;335559731&quot;:708}\">\u00a0<\/span><\/p>\n<p><span data-contrast=\"auto\">A\u00fan\u00a0faltan\u00a0construir alianzas para desarrollar intervenciones m\u00e1s profundas para el \u00e1mbito universitario,\u00a0especialmente en estos momentos en que se vive una crisis emocional agudiza por el confinamiento y la pandemia de Covid-19.<\/span><span data-ccp-props=\"{&quot;335559731&quot;:708}\">\u00a0<\/span><\/p>\n<p><span data-ccp-props=\"{}\">\u00a0<\/span><\/p>\n<div id=\"attachment_104295\" style=\"width: 732px\" class=\"wp-caption aligncenter\"><img aria-describedby=\"caption-attachment-104295\" decoding=\"async\" loading=\"lazy\" class=\"size-full wp-image-104295\" src=\"https:\/\/www.uv.mx\/prensa\/files\/2021\/11\/291021-PAOLA-Clausura-Foro-2.jpg\" alt=\"\" width=\"722\" height=\"398\" srcset=\"https:\/\/www.uv.mx\/prensa\/files\/2021\/11\/291021-PAOLA-Clausura-Foro-2.jpg 722w, https:\/\/www.uv.mx\/prensa\/files\/2021\/11\/291021-PAOLA-Clausura-Foro-2-300x165.jpg 300w\" sizes=\"(max-width: 722px) 100vw, 722px\" \/><p id=\"caption-attachment-104295\" class=\"wp-caption-text\">X\u00f3chitl De San Jorge, coordinadora de\u00a0<em>Reviva<\/em><\/p><\/div>\n","protected":false},"excerpt":{"rendered":"<p>As\u00ed lo ha confirmado a lo largo de 10 a\u00f1os el Foro de Investigaci\u00f3n-Acci\u00f3n para la Prevenci\u00f3n del Consumo de Drogas<\/p>\n","protected":false},"author":1869,"featured_media":104294,"comment_status":"closed","ping_status":"closed","sticky":false,"template":"","format":"standard","meta":[],"categories":[1],"tags":[],"_links":{"self":[{"href":"https:\/\/www.uv.mx\/prensa\/wp-json\/wp\/v2\/posts\/104293"}],"collection":[{"href":"https:\/\/www.uv.mx\/prensa\/wp-json\/wp\/v2\/posts"}],"about":[{"href":"https:\/\/www.uv.mx\/prensa\/wp-json\/wp\/v2\/types\/post"}],"author":[{"embeddable":true,"href":"https:\/\/www.uv.mx\/prensa\/wp-json\/wp\/v2\/users\/1869"}],"replies":[{"embeddable":true,"href":"https:\/\/www.uv.mx\/prensa\/wp-json\/wp\/v2\/comments?post=104293"}],"version-history":[{"count":1,"href":"https:\/\/www.uv.mx\/prensa\/wp-json\/wp\/v2\/posts\/104293\/revisions"}],"predecessor-version":[{"id":104296,"href":"https:\/\/www.uv.mx\/prensa\/wp-json\/wp\/v2\/posts\/104293\/revisions\/104296"}],"wp:featuredmedia":[{"embeddable":true,"href":"https:\/\/www.uv.mx\/prensa\/wp-json\/wp\/v2\/media\/104294"}],"wp:attachment":[{"href":"https:\/\/www.uv.mx\/prensa\/wp-json\/wp\/v2\/media?parent=104293"}],"wp:term":[{"taxonomy":"category","embeddable":true,"href":"https:\/\/www.uv.mx\/prensa\/wp-json\/wp\/v2\/categories?post=104293"},{"taxonomy":"post_tag","embeddable":true,"href":"https:\/\/www.uv.mx\/prensa\/wp-json\/wp\/v2\/tags?post=104293"}],"curies":[{"name":"wp","href":"https:\/\/api.w.org\/{rel}","templated":true}]}}