{"id":104297,"date":"2021-11-03T14:53:20","date_gmt":"2021-11-03T20:53:20","guid":{"rendered":"https:\/\/www.uv.mx\/prensa\/?p=104297"},"modified":"2021-11-03T14:53:20","modified_gmt":"2021-11-03T20:53:20","slug":"libro-sobre-el-zapotal-imprescindible-para-investigadores","status":"publish","type":"post","link":"https:\/\/www.uv.mx\/prensa\/general\/libro-sobre-el-zapotal-imprescindible-para-investigadores\/","title":{"rendered":"Libro sobre El Zapotal, imprescindible para investigadores\u00a0"},"content":{"rendered":"<p>&nbsp;<\/p>\n<ul>\n<li data-leveltext=\"\uf0b7\" data-font=\"Symbol\" data-listid=\"1\" data-aria-posinset=\"1\" data-aria-level=\"1\"><i><span data-contrast=\"auto\">En\u00a0<\/span><\/i><span data-contrast=\"auto\">La funeraria prehisp\u00e1nica en el Mont\u00edculo 2 de El Zapotal<\/span><i><span data-contrast=\"auto\">, el autor da cuenta de los hallazgos arqueol\u00f3gicos, entre ellos el altar a Mictlantecuhtli y las\u00a0cihuateteotl\u00a0o mujeres muertas en el parto<\/span><\/i><span data-ccp-props=\"{&quot;134233279&quot;:true}\">\u00a0<\/span><\/li>\n<\/ul>\n<p><span data-ccp-props=\"{}\">\u00a0<\/span><\/p>\n<div id=\"attachment_104298\" style=\"width: 732px\" class=\"wp-caption aligncenter\"><img aria-describedby=\"caption-attachment-104298\" decoding=\"async\" loading=\"lazy\" class=\"size-full wp-image-104298\" src=\"https:\/\/www.uv.mx\/prensa\/files\/2021\/11\/291021-PAOLA-Libro-El-Zapotal.jpg\" alt=\"\" width=\"722\" height=\"433\" srcset=\"https:\/\/www.uv.mx\/prensa\/files\/2021\/11\/291021-PAOLA-Libro-El-Zapotal.jpg 722w, https:\/\/www.uv.mx\/prensa\/files\/2021\/11\/291021-PAOLA-Libro-El-Zapotal-300x180.jpg 300w\" sizes=\"(max-width: 722px) 100vw, 722px\" \/><p id=\"caption-attachment-104298\" class=\"wp-caption-text\">El Instituto de Antropolog\u00eda present\u00f3 el libro publicado por la Editorial UV<\/p><\/div>\n<p><span data-ccp-props=\"{}\">\u00a0<\/span><\/p>\n<p><b><i><span data-contrast=\"auto\">Paola Cort\u00e9s P\u00e9rez<\/span><\/i><\/b><span data-ccp-props=\"{}\">\u00a0<\/span><\/p>\n<p><b><i><span data-contrast=\"auto\">03\/11\/2021, Xalapa,\u00a0Ver.-<\/span><\/i><\/b><span data-contrast=\"auto\">\u00a0El libro\u00a0<\/span><i><span data-contrast=\"auto\">La funeraria prehisp\u00e1nica en el Mont\u00edculo 2 de El Zapotal, Veracruz<\/span><\/i><span data-contrast=\"auto\">, autor\u00eda de Jaime Ortega Guevara y publicado por la Editorial de la Universidad Veracruzana (UV), es imprescindible para los investigadores interesados en el sitio arqueol\u00f3gico.<\/span><span data-ccp-props=\"{}\">\u00a0<\/span><\/p>\n<p><span data-contrast=\"auto\">Como parte de las actividades del Evento Anual de Todos Santos organizado por el Instituto de Antropolog\u00eda (IA) de esta casa de estudios, la noche del viernes 29 de octubre se present\u00f3 el libro\u00a0con los comentarios del\u00a0autor\u00a0y los investigadores del IA, Margarita Meza Manzanilla y Ponciano Ortiz Ceballos.<\/span><span data-ccp-props=\"{&quot;335559731&quot;:708}\">\u00a0<\/span><\/p>\n<p><span data-contrast=\"auto\">Jaime Ortega dijo que a\u00fan queda mucho por hablar y publicar sobre El Zapotal, por lo que espera que este libro sea un pre\u00e1mbulo para seguir abordando\u00a0respecto a\u00a0este sitio arqueol\u00f3gico.<\/span><span data-ccp-props=\"{&quot;335559731&quot;:708}\">\u00a0<\/span><\/p>\n<p><span data-contrast=\"auto\">Meza Manzanilla mencion\u00f3 que el libro cuenta con 15 apartados donde el autor\u00a0aborda\u00a0los trabajos arqueol\u00f3gicos en el sitio El Zapotal, espec\u00edficamente sobre\u00a0los\u00a0hallazgos de los\u00a0entierros funerarios, las 400 figuras de barro encontradas,\u00a0las piezas de las\u00a0cihuateteotl\u00a0o mujeres muertas en el\u00a0parto y el altar a Mictlantecuhtli.<\/span><span data-ccp-props=\"{&quot;335559731&quot;:708}\">\u00a0<\/span><\/p>\n<p><span data-contrast=\"auto\">\u201cLa informaci\u00f3n que contiene es relevante para los estudiantes j\u00f3venes que inician en el \u00e1rea de la antropolog\u00eda,\u00a0y en especial de la arqueolog\u00eda; ser\u00e1 un libro imprescindible para las investigaciones de poblaciones antiguas del estado.\u201d<\/span><span data-ccp-props=\"{&quot;335559731&quot;:708}\">\u00a0<\/span><\/p>\n<p><span data-contrast=\"auto\">En tanto, Ponciano Ortiz dijo que el proyecto arqueol\u00f3gico de El Zapotal fue el descubrimiento m\u00e1s importante de Veracruz en la d\u00e9cada de los setenta del siglo pasado y contin\u00faa siendo interesante.<\/span><span data-ccp-props=\"{&quot;335559731&quot;:708}\">\u00a0<\/span><\/p>\n<p><span data-contrast=\"auto\">\u201cNunca antes se hab\u00edan encontrado evidencias arqueol\u00f3gicas que reflejaran con tanta fidelidad las descripciones de los c\u00f3dices y de los cronistas \u2013como Fray Bernardino de Sahag\u00fan\u2013 sobre Mictlantecuhtli.\u201d<\/span><span data-ccp-props=\"{&quot;335559731&quot;:708}\">\u00a0<\/span><\/p>\n","protected":false},"excerpt":{"rendered":"<p>Jaime Ortega dijo que a\u00fan queda mucho por hablar y publicar sobre El Zapotal, por lo que espera que este libro sea un pre\u00e1mbulo para seguir abordando respecto a este sitio arqueol\u00f3gico.\u00a0<\/p>\n","protected":false},"author":1869,"featured_media":104298,"comment_status":"closed","ping_status":"closed","sticky":false,"template":"","format":"standard","meta":[],"categories":[1],"tags":[],"_links":{"self":[{"href":"https:\/\/www.uv.mx\/prensa\/wp-json\/wp\/v2\/posts\/104297"}],"collection":[{"href":"https:\/\/www.uv.mx\/prensa\/wp-json\/wp\/v2\/posts"}],"about":[{"href":"https:\/\/www.uv.mx\/prensa\/wp-json\/wp\/v2\/types\/post"}],"author":[{"embeddable":true,"href":"https:\/\/www.uv.mx\/prensa\/wp-json\/wp\/v2\/users\/1869"}],"replies":[{"embeddable":true,"href":"https:\/\/www.uv.mx\/prensa\/wp-json\/wp\/v2\/comments?post=104297"}],"version-history":[{"count":1,"href":"https:\/\/www.uv.mx\/prensa\/wp-json\/wp\/v2\/posts\/104297\/revisions"}],"predecessor-version":[{"id":104299,"href":"https:\/\/www.uv.mx\/prensa\/wp-json\/wp\/v2\/posts\/104297\/revisions\/104299"}],"wp:featuredmedia":[{"embeddable":true,"href":"https:\/\/www.uv.mx\/prensa\/wp-json\/wp\/v2\/media\/104298"}],"wp:attachment":[{"href":"https:\/\/www.uv.mx\/prensa\/wp-json\/wp\/v2\/media?parent=104297"}],"wp:term":[{"taxonomy":"category","embeddable":true,"href":"https:\/\/www.uv.mx\/prensa\/wp-json\/wp\/v2\/categories?post=104297"},{"taxonomy":"post_tag","embeddable":true,"href":"https:\/\/www.uv.mx\/prensa\/wp-json\/wp\/v2\/tags?post=104297"}],"curies":[{"name":"wp","href":"https:\/\/api.w.org\/{rel}","templated":true}]}}