{"id":104435,"date":"2021-11-04T19:13:29","date_gmt":"2021-11-05T01:13:29","guid":{"rendered":"https:\/\/www.uv.mx\/prensa\/?p=104435"},"modified":"2021-11-04T19:13:30","modified_gmt":"2021-11-05T01:13:30","slug":"usbi-realizo-el-webinario-literatura-ciudadania-y-derechos-humanos","status":"publish","type":"post","link":"https:\/\/www.uv.mx\/prensa\/regiones\/usbi-realizo-el-webinario-literatura-ciudadania-y-derechos-humanos\/","title":{"rendered":"USBI realiz\u00f3 el webinario \u201cLiteratura, ciudadan\u00eda y derechos humanos\u201d"},"content":{"rendered":"<ul>\n<li data-leveltext=\"\uf0b7\" data-font=\"Symbol\" data-listid=\"1\" data-aria-posinset=\"1\" data-aria-level=\"1\"><i><span data-contrast=\"auto\">Leticia Mora Perdomo, Norma Ang\u00e9lica Cuevas Velasco y Nidia Vicent Ortega plantearon que la literatura brinda aprendizajes sobre c\u00f3mo ejercer una mejor ciudadan\u00eda<\/span><\/i><span data-ccp-props=\"{&quot;134233279&quot;:true,&quot;201341983&quot;:0,&quot;335559739&quot;:160,&quot;335559740&quot;:240}\">\u00a0<\/span><\/li>\n<\/ul>\n<p><span data-ccp-props=\"{&quot;201341983&quot;:0,&quot;335559739&quot;:160,&quot;335559740&quot;:240}\">\u00a0<\/span><\/p>\n<div id=\"attachment_104436\" style=\"width: 732px\" class=\"wp-caption aligncenter\"><a href=\"https:\/\/www.uv.mx\/prensa\/regiones\/usbi-realizo-el-webinario-literatura-ciudadania-y-derechos-humanos\/attachment\/29102021-cecilia-webinario-100k\/\" rel=\"attachment wp-att-104436\"><img aria-describedby=\"caption-attachment-104436\" decoding=\"async\" loading=\"lazy\" class=\"size-full wp-image-104436\" src=\"https:\/\/www.uv.mx\/prensa\/files\/2021\/11\/29102021-CECILIA-webinario-100k.jpg\" alt=\"Javier Ram\u00edrez Carrillo, director de la USBI, y las ponentes: Leticia Mora Perdomo, Norma Ang\u00e9lica Cuevas Velasco y Nidia Vincent Ortega\" width=\"722\" height=\"436\" srcset=\"https:\/\/www.uv.mx\/prensa\/files\/2021\/11\/29102021-CECILIA-webinario-100k.jpg 722w, https:\/\/www.uv.mx\/prensa\/files\/2021\/11\/29102021-CECILIA-webinario-100k-300x181.jpg 300w\" sizes=\"(max-width: 722px) 100vw, 722px\" \/><\/a><p id=\"caption-attachment-104436\" class=\"wp-caption-text\">Javier Ram\u00edrez Carrillo, director de la USBI, y las ponentes: Leticia Mora Perdomo, Norma Ang\u00e9lica Cuevas Velasco y Nidia Vincent Ortega<\/p><\/div>\n<p>&nbsp;<\/p>\n<p><b><i><span data-contrast=\"auto\">Cecilia Escribano\u00a0Reyes<\/span><\/i><\/b><span data-ccp-props=\"{&quot;201341983&quot;:0,&quot;335559739&quot;:160,&quot;335559740&quot;:240}\">\u00a0<\/span><\/p>\n<p><b><i><span data-contrast=\"auto\">04\/11\/2021, Coatzacoalcos,\u00a0Ver.-\u00a0<\/span><\/i><\/b><span data-contrast=\"auto\">La\u00a0Unidad de\u00a0Servicios\u00a0Bibliotecarios y de\u00a0Informaci\u00f3n\u00a0(USBI)\u00a0de la\u00a0Universidad Veracruzana (UV),\u00a0regi\u00f3n Coatzacoalcos-Minatitl\u00e1n,\u00a0realiz\u00f3\u00a0el\u00a0webinario\u00a0\u201cLiteratura, ciudadan\u00eda y derechos humanos\u201d, el mi\u00e9rcoles\u00a027 de octubre a trav\u00e9s\u00a0de\u00a0<\/span><i><span data-contrast=\"auto\">Zoom-UV<\/span><\/i><span data-contrast=\"auto\">, en el que\u00a0participaron\u00a0las acad\u00e9micas\u00a0Leticia Mora Perdomo, Norma Ang\u00e9lica Cuevas Velasco y Nidia Vicent Ortega.<\/span><span data-ccp-props=\"{&quot;201341983&quot;:0,&quot;335559739&quot;:160,&quot;335559740&quot;:240}\">\u00a0<\/span><\/p>\n<p><span data-contrast=\"auto\">A trav\u00e9s de sus disertaciones las ponentes coincidieron en que\u00a0a trav\u00e9s de la literatura se forjan\u00a0aprendizajes para ejercer\u00a0una\u00a0mejor\u00a0ciudadan\u00eda\u00a0en las cotidianidades.<\/span><span data-ccp-props=\"{&quot;201341983&quot;:0,&quot;335559731&quot;:720,&quot;335559739&quot;:160,&quot;335559740&quot;:240}\">\u00a0<\/span><\/p>\n<p><span data-contrast=\"auto\">Mora Perdomo expuso\u00a0sobre\u00a0la construcci\u00f3n del sujeto del derecho en un testimonio salvadore\u00f1o,\u00a0a trav\u00e9s de relatos\u00a0ficticios. \u201cEste testimonio es un\u00a0d\u00eda\u00a0en la vida de\u00a0Manlio\u00a0Argueta\u201d en los a\u00f1os\u00a0setenta,\u00a0donde hubo movimientos y\u00a0asedios\u00a0a la dignidad,\u00a0que\u00a0ahora se consideran\u00a0genocidio\u00a0en contra de varios sectores.<\/span><span data-ccp-props=\"{&quot;201341983&quot;:0,&quot;335559731&quot;:720,&quot;335559739&quot;:160,&quot;335559740&quot;:240}\">\u00a0<\/span><\/p>\n<p><span data-contrast=\"auto\">Se\u00f1al\u00f3 que\u00a0cuando se habla de la literatura\u00a0se tienen dos lealtades: la primera al texto,\u00a0al contexto\u00a0y a los hechos\u00a0narrados; y\u00a0la\u00a0segunda,\u00a0al compromiso\u00a0del tiempo.<\/span><span data-ccp-props=\"{&quot;201341983&quot;:0,&quot;335559731&quot;:720,&quot;335559739&quot;:160,&quot;335559740&quot;:240}\">\u00a0<\/span><\/p>\n<p><span data-contrast=\"auto\">Invit\u00f3 a la reflexi\u00f3n de lo que significa escribir hoy,\u00a0y qu\u00e9 tipo de retos enfrenta el ejercicio de la escritura, bas\u00e1ndose en las interrogantes de la escritora Cristina Rivera Garza.<\/span><span data-ccp-props=\"{&quot;201341983&quot;:0,&quot;335559739&quot;:160,&quot;335559740&quot;:240}\">\u00a0<\/span><\/p>\n<p><span data-contrast=\"auto\">En\u00a0tanto,\u00a0Norma Ang\u00e9lica Cuevas\u00a0enfatiz\u00f3 que la lectura forma personas sensibles y consientes,\u00a0y\u00a0dijo que con\u00a0la literatura\u00a0se permite darse cuenta del respeto a los derechos del otro.<\/span><span data-ccp-props=\"{&quot;201341983&quot;:0,&quot;335559731&quot;:720,&quot;335559739&quot;:160,&quot;335559740&quot;:240}\">\u00a0<\/span><\/p>\n<p><span data-contrast=\"auto\">Se\u00f1al\u00f3 que la literatura sobre los derechos humanos invita a reflexionar sobre\u00a0qu\u00e9 lugar le damos\u00a0a la literatura y c\u00f3mo la recuperamos\u00a0para el\u00a0modo\u00a0de estar en el mundo; mostr\u00f3\u00a0los libros\u00a0de Nadia Villafuerte (M\u00e9xico 1978)\u00a0<\/span><i><span data-contrast=\"auto\">Por el lado salvaje<\/span><\/i><span data-contrast=\"auto\">,\u00a0<\/span><i><span data-contrast=\"auto\">\u00bfTe gusta el l\u00e1tex, cielo?<\/span><\/i><span data-contrast=\"auto\">\u00a0y\u00a0<\/span><i><span data-contrast=\"auto\">Barcos de Houston<\/span><\/i><span data-contrast=\"auto\">, as\u00ed como\u00a0las novelas\u00a0de\u00a0Fernanda Melchor,\u00a0<\/span><i><span data-contrast=\"auto\">Temporada de huracanes<\/span><\/i><span data-contrast=\"auto\">\u00a0y\u00a0<\/span><i><span data-contrast=\"auto\">P\u00e1radais<\/span><\/i><span data-contrast=\"auto\">.<\/span><span data-ccp-props=\"{&quot;201341983&quot;:0,&quot;335559731&quot;:720,&quot;335559739&quot;:160,&quot;335559740&quot;:240}\">\u00a0<\/span><\/p>\n<p><span data-contrast=\"auto\">En su participaci\u00f3n, Nidia\u00a0Vincent\u00a0abord\u00f3\u00a0\u201cLas reinas chulas:\u00a0un activismo congruente desde el cabaret\u201d, donde explic\u00f3 el origen de este teatro cabaret urbano.<\/span><span data-ccp-props=\"{&quot;201341983&quot;:0,&quot;335559731&quot;:720,&quot;335559739&quot;:160,&quot;335559740&quot;:240}\">\u00a0<\/span><\/p>\n<p><span data-contrast=\"auto\">Habl\u00f3\u00a0del activismo del cabaret para hacer el feminismo fresco, con humor,\u00a0poder percibir sus fallas; dijo que las obras de\u00a0cabaret est\u00e1n escritas\u00a0de acuerdo a los movimientos sociales y la comedia\u00a0del arte, es un teatro que requiere mucha investigaci\u00f3n,\u00a0conciencia pol\u00edtica, ingenio para generar humor y actores\u00a0profesionalizantes.<\/span><span data-ccp-props=\"{&quot;201341983&quot;:0,&quot;335559731&quot;:720,&quot;335559739&quot;:160,&quot;335559740&quot;:240}\">\u00a0<\/span><\/p>\n<p><span data-contrast=\"auto\">Explic\u00f3 que este grupo se ha enfocado en eliminar los estereotipos del cuerpo, est\u00e1n\u00a0deconstruyendo\u00a0estereotipos de la actriz bella, del cuerpo perfecto.<\/span><span data-ccp-props=\"{&quot;201341983&quot;:0,&quot;335559731&quot;:720,&quot;335559739&quot;:160,&quot;335559740&quot;:240}\">\u00a0<\/span><\/p>\n<p><span data-contrast=\"auto\">Para finalizar,\u00a0se reflexion\u00f3 sobre la formaci\u00f3n ciudadana\u00a0y la importancia de la memoria de una ciudadan\u00eda consciente de su pasado, adem\u00e1s del derecho a la verdad hist\u00f3rica\u00a0y a\u00a0la cultura de la legalidad.<\/span><span data-ccp-props=\"{&quot;201341983&quot;:0,&quot;335559731&quot;:720,&quot;335559739&quot;:160,&quot;335559740&quot;:240}\">\u00a0<\/span><\/p>\n<p><span data-contrast=\"auto\">La bienvenida al evento estuvo a cargo de Javier Ram\u00edrez Carrillo,\u00a0<\/span><span data-contrast=\"auto\">director de la USBI, quien dijo que a trav\u00e9s de\u00a0este tipo de\u00a0webinarios\u00a0la comunidad universitaria contin\u00faa aprendiendo.<\/span><span data-ccp-props=\"{&quot;201341983&quot;:0,&quot;335559731&quot;:720,&quot;335559739&quot;:160,&quot;335559740&quot;:240}\">\u00a0<\/span><\/p>\n","protected":false},"excerpt":{"rendered":"<p>Participaron Leticia Mora Perdomo, Norma Ang\u00e9lica Cuevas Velasco y Nidia Vicent Ortega, quienes coincidieron en que a trav\u00e9s de la literatura se forjan aprendizajes para ejercer una mejor ciudadan\u00eda <\/p>\n","protected":false},"author":1775,"featured_media":104436,"comment_status":"closed","ping_status":"closed","sticky":false,"template":"","format":"standard","meta":[],"categories":[52,32],"tags":[4167,1678,5054,5053,2798,572,279,548],"_links":{"self":[{"href":"https:\/\/www.uv.mx\/prensa\/wp-json\/wp\/v2\/posts\/104435"}],"collection":[{"href":"https:\/\/www.uv.mx\/prensa\/wp-json\/wp\/v2\/posts"}],"about":[{"href":"https:\/\/www.uv.mx\/prensa\/wp-json\/wp\/v2\/types\/post"}],"author":[{"embeddable":true,"href":"https:\/\/www.uv.mx\/prensa\/wp-json\/wp\/v2\/users\/1775"}],"replies":[{"embeddable":true,"href":"https:\/\/www.uv.mx\/prensa\/wp-json\/wp\/v2\/comments?post=104435"}],"version-history":[{"count":1,"href":"https:\/\/www.uv.mx\/prensa\/wp-json\/wp\/v2\/posts\/104435\/revisions"}],"predecessor-version":[{"id":104438,"href":"https:\/\/www.uv.mx\/prensa\/wp-json\/wp\/v2\/posts\/104435\/revisions\/104438"}],"wp:featuredmedia":[{"embeddable":true,"href":"https:\/\/www.uv.mx\/prensa\/wp-json\/wp\/v2\/media\/104436"}],"wp:attachment":[{"href":"https:\/\/www.uv.mx\/prensa\/wp-json\/wp\/v2\/media?parent=104435"}],"wp:term":[{"taxonomy":"category","embeddable":true,"href":"https:\/\/www.uv.mx\/prensa\/wp-json\/wp\/v2\/categories?post=104435"},{"taxonomy":"post_tag","embeddable":true,"href":"https:\/\/www.uv.mx\/prensa\/wp-json\/wp\/v2\/tags?post=104435"}],"curies":[{"name":"wp","href":"https:\/\/api.w.org\/{rel}","templated":true}]}}