{"id":104528,"date":"2021-11-07T08:00:13","date_gmt":"2021-11-07T14:00:13","guid":{"rendered":"https:\/\/www.uv.mx\/prensa\/?p=104528"},"modified":"2021-11-11T12:16:11","modified_gmt":"2021-11-11T18:16:11","slug":"voluntariado-uv-inicio-campanas-apadrina-una-carta-y-dona-un-juguete","status":"publish","type":"post","link":"https:\/\/www.uv.mx\/prensa\/banner\/voluntariado-uv-inicio-campanas-apadrina-una-carta-y-dona-un-juguete\/","title":{"rendered":"Voluntariado UV inici\u00f3 campa\u00f1as \u201cApadrina una carta\u201d y \u201cDona un juguete\u201d"},"content":{"rendered":"<ul>\n<li data-leveltext=\"\uf0b7\" data-font=\"Symbol\" data-listid=\"5\" data-aria-posinset=\"1\" data-aria-level=\"1\"><i><span data-contrast=\"auto\">A trav\u00e9s de estas iniciativas se recaudar\u00e1n obsequios que ser\u00e1n entregados a partir de enero de 2022 a poblaci\u00f3n infantil de comunidades vulnerables<\/span><\/i><span data-ccp-props=\"{}\">\u00a0<\/span><\/li>\n<li data-leveltext=\"\uf0b7\" data-font=\"Symbol\" data-listid=\"5\" data-aria-posinset=\"2\" data-aria-level=\"1\"><i><span data-contrast=\"auto\">Se beneficiar\u00e1 a las localidades Vidal D\u00edaz Mu\u00f1oz, 20 de Noviembre y Progreso, y a pacientes del <\/span><\/i><span data-contrast=\"auto\">Cecan<\/span><span data-ccp-props=\"{}\">\u00a0<\/span><\/li>\n<\/ul>\n<p>&nbsp;<\/p>\n<div id=\"attachment_104529\" style=\"width: 1010px\" class=\"wp-caption aligncenter\"><a href=\"https:\/\/www.uv.mx\/prensa\/files\/2021\/11\/071121-Principales-Voluntariado.jpg\"><img aria-describedby=\"caption-attachment-104529\" decoding=\"async\" loading=\"lazy\" class=\"size-full wp-image-104529\" src=\"https:\/\/www.uv.mx\/prensa\/files\/2021\/11\/071121-Principales-Voluntariado.jpg\" alt=\"\" width=\"1000\" height=\"350\" srcset=\"https:\/\/www.uv.mx\/prensa\/files\/2021\/11\/071121-Principales-Voluntariado.jpg 1000w, https:\/\/www.uv.mx\/prensa\/files\/2021\/11\/071121-Principales-Voluntariado-300x105.jpg 300w, https:\/\/www.uv.mx\/prensa\/files\/2021\/11\/071121-Principales-Voluntariado-768x269.jpg 768w\" sizes=\"(max-width: 1000px) 100vw, 1000px\" \/><\/a><p id=\"caption-attachment-104529\" class=\"wp-caption-text\">A lo largo de ocho a\u00f1os las campa\u00f1as \u201cApadrina una carta\u201d y \u201cDona un juguete\u201d han beneficiado a miles de ni\u00f1os<\/p><\/div>\n<p>&nbsp;<\/p>\n<p><b><i><span data-contrast=\"auto\">Carlos Hugo Hermida Rosales<\/span><\/i><\/b><span data-ccp-props=\"{}\">\u00a0<\/span><\/p>\n<p><b><i><span data-contrast=\"auto\">07\/11\/2021, Xalapa, Ver.- <\/span><\/i><\/b><span data-contrast=\"auto\">El <\/span><span data-contrast=\"none\"><a href=\"https:\/\/www.uv.mx\/voluntariado\/\" target=\"_blank\" rel=\"noopener\">Voluntariado<\/a> de la Universidad Veracruzana<\/span><span data-contrast=\"auto\">\u202f(UV) iniciar\u00e1 el 8 de noviembre las campa\u00f1as \u201cApadrina una carta\u201d y \u201cDona un juguete\u201d, a trav\u00e9s de las cuales recaudar\u00e1 obsequios que ser\u00e1n entregados a partir de enero de 2022 a poblaci\u00f3n infantil de comunidades vulnerables.\u00a0<\/span><span data-ccp-props=\"{}\">\u00a0<\/span><\/p>\n<p><span data-contrast=\"auto\">Elia Mar\u00eda Beltr\u00e1n Coronel, titular del Voluntariado UV, explic\u00f3 que en la campa\u00f1a \u201cApadrina una carta\u201d los peque\u00f1os dirigen una carta a los Reyes Magos, en la que piden alg\u00fan juguete, calzado o una prenda de vestir.<\/span><span data-ccp-props=\"{&quot;335559731&quot;:708}\">\u00a0<\/span><\/p>\n<p><span data-contrast=\"auto\">Esta carta es entregada a un padrino que se encarga de comprar lo que el remitente pidi\u00f3 para que le sea entregado por personal del Voluntariado UV.<\/span><span data-ccp-props=\"{&quot;335559731&quot;:708}\">\u00a0<\/span><\/p>\n<p><span data-contrast=\"auto\">Por su parte, en la campa\u00f1a \u201cDona un juguete\u201d la poblaci\u00f3n puede entregar juguetes que no utilicen bater\u00edas ni promuevan actividades violentas \u2013como pistolas o cualquier tipo de arma\u2013, generalmente destinados a ni\u00f1as y ni\u00f1os que a\u00fan no asisten a la escuela y por lo tanto no tuvieron la oportunidad de redactar su carta.<\/span><span data-ccp-props=\"{&quot;335559731&quot;:708}\">\u00a0<\/span><\/p>\n<p><span data-contrast=\"auto\">Elia Beltr\u00e1n comparti\u00f3 que las cartas de la campa\u00f1a \u201cApadrina una carta\u201d se entregan en la planta baja del Edificio A de la Unidad Central de la UV, de 10:00 A 15:00 horas, as\u00ed como en los comedores universitarios ubicados en las Unidades de Ingenier\u00eda y Humanidades, en el mismo horario.\u00a0<\/span><span data-ccp-props=\"{&quot;335559731&quot;:708}\">\u00a0<\/span><\/p>\n<p><span data-contrast=\"auto\">Estos sitios tambi\u00e9n sirven de centro de acopio para la campa\u00f1a \u201cApadrina un juguete\u201d.\u00a0<\/span><span data-ccp-props=\"{&quot;335559731&quot;:708}\">\u00a0<\/span><\/p>\n<p><span data-contrast=\"auto\">En esta ocasi\u00f3n a trav\u00e9s de las campa\u00f1as mencionadas se beneficiar\u00e1 a habitantes de las localidades Vidal D\u00edaz Mu\u00f1oz, 20 de Noviembre y Progreso, cercanas a la Casa UV de El Conejo, as\u00ed como a pacientes infantiles del Centro Estatal de Cancerolog\u00eda\u202f(<\/span><i><span data-contrast=\"auto\">Cecan<\/span><\/i><span data-contrast=\"auto\">).<\/span><span data-ccp-props=\"{&quot;335559731&quot;:708}\">\u00a0<\/span><\/p>\n<p><span data-contrast=\"auto\">Se tiene planeado que el n\u00famero de comunidades beneficiadas crezca si se da una respuesta favorable por parte de los padrinos, tanto de la comunidad universitaria como de la sociedad en general.\u00a0<\/span><span data-ccp-props=\"{&quot;335559731&quot;:708}\">\u00a0<\/span><\/p>\n<p><span data-contrast=\"auto\">Quienes deseen solicitar mayores informes sobre estas iniciativas universitarias, pueden llamar al tel\u00e9fono del Voluntariado UV (228) 8159004, o escribir al n\u00famero de <\/span><i><span data-contrast=\"auto\">WhatsApp<\/span><\/i><span data-contrast=\"auto\"> 2283154270.<\/span><span data-ccp-props=\"{&quot;335559731&quot;:708}\">\u00a0<\/span><\/p>\n<p>&nbsp;<\/p>\n<div id=\"attachment_99969\" style=\"width: 732px\" class=\"wp-caption aligncenter\"><a href=\"https:\/\/www.uv.mx\/prensa\/files\/2021\/07\/080721-CARLOS-Voluntariado-2-100k.jpg\"><img aria-describedby=\"caption-attachment-99969\" decoding=\"async\" loading=\"lazy\" class=\"size-full wp-image-99969\" src=\"https:\/\/www.uv.mx\/prensa\/files\/2021\/07\/080721-CARLOS-Voluntariado-2-100k.jpg\" alt=\"Elia Mar\u00eda Beltr\u00e1n Coronel, titular del Voluntariado UV\" width=\"722\" height=\"481\" srcset=\"https:\/\/www.uv.mx\/prensa\/files\/2021\/07\/080721-CARLOS-Voluntariado-2-100k.jpg 722w, https:\/\/www.uv.mx\/prensa\/files\/2021\/07\/080721-CARLOS-Voluntariado-2-100k-300x200.jpg 300w\" sizes=\"(max-width: 722px) 100vw, 722px\" \/><\/a><p id=\"caption-attachment-99969\" class=\"wp-caption-text\">Elia Mar\u00eda Beltr\u00e1n Coronel, titular del Voluntariado UV<\/p><\/div>\n","protected":false},"excerpt":{"rendered":"<p>Las sedes para recoger las cartas de la campa\u00f1a \u201cApadrina una carta\u201d son: planta baja del Edificio A de la Unidad Central de la UV; y en los comedores ubicados en las Unidades de Ingenier\u00eda y Humanidades<\/p>\n","protected":false},"author":1508,"featured_media":104529,"comment_status":"closed","ping_status":"closed","sticky":false,"template":"","format":"standard","meta":[],"categories":[61],"tags":[],"_links":{"self":[{"href":"https:\/\/www.uv.mx\/prensa\/wp-json\/wp\/v2\/posts\/104528"}],"collection":[{"href":"https:\/\/www.uv.mx\/prensa\/wp-json\/wp\/v2\/posts"}],"about":[{"href":"https:\/\/www.uv.mx\/prensa\/wp-json\/wp\/v2\/types\/post"}],"author":[{"embeddable":true,"href":"https:\/\/www.uv.mx\/prensa\/wp-json\/wp\/v2\/users\/1508"}],"replies":[{"embeddable":true,"href":"https:\/\/www.uv.mx\/prensa\/wp-json\/wp\/v2\/comments?post=104528"}],"version-history":[{"count":1,"href":"https:\/\/www.uv.mx\/prensa\/wp-json\/wp\/v2\/posts\/104528\/revisions"}],"predecessor-version":[{"id":105208,"href":"https:\/\/www.uv.mx\/prensa\/wp-json\/wp\/v2\/posts\/104528\/revisions\/105208"}],"wp:featuredmedia":[{"embeddable":true,"href":"https:\/\/www.uv.mx\/prensa\/wp-json\/wp\/v2\/media\/104529"}],"wp:attachment":[{"href":"https:\/\/www.uv.mx\/prensa\/wp-json\/wp\/v2\/media?parent=104528"}],"wp:term":[{"taxonomy":"category","embeddable":true,"href":"https:\/\/www.uv.mx\/prensa\/wp-json\/wp\/v2\/categories?post=104528"},{"taxonomy":"post_tag","embeddable":true,"href":"https:\/\/www.uv.mx\/prensa\/wp-json\/wp\/v2\/tags?post=104528"}],"curies":[{"name":"wp","href":"https:\/\/api.w.org\/{rel}","templated":true}]}}