{"id":104536,"date":"2021-11-07T08:00:47","date_gmt":"2021-11-07T14:00:47","guid":{"rendered":"https:\/\/www.uv.mx\/prensa\/?p=104536"},"modified":"2021-11-11T12:11:36","modified_gmt":"2021-11-11T18:11:36","slug":"la-colonialidad-es-como-un-patron-de-poder-aldair-mauleon","status":"publish","type":"post","link":"https:\/\/www.uv.mx\/prensa\/regiones\/coatzacoalcos\/la-colonialidad-es-como-un-patron-de-poder-aldair-mauleon\/","title":{"rendered":"La colonialidad es como un patr\u00f3n de poder: Aldair Maule\u00f3n"},"content":{"rendered":"<ul>\n<li data-leveltext=\"\uf0b7\" data-font=\"Symbol\" data-listid=\"1\" data-aria-posinset=\"1\" data-aria-level=\"1\"><em>\u201cNo es lo mismo hablar de colonialismo como proceso hist\u00f3rico, que de colonialidad, \u00e9sta es m\u00e1s duradera y tiene una racionalidad espec\u00edfica\u201d\u00a0<\/em><\/li>\n<\/ul>\n<p>&nbsp;<\/p>\n<div id=\"attachment_104537\" style=\"width: 731px\" class=\"wp-caption aligncenter\"><a href=\"https:\/\/www.uv.mx\/prensa\/files\/2021\/11\/0501121-Webinario1.jpg\"><img aria-describedby=\"caption-attachment-104537\" decoding=\"async\" loading=\"lazy\" class=\"size-full wp-image-104537\" src=\"https:\/\/www.uv.mx\/prensa\/files\/2021\/11\/0501121-Webinario1.jpg\" alt=\"\" width=\"721\" height=\"481\" srcset=\"https:\/\/www.uv.mx\/prensa\/files\/2021\/11\/0501121-Webinario1.jpg 721w, https:\/\/www.uv.mx\/prensa\/files\/2021\/11\/0501121-Webinario1-300x200.jpg 300w\" sizes=\"(max-width: 721px) 100vw, 721px\" \/><\/a><p id=\"caption-attachment-104537\" class=\"wp-caption-text\">Javier Ram\u00edrez, Duvan Aldair Maule\u00f3n y Sindy Mart\u00ednez<\/p><\/div>\n<p>&nbsp;<\/p>\n<p><b><i><span data-contrast=\"auto\">Ana Cecilia Escribano Reyes<\/span><\/i><\/b><\/p>\n<p><b><i><span data-contrast=\"auto\">07\/11\/2021, Coatzacoalcos, Ver.- <\/span><\/i><\/b><span data-contrast=\"auto\">La Unidad de Servicios Bibliotecarios y de Informaci\u00f3n (USBI) de la Universidad Veracruzana (UV), <a href=\"https:\/\/www.uv.mx\/coatza\/\" target=\"_blank\" rel=\"noopener\">regi\u00f3n Coatzacoalcos-Minatitl\u00e1n<\/a>, realiz\u00f3 el webinario \u201cCiudadan\u00eda desde el arte\u201d, el jueves 4 de noviembre a trav\u00e9s de <\/span><i><span data-contrast=\"auto\">Zoom-UV<\/span><\/i><span data-contrast=\"auto\">, con la participaci\u00f3n de Duvan Aldair Maule\u00f3n Cruz y Sindy Mart\u00ednez Lemes, de la Universidad Iberoamericana, campus Ciudad de M\u00e9xico.<\/span><span data-ccp-props=\"{&quot;201341983&quot;:0,&quot;335559739&quot;:160,&quot;335559740&quot;:240}\">\u00a0<\/span><\/p>\n<p><span data-contrast=\"auto\">Javier Ram\u00edrez Carrillo, director de la USBI, explic\u00f3 que el arte siempre est\u00e1 presente en la vida: \u201cLa interacci\u00f3n con el arte la tenemos en muchos espacios de las cotidianidades, es el que desarrolla muchas de las perspectivas acerca de los quehaceres, obligaciones y derechos como integrantes de la comunidad\u201d.<\/span><span data-ccp-props=\"{&quot;201341983&quot;:0,&quot;335559731&quot;:720,&quot;335559739&quot;:160,&quot;335559740&quot;:240}\">\u00a0<\/span><\/p>\n<p><span data-contrast=\"auto\">Maule\u00f3n Cruz present\u00f3 notas sobre la ciudadan\u00eda con relaci\u00f3n al arte y detall\u00f3 que el concepto de la primera resulta ser tan amplio como plural; dijo que existe un binomio fundamental donde se explica la mayor\u00eda de las relaciones entre la ciudadan\u00eda en la estructura de poder: modernidad y colonialidad.<\/span><span data-ccp-props=\"{&quot;201341983&quot;:0,&quot;335559731&quot;:720,&quot;335559739&quot;:160,&quot;335559740&quot;:240}\">\u00a0<\/span><\/p>\n<p><span data-contrast=\"auto\">La colonialidad es como un patr\u00f3n de poder, \u201cno es lo mismo hablar de colonialismo como proceso hist\u00f3rico, que de colonialidad, \u00e9sta es m\u00e1s duradera y tiene una racionalidad espec\u00edfica, el eurocentrismo que da sentido a las estructuras de los territorios conquistados\u201d.<\/span><span data-ccp-props=\"{&quot;201341983&quot;:0,&quot;335559731&quot;:720,&quot;335559739&quot;:160,&quot;335559740&quot;:240}\">\u00a0<\/span><\/p>\n<p><span data-contrast=\"auto\">En tanto, la colonialidad es constitutiva de la modernidad, pues el progreso, desarrollo y ciencia justificaron la dominaci\u00f3n de las regiones perif\u00e9ricas; \u201cel desarrollo econ\u00f3mico e intelectual no hubiera sido posible sin la explotaci\u00f3n material, corporal y cognitiva de estos territorios\u201d, dijo y especific\u00f3 la importancia que tuvo la clasificaci\u00f3n de las razas y la gravedad del estatus en el entramado social.<\/span><span data-ccp-props=\"{&quot;201341983&quot;:0,&quot;335559731&quot;:720,&quot;335559739&quot;:160,&quot;335559740&quot;:240}\">\u00a0<\/span><\/p>\n<p><span data-contrast=\"auto\">Explic\u00f3 c\u00f3mo el arte trabaja estas disyuntivas: sociedad, individuo, racionalidad, cambio, futuro, ciudadan\u00eda, que constituyen la historia. \u201cSin duda la mirada cr\u00edtica ser\u00eda inf\u00e9rtil si no diera resultados como el arte que crea procesos, piezas y expresiones que se erigen como elementos cuestionadores frente al discurso hegem\u00f3nico y las subjetividades imperantes\u201d, agreg\u00f3 el ponente.<\/span><span data-ccp-props=\"{&quot;201341983&quot;:0,&quot;335559731&quot;:720,&quot;335559739&quot;:160,&quot;335559740&quot;:240}\">\u00a0<\/span><\/p>\n<p><span data-contrast=\"auto\">Por su parte, Sindy Mart\u00ednez sostuvo que a trav\u00e9s del arte se construye una idea de ciudadan\u00eda desde diversas perspectivas que intenta representar el discurso occidental y hacer una pregunta por el \u201cyo\u201d local, nacional, latinoamericano, caribe\u00f1o, etc\u00e9tera.<\/span><span data-ccp-props=\"{&quot;201341983&quot;:0,&quot;335559731&quot;:720,&quot;335559739&quot;:160,&quot;335559740&quot;:240}\">\u00a0<\/span><\/p>\n<p><span data-contrast=\"auto\">Lanz\u00f3 la pregunta \u00bfhasta qu\u00e9 punto el arte ha reflejado una posici\u00f3n no solamente est\u00e9tica, sino tambi\u00e9n \u00e9tica, como ciudadanos, individuo y como parte de una sociedad?; invit\u00f3 a la reflexi\u00f3n e identificar obras y autores que presentan estas posiciones.<\/span><span data-ccp-props=\"{&quot;201341983&quot;:0,&quot;335559731&quot;:720,&quot;335559739&quot;:160,&quot;335559740&quot;:240}\">\u00a0<\/span><\/p>\n<p><span data-contrast=\"auto\">La ponente present\u00f3 el arte del muralismo mexicano y explic\u00f3 que es un g\u00e9nero art\u00edstico que tuvo su origen en la revoluci\u00f3n social, muestra las transformaciones en el sistema educativo que cont\u00f3 la historia y exalt\u00f3 los nuevos valores de la naci\u00f3n.<\/span><span data-ccp-props=\"{&quot;201341983&quot;:0,&quot;335559731&quot;:720,&quot;335559739&quot;:160,&quot;335559740&quot;:240}\">\u00a0<\/span><\/p>\n<p><span data-contrast=\"auto\">Tambi\u00e9n present\u00f3 <\/span><i><span data-contrast=\"auto\">Nacimiento de nuestra nacionalidad<\/span><\/i><span data-contrast=\"auto\">, una obra de Rufino Tamayo de 1952, \u201cdonde se representa la fuerza, el vigor y la nueva libertad guiando al pueblo, el nacimiento de un nuevo principio nacional; en esta obra hay un sentido educativo, de ense\u00f1anza\u201d, manifest\u00f3 la expositora.<\/span><span data-ccp-props=\"{&quot;201341983&quot;:0,&quot;335559731&quot;:720,&quot;335559739&quot;:160,&quot;335559740&quot;:240}\">\u00a0<\/span><\/p>\n<p><span data-contrast=\"auto\">Para finalizar, enfatiz\u00f3 que a trav\u00e9s del arte se alfabetiza, se construye una memoria hist\u00f3rica y se muestran miradas desde distintas realidades.<\/span><span data-ccp-props=\"{&quot;201341983&quot;:0,&quot;335559731&quot;:720,&quot;335559739&quot;:160,&quot;335559740&quot;:240}\">\u00a0<\/span><\/p>\n","protected":false},"excerpt":{"rendered":"<p>Dijo que existe un binomio fundamental donde se explica la mayor\u00eda de las relaciones entre la ciudadan\u00eda en la estructura de poder: modernidad y colonialidad<\/p>\n","protected":false},"author":1508,"featured_media":104537,"comment_status":"closed","ping_status":"closed","sticky":false,"template":"","format":"standard","meta":[],"categories":[52],"tags":[],"_links":{"self":[{"href":"https:\/\/www.uv.mx\/prensa\/wp-json\/wp\/v2\/posts\/104536"}],"collection":[{"href":"https:\/\/www.uv.mx\/prensa\/wp-json\/wp\/v2\/posts"}],"about":[{"href":"https:\/\/www.uv.mx\/prensa\/wp-json\/wp\/v2\/types\/post"}],"author":[{"embeddable":true,"href":"https:\/\/www.uv.mx\/prensa\/wp-json\/wp\/v2\/users\/1508"}],"replies":[{"embeddable":true,"href":"https:\/\/www.uv.mx\/prensa\/wp-json\/wp\/v2\/comments?post=104536"}],"version-history":[{"count":1,"href":"https:\/\/www.uv.mx\/prensa\/wp-json\/wp\/v2\/posts\/104536\/revisions"}],"predecessor-version":[{"id":105207,"href":"https:\/\/www.uv.mx\/prensa\/wp-json\/wp\/v2\/posts\/104536\/revisions\/105207"}],"wp:featuredmedia":[{"embeddable":true,"href":"https:\/\/www.uv.mx\/prensa\/wp-json\/wp\/v2\/media\/104537"}],"wp:attachment":[{"href":"https:\/\/www.uv.mx\/prensa\/wp-json\/wp\/v2\/media?parent=104536"}],"wp:term":[{"taxonomy":"category","embeddable":true,"href":"https:\/\/www.uv.mx\/prensa\/wp-json\/wp\/v2\/categories?post=104536"},{"taxonomy":"post_tag","embeddable":true,"href":"https:\/\/www.uv.mx\/prensa\/wp-json\/wp\/v2\/tags?post=104536"}],"curies":[{"name":"wp","href":"https:\/\/api.w.org\/{rel}","templated":true}]}}