{"id":104979,"date":"2021-11-09T10:06:58","date_gmt":"2021-11-09T16:06:58","guid":{"rendered":"https:\/\/www.uv.mx\/prensa\/?p=104979"},"modified":"2021-11-09T14:45:36","modified_gmt":"2021-11-09T20:45:36","slug":"universitarios-recordaron-a-juan-manuel-fragoso-y-jorge-rodriguez","status":"publish","type":"post","link":"https:\/\/www.uv.mx\/prensa\/regiones\/universitarios-recordaron-a-juan-manuel-fragoso-y-jorge-rodriguez\/","title":{"rendered":"Universitarios recordaron a Juan Manuel Fragoso y Jorge Rodr\u00edguez"},"content":{"rendered":"<ul>\n<li data-leveltext=\"\uf0b7\" data-font=\"Symbol\" data-listid=\"3\" data-aria-posinset=\"1\" data-aria-level=\"1\"><i><span data-contrast=\"auto\">En su\u00a0primer aniversario luctuoso,\u00a0invitaron a la comunidad\u00a0a recaudar llaves y hacer placas\u00a0en su honor<\/span><\/i><span data-ccp-props=\"{&quot;134233279&quot;:true,&quot;201341983&quot;:0,&quot;335559739&quot;:160,&quot;335559740&quot;:240}\">\u00a0<\/span><\/li>\n<\/ul>\n<p><span data-ccp-props=\"{&quot;201341983&quot;:0,&quot;335559739&quot;:160,&quot;335559740&quot;:240}\">\u00a0<\/span><\/p>\n<div id=\"attachment_104980\" style=\"width: 732px\" class=\"wp-caption aligncenter\"><a href=\"https:\/\/www.uv.mx\/prensa\/regiones\/universitarios-recordaron-a-juan-manuel-fragoso-y-jorge-rodriguez\/attachment\/091121-aniversario-fragoso-1-100k\/\" rel=\"attachment wp-att-104980\"><img aria-describedby=\"caption-attachment-104980\" decoding=\"async\" loading=\"lazy\" class=\"size-full wp-image-104980\" src=\"https:\/\/www.uv.mx\/prensa\/files\/2021\/11\/091121-aniversario-fragoso-1-100k.jpg\" alt=\"Autoridades de la regi\u00f3n acompa\u00f1aron a los familiares de los acad\u00e9micos y l\u00edderes sindicales Juan Manuel Fragoso Montalvo y Jorge Rodr\u00edguez Rodr\u00edguez, en su primer aniversario luctuoso \" width=\"722\" height=\"481\" srcset=\"https:\/\/www.uv.mx\/prensa\/files\/2021\/11\/091121-aniversario-fragoso-1-100k.jpg 722w, https:\/\/www.uv.mx\/prensa\/files\/2021\/11\/091121-aniversario-fragoso-1-100k-300x200.jpg 300w\" sizes=\"(max-width: 722px) 100vw, 722px\" \/><\/a><p id=\"caption-attachment-104980\" class=\"wp-caption-text\">Autoridades de la regi\u00f3n acompa\u00f1aron a los familiares de los acad\u00e9micos y l\u00edderes sindicales Juan Manuel Fragoso Montalvo y Jorge Rodr\u00edguez Rodr\u00edguez, en su primer aniversario luctuoso<\/p><\/div>\n<p>&nbsp;<\/p>\n<p><b><i><span data-contrast=\"auto\">Shuguey\u00a0Enr\u00edquez y Aracely Hern\u00e1ndez\u00a0<\/span><\/i><\/b><span data-ccp-props=\"{&quot;201341983&quot;:0,&quot;335559739&quot;:160,&quot;335559740&quot;:240}\">\u00a0<\/span><\/p>\n<p><b><i><span data-contrast=\"auto\">09\/11\/2021, Boca del R\u00edo,\u00a0Ver.-<\/span><\/i><\/b><span data-contrast=\"auto\">\u00a0<\/span><span data-contrast=\"auto\">Rub\u00e9n\u00a0Edel\u00a0Navarro,\u00a0vicerrector de la<a href=\"https:\/\/www.uv.mx\/veracruz\/\" target=\"_blank\" rel=\"noopener\">\u00a0regi\u00f3n Veracruz\u00a0<\/a>de la\u00a0Universidad Veracruzana (UV), encabez\u00f3\u00a0la colocaci\u00f3n de ofrendas florales en las placas conmemorativas por el primer aniversario luctuoso de los acad\u00e9micos y l\u00edderes sindicales\u00a0Juan Manuel Fragoso Montalvo y Jorge Rodr\u00edguez\u00a0Rodr\u00edguez.<\/span><span data-ccp-props=\"{&quot;201341983&quot;:0,&quot;335559739&quot;:160,&quot;335559740&quot;:240}\">\u00a0<\/span><\/p>\n<p><span data-contrast=\"auto\">La ceremonia se realiz\u00f3\u00a0el\u00a0viernes 5 de noviembre en las instalaciones la Unidad de Ingenier\u00eda\u00a0y estuvieron presentes\u00a0Mar\u00eda Esther Ter\u00e1n Vel\u00e1zquez, Mar\u00eda Esther Fragoso Ter\u00e1n y\u00a0<\/span><span data-contrast=\"auto\">Juan Manuel Fragoso Ter\u00e1n, viuda e\u00a0hijos del ingeniero Fragoso<\/span><span data-contrast=\"auto\">\u00a0Montalvo<\/span><span data-contrast=\"auto\">.<\/span><span data-ccp-props=\"{&quot;201341983&quot;:0,&quot;335559731&quot;:708,&quot;335559739&quot;:160,&quot;335559740&quot;:240}\">\u00a0<\/span><\/p>\n<p><span data-contrast=\"auto\">Adem\u00e1s,\u00a0Ulises Gonzalo Aguirre Orozco,\u00a0secretario Acad\u00e9mico regional;\u00a0Enrique Morales Gonz\u00e1lez, coordinador regional de Posgrados;\u00a0Luis H\u00e9ctor\u00a0Porr\u00e1gas\u00a0Beltr\u00e1n,\u00a0Jes\u00fas Mart\u00edn Santa Mar\u00eda L\u00f3pez,\u00a0Oscar Vel\u00e1zquez Camilo y\u00a0Jorge del R\u00edo Montiel, directores de las facultades de\u00a0Ingenier\u00eda\u00a0El\u00e9ctrica y Electr\u00f3nica,\u00a0Ingenier\u00eda\u00a0de la Construcci\u00f3n y el H\u00e1bitat,\u00a0Ingenier\u00eda\u00a0en\u00a0Ciencias Qu\u00edmicas,\u00a0y\u00a0Mec\u00e1nica y Ciencias Navales, respectivamente, as\u00ed como\u00a0Claudia Beatriz Enr\u00edquez Hern\u00e1ndez, directora de la Facultad de Enfermer\u00eda.<\/span><span data-ccp-props=\"{&quot;201341983&quot;:0,&quot;335559731&quot;:708,&quot;335559739&quot;:160,&quot;335559740&quot;:240}\">\u00a0<\/span><\/p>\n<p><span data-contrast=\"auto\">Durante\u00a0el acto, los funcionarios universitarios y familiares de los finados colocaron dos repositorios en los que de manera simb\u00f3lica introdujeron las primeras llaves\u00a0que\u00a0ser\u00e1n utilizadas para la elaboraci\u00f3n de las placas conmemorativas\u00a0en honor a\u00a0los homenajeados, e invitaron a\u00a0la\u00a0comunidad universitaria\u00a0a unirse a esta causa.<\/span><\/p>\n<div id=\"attachment_104981\" style=\"width: 732px\" class=\"wp-caption aligncenter\"><a href=\"https:\/\/www.uv.mx\/prensa\/regiones\/universitarios-recordaron-a-juan-manuel-fragoso-y-jorge-rodriguez\/attachment\/091121-aniversario-fragoso-2-100k\/\" rel=\"attachment wp-att-104981\"><img aria-describedby=\"caption-attachment-104981\" decoding=\"async\" loading=\"lazy\" class=\"size-full wp-image-104981\" src=\"https:\/\/www.uv.mx\/prensa\/files\/2021\/11\/091121-aniversario-fragoso-2-100k.jpg\" alt=\"De manera simb\u00f3lica, el vicerrector Rub\u00e9n Edel Navarro deposit\u00f3 las primeras llaves que servir\u00e1 para elaborar placas conmemorativas para los homenajeados \" width=\"722\" height=\"481\" srcset=\"https:\/\/www.uv.mx\/prensa\/files\/2021\/11\/091121-aniversario-fragoso-2-100k.jpg 722w, https:\/\/www.uv.mx\/prensa\/files\/2021\/11\/091121-aniversario-fragoso-2-100k-300x200.jpg 300w\" sizes=\"(max-width: 722px) 100vw, 722px\" \/><\/a><p id=\"caption-attachment-104981\" class=\"wp-caption-text\">De manera simb\u00f3lica, el vicerrector Rub\u00e9n Edel Navarro deposit\u00f3 las primeras llaves que servir\u00e1 para elaborar placas conmemorativas para los homenajeados<\/p><\/div>\n<p>&nbsp;<\/p>\n<p><span data-contrast=\"auto\">Mar\u00eda Esther Fragoso, quien tambi\u00e9n es directora de\u00a0la Facultad de Contadur\u00eda, declar\u00f3\u00a0que\u00a0Juan Manuel\u00a0Fragoso\u00a0siempre fue\u00a0\u201cuna persona que uni\u00f3\u00a0a\u00a0los grupos, que busc\u00f3\u00a0siempre el beneficio de la comunidad universitaria.\u00a0Hoy\u00a0quiero\u00a0agradecerles el\u00a0que est\u00e9n\u00a0aqu\u00ed\u201d.<\/span><span data-ccp-props=\"{&quot;201341983&quot;:0,&quot;335559731&quot;:708,&quot;335559739&quot;:160,&quot;335559740&quot;:240}\">\u00a0<\/span><\/p>\n<p><span data-contrast=\"auto\">Por su parte, el Vicerrector\u00a0destac\u00f3\u00a0la trayectoria de Fragoso\u00a0Montalvo\u00a0y dijo que sab\u00eda leer\u00a0entre l\u00edneas,\u00a0animaba\u00a0la\u00a0cultura del\u00a0esfuerzo\u00a0y la colaboraci\u00f3n, sab\u00eda\u00a0hacer sinergias.<\/span><span data-ccp-props=\"{&quot;201341983&quot;:0,&quot;335559731&quot;:708,&quot;335559739&quot;:160,&quot;335559740&quot;:240}\">\u00a0<\/span><\/p>\n<p><span data-contrast=\"auto\">\u201cEsto es una\u00a0caracter\u00edstica de un liderazgo compartido y es\u00a0el\u00a0mejor legado que nos puede dejar a todos:\u00a0servir a las personas, servir a los acad\u00e9micos, no servirse de las personas y de los acad\u00e9micos.\u201d<\/span><\/p>\n","protected":false},"excerpt":{"rendered":"<p>Rub\u00e9n Edel Navarro, vicerrector de la regi\u00f3n Veracruz, encabez\u00f3 la colocaci\u00f3n de ofrendas florales en las placas conmemorativas<\/p>\n","protected":false},"author":1775,"featured_media":104980,"comment_status":"closed","ping_status":"closed","sticky":false,"template":"","format":"standard","meta":[],"categories":[32,55],"tags":[4299,5183,5182,5181,2642,3300,4298,892],"_links":{"self":[{"href":"https:\/\/www.uv.mx\/prensa\/wp-json\/wp\/v2\/posts\/104979"}],"collection":[{"href":"https:\/\/www.uv.mx\/prensa\/wp-json\/wp\/v2\/posts"}],"about":[{"href":"https:\/\/www.uv.mx\/prensa\/wp-json\/wp\/v2\/types\/post"}],"author":[{"embeddable":true,"href":"https:\/\/www.uv.mx\/prensa\/wp-json\/wp\/v2\/users\/1775"}],"replies":[{"embeddable":true,"href":"https:\/\/www.uv.mx\/prensa\/wp-json\/wp\/v2\/comments?post=104979"}],"version-history":[{"count":1,"href":"https:\/\/www.uv.mx\/prensa\/wp-json\/wp\/v2\/posts\/104979\/revisions"}],"predecessor-version":[{"id":105046,"href":"https:\/\/www.uv.mx\/prensa\/wp-json\/wp\/v2\/posts\/104979\/revisions\/105046"}],"wp:featuredmedia":[{"embeddable":true,"href":"https:\/\/www.uv.mx\/prensa\/wp-json\/wp\/v2\/media\/104980"}],"wp:attachment":[{"href":"https:\/\/www.uv.mx\/prensa\/wp-json\/wp\/v2\/media?parent=104979"}],"wp:term":[{"taxonomy":"category","embeddable":true,"href":"https:\/\/www.uv.mx\/prensa\/wp-json\/wp\/v2\/categories?post=104979"},{"taxonomy":"post_tag","embeddable":true,"href":"https:\/\/www.uv.mx\/prensa\/wp-json\/wp\/v2\/tags?post=104979"}],"curies":[{"name":"wp","href":"https:\/\/api.w.org\/{rel}","templated":true}]}}