{"id":104996,"date":"2021-11-09T10:32:27","date_gmt":"2021-11-09T16:32:27","guid":{"rendered":"https:\/\/www.uv.mx\/prensa\/?p=104996"},"modified":"2021-11-09T14:39:42","modified_gmt":"2021-11-09T20:39:42","slug":"estudiantes-uv-elaboraron-capsulas-informativas-para-jardin-de-las-esculturas","status":"publish","type":"post","link":"https:\/\/www.uv.mx\/prensa\/banner\/estudiantes-uv-elaboraron-capsulas-informativas-para-jardin-de-las-esculturas\/","title":{"rendered":"Estudiantes UV elaboraron c\u00e1psulas informativas para Jard\u00edn de las Esculturas"},"content":{"rendered":"<ul>\n<li data-leveltext=\"\uf0b7\" data-font=\"Symbol\" data-listid=\"1\" data-aria-posinset=\"1\" data-aria-level=\"1\"><i><span data-contrast=\"auto\">Abraham Mendoza, Paola\u00a0Sorcia\u00a0y Mar\u00eda Judith Carmona son\u00a0estudiantes de posgrado, hicieron material audiovisual para hablar sobre la vegetaci\u00f3n y organismos que conviven en este lugar<\/span><\/i><span data-ccp-props=\"{&quot;134233279&quot;:true}\">\u00a0<\/span><\/li>\n<li data-leveltext=\"\uf0b7\" data-font=\"Symbol\" data-listid=\"1\" data-aria-posinset=\"2\" data-aria-level=\"1\"><i><span data-contrast=\"auto\">Los videos est\u00e1n disponibles en la p\u00e1gina de <\/span><\/i><em>Facebook<\/em><i><span data-contrast=\"auto\">\u00a0<\/span><\/i><a href=\"https:\/\/www.facebook.com\/JardinDeLasEsculturas\/\"><i><span data-contrast=\"none\">JardinDeLasEsculturas<\/span><\/i><\/a><span data-ccp-props=\"{&quot;134233279&quot;:true}\">\u00a0<\/span><\/li>\n<\/ul>\n<p><span data-ccp-props=\"{}\">\u00a0<\/span><\/p>\n<div id=\"attachment_104997\" style=\"width: 732px\" class=\"wp-caption aligncenter\"><a href=\"https:\/\/www.uv.mx\/prensa\/banner\/estudiantes-uv-elaboraron-capsulas-informativas-para-jardin-de-las-esculturas\/attachment\/051121-capsulas-de-estudiantes-1-100k\/\" rel=\"attachment wp-att-104997\"><img aria-describedby=\"caption-attachment-104997\" decoding=\"async\" loading=\"lazy\" class=\"size-full wp-image-104997\" src=\"https:\/\/www.uv.mx\/prensa\/files\/2021\/11\/051121-Capsulas-de-estudiantes-1-100k.jpg\" alt=\"Judith Carmona y Paola Sorcia elaboraron c\u00e1psula sobre ep\u00edfitas \" width=\"722\" height=\"406\" srcset=\"https:\/\/www.uv.mx\/prensa\/files\/2021\/11\/051121-Capsulas-de-estudiantes-1-100k.jpg 722w, https:\/\/www.uv.mx\/prensa\/files\/2021\/11\/051121-Capsulas-de-estudiantes-1-100k-300x169.jpg 300w\" sizes=\"(max-width: 722px) 100vw, 722px\" \/><\/a><p id=\"caption-attachment-104997\" class=\"wp-caption-text\">Judith Carmona y Paola Sorcia elaboraron c\u00e1psula sobre ep\u00edfitas<\/p><\/div>\n<p>&nbsp;<\/p>\n<p><b><i><span data-contrast=\"auto\">Paola Cort\u00e9s P\u00e9rez<\/span><\/i><\/b><span data-ccp-props=\"{}\">\u00a0<\/span><\/p>\n<p><b><i><span data-contrast=\"auto\">09\/11\/2021, Xalapa,\u00a0Ver.-\u00a0<\/span><\/i><\/b><span data-contrast=\"auto\">Estudiantes de posgrado de la Universidad Veracruzana (UV) elaboraron c\u00e1psulas informativas \u2013en formato de video\u2013 para dar a conocer algunas especies vegetales y de organismos que usuarios y visitantes pueden encontrar en el Jard\u00edn de las Esculturas de Xalapa (JEX).<\/span><span data-ccp-props=\"{}\">\u00a0<\/span><\/p>\n<p><span data-contrast=\"auto\">El material audiovisual fue realizado por\u00a0Abraham Mendoza P\u00e9rez,\u00a0Paola\u00a0Sorcia\u00a0Navarrete y Mar\u00eda Judith Carmona Higuita, estudiantes de la Maestr\u00eda en Ecolog\u00eda Tropical del <a href=\"https:\/\/www.uv.mx\/citro\/\" target=\"_blank\" rel=\"noopener\">Centro de Investigaciones Tropicales<\/a> (<\/span><i><span data-contrast=\"auto\">Citro<\/span><\/i><span data-contrast=\"auto\">) de esta casa de estudios.<\/span><span data-ccp-props=\"{&quot;335559731&quot;:708}\">\u00a0<\/span><\/p>\n<p><span data-contrast=\"auto\">Por\u00a0iniciativa de la direcci\u00f3n del JEX se realiz<\/span><span data-contrast=\"auto\">\u00f3<\/span><span data-contrast=\"auto\">\u00a0una serie de c\u00e1psulas con el fin de compartir informaci\u00f3n que sea del inter\u00e9s de los usuarios y visitantes\u00a0de este espacio, al mismo tiempo que llegue a m\u00e1s personas a trav\u00e9s de las redes sociales.<\/span><span data-ccp-props=\"{&quot;335559731&quot;:708}\">\u00a0<\/span><\/p>\n<p><span data-contrast=\"auto\">Los tres estudiantes de posgrado participaron en esta campa\u00f1a con dos c\u00e1psulas que ya fueron publicadas en el perfil de\u00a0<\/span><i><span data-contrast=\"auto\">Facebook<\/span><\/i><span data-contrast=\"auto\">\u00a0<\/span><a href=\"https:\/\/www.facebook.com\/JardinDeLasEsculturas\"><span data-contrast=\"none\">@JardinDeLasEsculturas<\/span><\/a><span data-contrast=\"auto\">,\u00a0la primera\u00a0se titula \u201cRecorridos bot\u00e1nicos: ep\u00edfitas\u201d, por Paola\u00a0Sorcia\u00a0y Mar\u00eda Judith Carmona; y\u00a0la segunda\u00a0es \u201cFauna del JEX: artr\u00f3podos\u201d,\u00a0realizada\u00a0por Abraham Mendoza.<\/span><\/p>\n<div id=\"attachment_104998\" style=\"width: 732px\" class=\"wp-caption aligncenter\"><a href=\"https:\/\/www.uv.mx\/prensa\/banner\/estudiantes-uv-elaboraron-capsulas-informativas-para-jardin-de-las-esculturas\/attachment\/051121-capsulas-de-estudiantes-2-100k\/\" rel=\"attachment wp-att-104998\"><img aria-describedby=\"caption-attachment-104998\" decoding=\"async\" loading=\"lazy\" class=\"size-full wp-image-104998\" src=\"https:\/\/www.uv.mx\/prensa\/files\/2021\/11\/051121-Capsulas-de-estudiantes-2-100k.jpg\" alt=\"Entre las ep\u00edfitas que pueden encontrarse en el JEX est\u00e1n las orqu\u00eddeas \" width=\"722\" height=\"406\" srcset=\"https:\/\/www.uv.mx\/prensa\/files\/2021\/11\/051121-Capsulas-de-estudiantes-2-100k.jpg 722w, https:\/\/www.uv.mx\/prensa\/files\/2021\/11\/051121-Capsulas-de-estudiantes-2-100k-300x169.jpg 300w\" sizes=\"(max-width: 722px) 100vw, 722px\" \/><\/a><p id=\"caption-attachment-104998\" class=\"wp-caption-text\">Entre las ep\u00edfitas que pueden encontrarse en el JEX est\u00e1n las orqu\u00eddeas<\/p><\/div>\n<p>&nbsp;<\/p>\n<p><b><span data-contrast=\"auto\">Ep\u00edfitas en el JEX<\/span><\/b><span data-ccp-props=\"{}\"><br \/>\n<\/span><span data-contrast=\"auto\">Judith Carmona y Paola\u00a0Sorcia, por medio de\u00a0un material\u00a0audiovisual\u00a0que dura menos de 10 minutos comparten con usuarios de las redes sociales un recorrido virtual para conocer sobre las especies ep\u00edfitas que habitan en las \u00e1reas verdes y andadores del JEX.<\/span><span data-ccp-props=\"{}\">\u00a0<\/span><\/p>\n<p><span data-contrast=\"auto\">En el video, las estudiantes\u00a0del\u00a0<\/span><i><span data-contrast=\"auto\">Citro<\/span><\/i><span data-contrast=\"auto\">\u00a0mencionan que\u00a0se trata de un recorrido para conocer sobre la flora que habita en este espacio donde convive el arte y la naturaleza. La vegetaci\u00f3n del lugar\u00a0corresponde al\u00a0bosque mes\u00f3filo de monta\u00f1a, por lo que los visitantes podr\u00e1n observar una variedad de \u00e1rboles sobre los que habitan organismos ep\u00edfitos.<\/span><span data-ccp-props=\"{&quot;335559731&quot;:708}\">\u00a0<\/span><\/p>\n<p><span data-contrast=\"auto\">Explicaron que se conocen como organismos ep\u00edfitos aquellos que se han adaptado para vivir en otro vegetal, \u201cno le hacen da\u00f1o al \u00e1rbol\u00a0y\u00a0s\u00f3lo lo utilizan de soporte para poder vivir\u201d.<\/span><span data-ccp-props=\"{&quot;335559731&quot;:708}\">\u00a0<\/span><\/p>\n<p><span data-contrast=\"auto\">Las ep\u00edfitas que pueden encontrarse\u00a0en el jard\u00edn son;\u00a0orqu\u00eddeas,\u00a0anturios,\u00a0monstera\u00a0deliciosa (nombrada as\u00ed porque sus hojas y sombra asemejan la forma de monstruo), helechos de diferentes formas,\u00a0bromelias, musgos, l\u00edquenes, entre otros.<\/span><\/p>\n<div id=\"attachment_104999\" style=\"width: 732px\" class=\"wp-caption aligncenter\"><a href=\"https:\/\/www.uv.mx\/prensa\/banner\/estudiantes-uv-elaboraron-capsulas-informativas-para-jardin-de-las-esculturas\/attachment\/051121-capsulas-de-estudiantes-3-100k\/\" rel=\"attachment wp-att-104999\"><img aria-describedby=\"caption-attachment-104999\" decoding=\"async\" loading=\"lazy\" class=\"size-full wp-image-104999\" src=\"https:\/\/www.uv.mx\/prensa\/files\/2021\/11\/051121-Capsulas-de-estudiantes-3-100k.jpg\" alt=\"Abraham Mendoza habl\u00f3 sobre los artr\u00f3podos que pueden encontrar en el JEX\" width=\"722\" height=\"406\" srcset=\"https:\/\/www.uv.mx\/prensa\/files\/2021\/11\/051121-Capsulas-de-estudiantes-3-100k.jpg 722w, https:\/\/www.uv.mx\/prensa\/files\/2021\/11\/051121-Capsulas-de-estudiantes-3-100k-300x169.jpg 300w\" sizes=\"(max-width: 722px) 100vw, 722px\" \/><\/a><p id=\"caption-attachment-104999\" class=\"wp-caption-text\">Abraham Mendoza habl\u00f3 sobre los artr\u00f3podos que pueden encontrar en el JEX<\/p><\/div>\n<p>&nbsp;<\/p>\n<p><b><span data-contrast=\"auto\">Fauna del JEX: artr\u00f3podos<\/span><\/b><span data-ccp-props=\"{}\"><br \/>\n<\/span><span data-contrast=\"auto\">La segunda c\u00e1psula intitulada \u201cFauna del JEX: artr\u00f3podos\u201d fue realizada por\u00a0Abraham Mendoza, tambi\u00e9n estudiante de posgrado del\u00a0<\/span><i><span data-contrast=\"auto\">Citro<\/span><\/i><span data-contrast=\"auto\">, quien durante tres a\u00f1os\u00a0ha trabajado organismos como las mariposas, escarabajos y pulgas, que pertenecen al grupo de los artr\u00f3podos.<\/span><span data-ccp-props=\"{}\">\u00a0<\/span><\/p>\n<p><span data-contrast=\"auto\">En el video de poco m\u00e1s de 10 minutos\u00a0de duraci\u00f3n, el estudiante\u00a0comenta\u00a0que en el JEX los visitantes pueden observar una importante diversidad de artr\u00f3podos como mariposas, escarabajos y hormigas.<\/span><span data-ccp-props=\"{&quot;335559731&quot;:708}\">\u00a0<\/span><\/p>\n<p><span data-contrast=\"auto\">\u201cAdem\u00e1s de ser un espacio art\u00edstico, ofrece un espacio de resguardo para estos organismos.\u201d<\/span><span data-ccp-props=\"{&quot;335559731&quot;:708}\">\u00a0<\/span><\/p>\n<p><span data-contrast=\"auto\">Explica que los artr\u00f3podos son animales que carecen de un esqueleto \u00f3seo, en su lugar su cuerpo est\u00e1 conformado por un esqueleto externo constituido por una sustancia llamada quitina que le proporciona una estructura dura.<\/span><\/p>\n<div id=\"attachment_105000\" style=\"width: 732px\" class=\"wp-caption aligncenter\"><a href=\"https:\/\/www.uv.mx\/prensa\/banner\/estudiantes-uv-elaboraron-capsulas-informativas-para-jardin-de-las-esculturas\/attachment\/051121-capsulas-de-estudiantes-4-100k\/\" rel=\"attachment wp-att-105000\"><img aria-describedby=\"caption-attachment-105000\" decoding=\"async\" loading=\"lazy\" class=\"size-full wp-image-105000\" src=\"https:\/\/www.uv.mx\/prensa\/files\/2021\/11\/051121-Capsulas-de-estudiantes-4-100k.jpg\" alt=\"Los visitantes pueden observar mariposas, escarabajos y hormigas \" width=\"722\" height=\"406\" srcset=\"https:\/\/www.uv.mx\/prensa\/files\/2021\/11\/051121-Capsulas-de-estudiantes-4-100k.jpg 722w, https:\/\/www.uv.mx\/prensa\/files\/2021\/11\/051121-Capsulas-de-estudiantes-4-100k-300x169.jpg 300w\" sizes=\"(max-width: 722px) 100vw, 722px\" \/><\/a><p id=\"caption-attachment-105000\" class=\"wp-caption-text\">Los visitantes pueden observar mariposas, escarabajos y hormigas<\/p><\/div>\n<p>&nbsp;<\/p>\n<p><span data-contrast=\"auto\">Adem\u00e1s, las partes de sus cuerpos est\u00e1n segmentadas; las antenas, los tres pares de patas y cuerpo est\u00e1n articulados. Son el grupo m\u00e1s diverso a nivel mundial, con aproximadamente un mill\u00f3n 25 mil especies descritas.<\/span><span data-ccp-props=\"{&quot;335559731&quot;:708}\">\u00a0<\/span><\/p>\n<p><span data-contrast=\"auto\">Dentro de este espacio se tienen reportadas algunas especies de hormigas: hormiga argentina, hormiga de fuego, hormiga\u00a0faraona\u00a0y hormiga de pavimento.<\/span><span data-ccp-props=\"{&quot;335559731&quot;:708}\">\u00a0<\/span><\/p>\n<p><span data-contrast=\"auto\">\u201cLos visitantes encontrar\u00e1n diferentes especies de insectos y artr\u00f3podos, al igual que las obras de artistas que se presentan en este lugar.\u201d<\/span><span data-ccp-props=\"{&quot;335559731&quot;:708}\">\u00a0<\/span><\/p>\n<p><span data-contrast=\"auto\">Cabe destacar que ambas c\u00e1psulas informativas est\u00e1n disponibles en la\u00a0<\/span><i><span data-contrast=\"auto\">web<\/span><\/i><span data-contrast=\"auto\">\u00a0para su consulta, a trav\u00e9s de\u00a0<\/span><i><span data-contrast=\"auto\">Facebook<\/span><\/i><span data-contrast=\"auto\">\u00a0<\/span><a href=\"https:\/\/www.facebook.com\/JardinDeLasEsculturas\"><span data-contrast=\"none\">@JardinDeLasEsculturas<\/span><\/a><span data-contrast=\"auto\">.<\/span><span data-ccp-props=\"{&quot;335559731&quot;:708}\">\u00a0<\/span><\/p>\n","protected":false},"excerpt":{"rendered":"<p>Los videos, disponibles en la p\u00e1gina de <em>Facebook<\/em> JardinDeLasEsculturas, fueron realizados por Abraham Mendoza, Paola Sorcia y Mar\u00eda Carmona <\/p>\n","protected":false},"author":1775,"featured_media":105001,"comment_status":"closed","ping_status":"closed","sticky":false,"template":"","format":"standard","meta":[],"categories":[61],"tags":[5193,5190,1080,150,559,5191,5192,5154,5195,4164,5194,83],"_links":{"self":[{"href":"https:\/\/www.uv.mx\/prensa\/wp-json\/wp\/v2\/posts\/104996"}],"collection":[{"href":"https:\/\/www.uv.mx\/prensa\/wp-json\/wp\/v2\/posts"}],"about":[{"href":"https:\/\/www.uv.mx\/prensa\/wp-json\/wp\/v2\/types\/post"}],"author":[{"embeddable":true,"href":"https:\/\/www.uv.mx\/prensa\/wp-json\/wp\/v2\/users\/1775"}],"replies":[{"embeddable":true,"href":"https:\/\/www.uv.mx\/prensa\/wp-json\/wp\/v2\/comments?post=104996"}],"version-history":[{"count":1,"href":"https:\/\/www.uv.mx\/prensa\/wp-json\/wp\/v2\/posts\/104996\/revisions"}],"predecessor-version":[{"id":105043,"href":"https:\/\/www.uv.mx\/prensa\/wp-json\/wp\/v2\/posts\/104996\/revisions\/105043"}],"wp:featuredmedia":[{"embeddable":true,"href":"https:\/\/www.uv.mx\/prensa\/wp-json\/wp\/v2\/media\/105001"}],"wp:attachment":[{"href":"https:\/\/www.uv.mx\/prensa\/wp-json\/wp\/v2\/media?parent=104996"}],"wp:term":[{"taxonomy":"category","embeddable":true,"href":"https:\/\/www.uv.mx\/prensa\/wp-json\/wp\/v2\/categories?post=104996"},{"taxonomy":"post_tag","embeddable":true,"href":"https:\/\/www.uv.mx\/prensa\/wp-json\/wp\/v2\/tags?post=104996"}],"curies":[{"name":"wp","href":"https:\/\/api.w.org\/{rel}","templated":true}]}}