{"id":105072,"date":"2021-11-11T08:00:19","date_gmt":"2021-11-11T14:00:19","guid":{"rendered":"https:\/\/www.uv.mx\/prensa\/?p=105072"},"modified":"2021-11-11T11:18:27","modified_gmt":"2021-11-11T17:18:27","slug":"suicidio-no-tiene-relacion-genetica-ni-con-instintos-raul-antonio-jimenez","status":"publish","type":"post","link":"https:\/\/www.uv.mx\/prensa\/general\/suicidio-no-tiene-relacion-genetica-ni-con-instintos-raul-antonio-jimenez\/","title":{"rendered":"Suicidio no tiene relaci\u00f3n con gen\u00e9tica ni con instintos: Ra\u00fal Antonio Jim\u00e9nez"},"content":{"rendered":"<ul>\n<li data-leveltext=\"\uf0b7\" data-font=\"Symbol\" data-listid=\"1\" data-aria-posinset=\"1\" data-aria-level=\"1\"><i><span data-contrast=\"auto\">Ra\u00fal Antonio Jim\u00e9nez realiza investigaci\u00f3n que\u00a0tiene la intenci\u00f3n de recuperar la dignidad del suicidio,\u00a0menguada por la\u00a0psicologizaci\u00f3n\u00a0y la\u00a0psiquiatrizaci\u00f3n<\/span><\/i><span data-ccp-props=\"{&quot;134233279&quot;:true}\">\u00a0<\/span><\/li>\n<\/ul>\n<p><span data-ccp-props=\"{}\">\u00a0<\/span><\/p>\n<div id=\"attachment_105073\" style=\"width: 732px\" class=\"wp-caption aligncenter\"><a href=\"https:\/\/www.uv.mx\/prensa\/general\/suicidio-no-tiene-relacion-genetica-ni-con-instintos-raul-antonio-jimenez\/attachment\/081121-paola-acto-suicida-100k\/\" rel=\"attachment wp-att-105073\"><img aria-describedby=\"caption-attachment-105073\" decoding=\"async\" loading=\"lazy\" class=\"size-full wp-image-105073\" src=\"https:\/\/www.uv.mx\/prensa\/files\/2021\/11\/081121-PAOLA-Acto-suicida-100k.jpg\" alt=\"Ra\u00fal Antonio Jim\u00e9nez, egresado del Doctorado en Psicolog\u00eda de la UV \" width=\"722\" height=\"481\" srcset=\"https:\/\/www.uv.mx\/prensa\/files\/2021\/11\/081121-PAOLA-Acto-suicida-100k.jpg 722w, https:\/\/www.uv.mx\/prensa\/files\/2021\/11\/081121-PAOLA-Acto-suicida-100k-300x200.jpg 300w\" sizes=\"(max-width: 722px) 100vw, 722px\" \/><\/a><p id=\"caption-attachment-105073\" class=\"wp-caption-text\">Ra\u00fal Antonio Jim\u00e9nez, egresado del Doctorado en Psicolog\u00eda de la UV<\/p><\/div>\n<p>&nbsp;<\/p>\n<p><b><i><span data-contrast=\"auto\">Paola Cort\u00e9s P\u00e9rez<\/span><\/i><\/b><span data-ccp-props=\"{}\">\u00a0<\/span><\/p>\n<p><b><i><span data-contrast=\"auto\">11\/11\/2021, Xalapa,\u00a0Ver.-<\/span><\/i><\/b><span data-contrast=\"auto\">\u00a0Ra\u00fal Antonio Jim\u00e9nez Betancourt, egresado del programa educativo de <a href=\"https:\/\/www.uv.mx\/dp\/\" target=\"_blank\" rel=\"noopener\">Doctorado en Psicolog\u00eda<\/a>\u00a0de la Universidad Veracruzana (UV),\u00a0plante\u00f3 que\u00a0el suicidio no tiene relaci\u00f3n alguna con la gen\u00e9tica ni con los instintos, al dictar la conferencia \u201cActo suicida y\u00a0psicoan\u00e1lisis\u201d.<\/span><span data-ccp-props=\"{}\">\u00a0<\/span><\/p>\n<p><span data-contrast=\"auto\">El evento acad\u00e9mico fue\u00a0organizado\u00a0por las\u00a0consejer\u00edas\u00a0estudiantiles\u00a0de las facultades de Psicolog\u00eda de las regiones Xalapa, Veracruz y Poza Rica; transmitida por\u00a0<\/span><i><span data-contrast=\"auto\">Facebook Live<\/span><\/i><span data-contrast=\"auto\">\u00a0en\u00a0<\/span><a href=\"https:\/\/www.facebook.com\/consejoestudiantilpsicologia\"><span data-contrast=\"none\">@consejoestudiantilpsicologia<\/span><\/a><span data-contrast=\"auto\">.<\/span><span data-ccp-props=\"{&quot;335559731&quot;:708}\">\u00a0<\/span><\/p>\n<p><span data-contrast=\"auto\">En la pl\u00e1tica el universitario\u00a0realiz\u00f3 un recorrido sobre lo que plantea el psicoan\u00e1lisis acerca del suicidio: no tiene mucho sentido hablar de la prevenci\u00f3n, cuando el sujeto no es algo que pueda prevenirse, por el contrario,\u00a0es algo emergente, algo que se produce.<\/span><span data-ccp-props=\"{&quot;335559731&quot;:708}\">\u00a0<\/span><\/p>\n<p><span data-contrast=\"auto\">\u201cEl psicoan\u00e1lisis no es psicolog\u00eda a pesar de que se ha\u00a0psicologizado\u00a0mucho, a partir de ello diremos que la psicolog\u00eda al abordar el suicidio autom\u00e1ticamente piensa en prevenci\u00f3n o en t\u00e9cnicas para prevenirlo.\u201d<\/span><span data-ccp-props=\"{&quot;335559731&quot;:708}\">\u00a0<\/span><\/p>\n<p><span data-contrast=\"auto\">Sigmund Freud, el padre del psicoan\u00e1lisis,\u00a0piensa que el\u00a0suicidio\u00a0es como cometer un\u00a0autoasesinato; es\u00a0un asesinato indirecto v\u00eda el sadismo y destruyendo a un yo identificado.<\/span><span data-ccp-props=\"{&quot;335559731&quot;:708}\">\u00a0<\/span><\/p>\n<p><span data-contrast=\"auto\">\u201cEstar\u00e1 asociado a la culpa y habr\u00eda una especie de criminalizaci\u00f3n del suicidio, porque est\u00e1n los elementos de asesinato y de culpa.\u00a0Esto se le ha criticado constantemente, al tomar al suicidio como un fen\u00f3meno unitario.\u201d<\/span><span data-ccp-props=\"{&quot;335559731&quot;:708}\">\u00a0<\/span><\/p>\n<p><span data-contrast=\"auto\">Ra\u00fal Antonio Jim\u00e9nez\u00a0mencion\u00f3 que para Freud el suicidio es un exceso de cantidades psicotr\u00f3picas de pulsi\u00f3n de muerte; el suicida es un neur\u00f3tico que tiene mucha pulsi\u00f3n de muerte, que puede explicarse bajo el paradigma de la melancol\u00eda.<\/span><span data-ccp-props=\"{&quot;335559731&quot;:708}\">\u00a0<\/span><\/p>\n<p><span data-contrast=\"auto\">Mientras Jacques Lacan, psiquiatra y psicoanalista franc\u00e9s,\u00a0explica que el suicidio es el \u00fanico acto que tiene \u00e9xito sin fracaso.<\/span><span data-ccp-props=\"{&quot;335559731&quot;:708}\">\u00a0<\/span><\/p>\n<p><span data-contrast=\"auto\">Ante\u00a0estos planteamientos,\u00a0Jim\u00e9nez Betancourt comparti\u00f3 que en\u00a0su proyecto de investigaci\u00f3n\u00a0tiene la intenci\u00f3n de recuperar la dignidad del suicidio\u00a0que ha sido menguada por la\u00a0psicologizaci\u00f3n\u00a0y la\u00a0psiquiatrizaci\u00f3n\u00a0(convertir en psiqui\u00e1trico un problema de \u00edndole social y darle una soluci\u00f3n t\u00e9cnica).<\/span><span data-ccp-props=\"{&quot;335559731&quot;:708}\">\u00a0<\/span><\/p>\n<p><span data-contrast=\"auto\">\u201cMe interesa abordar el suicidio de la mano de los suicidas, hay que darle voz en lugar de preguntarse por el suicidio desde los dispositivos de control, un gesto metodol\u00f3gico es enfocarse en lo que nos dicen.\u201d<\/span><span data-ccp-props=\"{&quot;335559731&quot;:708}\">\u00a0<\/span><\/p>\n<p><span data-contrast=\"auto\">Mencion\u00f3 que el suicidio no tiene relaci\u00f3n alguna con la gen\u00e9tica ni con los instintos, no es una decisi\u00f3n ego\u00edsta, pensarlo de esta manera ser\u00eda\u00a0psicologilizarlo.<\/span><span data-ccp-props=\"{&quot;335559731&quot;:708}\">\u00a0<\/span><\/p>\n<p><span data-contrast=\"auto\">Con respecto a la eutanasia, opin\u00f3 que legalizarla es un logro despu\u00e9s de casi un siglo de lucha,\u00a0aunque es de la opini\u00f3n cr\u00edtica de que el suicidio no tendr\u00eda que ser justificado por un aparato m\u00e9dico-jur\u00eddico sino un derecho, no rendir cuentas sobre\u00a0c\u00f3mo, cu\u00e1ndo, d\u00f3nde y por qu\u00e9.<\/span><span data-ccp-props=\"{&quot;335559731&quot;:708}\">\u00a0<\/span><\/p>\n","protected":false},"excerpt":{"rendered":"<p>\u201cMe interesa abordar el suicidio de la mano de los suicidas, hay que darle voz en lugar de preguntarse por el suicidio desde los dispositivos de control, un gesto metodol\u00f3gico es enfocarse en lo que nos dicen\u201d <\/p>\n","protected":false},"author":1775,"featured_media":105073,"comment_status":"closed","ping_status":"closed","sticky":false,"template":"","format":"standard","meta":[],"categories":[1],"tags":[591,5237,5235,5238,4164,874,1296,5234,33,5236,63,307],"_links":{"self":[{"href":"https:\/\/www.uv.mx\/prensa\/wp-json\/wp\/v2\/posts\/105072"}],"collection":[{"href":"https:\/\/www.uv.mx\/prensa\/wp-json\/wp\/v2\/posts"}],"about":[{"href":"https:\/\/www.uv.mx\/prensa\/wp-json\/wp\/v2\/types\/post"}],"author":[{"embeddable":true,"href":"https:\/\/www.uv.mx\/prensa\/wp-json\/wp\/v2\/users\/1775"}],"replies":[{"embeddable":true,"href":"https:\/\/www.uv.mx\/prensa\/wp-json\/wp\/v2\/comments?post=105072"}],"version-history":[{"count":1,"href":"https:\/\/www.uv.mx\/prensa\/wp-json\/wp\/v2\/posts\/105072\/revisions"}],"predecessor-version":[{"id":105163,"href":"https:\/\/www.uv.mx\/prensa\/wp-json\/wp\/v2\/posts\/105072\/revisions\/105163"}],"wp:featuredmedia":[{"embeddable":true,"href":"https:\/\/www.uv.mx\/prensa\/wp-json\/wp\/v2\/media\/105073"}],"wp:attachment":[{"href":"https:\/\/www.uv.mx\/prensa\/wp-json\/wp\/v2\/media?parent=105072"}],"wp:term":[{"taxonomy":"category","embeddable":true,"href":"https:\/\/www.uv.mx\/prensa\/wp-json\/wp\/v2\/categories?post=105072"},{"taxonomy":"post_tag","embeddable":true,"href":"https:\/\/www.uv.mx\/prensa\/wp-json\/wp\/v2\/tags?post=105072"}],"curies":[{"name":"wp","href":"https:\/\/api.w.org\/{rel}","templated":true}]}}