{"id":105209,"date":"2021-11-13T08:00:24","date_gmt":"2021-11-13T14:00:24","guid":{"rendered":"https:\/\/www.uv.mx\/prensa\/?p=105209"},"modified":"2021-11-12T20:22:44","modified_gmt":"2021-11-13T02:22:44","slug":"biciestacionamiento-de-ciencias-biologicas-ejemplo-de-sustentabilidad","status":"publish","type":"post","link":"https:\/\/www.uv.mx\/prensa\/banner\/biciestacionamiento-de-ciencias-biologicas-ejemplo-de-sustentabilidad\/","title":{"rendered":"Biciestacionamiento\u00a0de Ciencias Biol\u00f3gicas,\u00a0ejemplo de sustentabilidad\u00a0"},"content":{"rendered":"<style type=\"text\/css\">\n  blockquote p { color: #28519b; font-family: helvetica; font-size: 1.4em; }<br \/>\n<\/style>\n<p>&nbsp;<\/p>\n<ul>\n<li data-leveltext=\"\uf0b7\" data-font=\"Symbol\" data-listid=\"5\" data-aria-posinset=\"1\" data-aria-level=\"1\"><i><span data-contrast=\"auto\">Beneficiar\u00e1 a estudiantes,\u00a0maestros\u00a0y personal\u00a0que utilizan la bicicleta como medio de transporte<\/span><\/i><span data-ccp-props=\"{}\">\u00a0<\/span><\/li>\n<li data-leveltext=\"\uf0b7\" data-font=\"Symbol\" data-listid=\"5\" data-aria-posinset=\"2\" data-aria-level=\"1\"><i><span data-contrast=\"auto\">Los m\u00f3dulos fueron elaborados\u00a0con apoyo del Ayuntamiento de Xalapa,\u00a0con tubos que eran material de desecho\u00a0<\/span><\/i><span data-ccp-props=\"{}\">\u00a0<\/span><\/li>\n<\/ul>\n<p><span data-ccp-props=\"{&quot;335559685&quot;:720}\">\u00a0<\/span><\/p>\n<div id=\"attachment_105211\" style=\"width: 732px\" class=\"wp-caption aligncenter\"><img aria-describedby=\"caption-attachment-105211\" decoding=\"async\" loading=\"lazy\" class=\"size-full wp-image-105211\" src=\"https:\/\/www.uv.mx\/prensa\/files\/2021\/11\/091121-CARLOS-Biciestacionamiento-1.jpg\" alt=\"\" width=\"722\" height=\"481\" srcset=\"https:\/\/www.uv.mx\/prensa\/files\/2021\/11\/091121-CARLOS-Biciestacionamiento-1.jpg 722w, https:\/\/www.uv.mx\/prensa\/files\/2021\/11\/091121-CARLOS-Biciestacionamiento-1-300x200.jpg 300w\" sizes=\"(max-width: 722px) 100vw, 722px\" \/><p id=\"caption-attachment-105211\" class=\"wp-caption-text\">El\u00a0biciestacionamiento\u00a0instalado consta de ocho m\u00f3dulos que tienen cabida para 16 bicicletas<\/p><\/div>\n<p><span data-ccp-props=\"{}\">\u00a0<\/span><\/p>\n<blockquote><p><span data-contrast=\"auto\">Rafael Ortega Sol\u00eds, encargado del eje de Espacios Universitarios y Movilidad Sustentable de la\u00a0<\/span><i><span data-contrast=\"auto\">CoSustenta<\/span><\/i><span data-contrast=\"auto\">, mencion\u00f3 que se tiene contemplado instalar biciestacionamientos en las facultades de Arquitectura, Derecho, y Contadur\u00eda y Administraci\u00f3n, en sitios vigilados e iluminados que sean seguros para encadenar las bicicletas<\/span><span data-ccp-props=\"{}\">\u00a0<\/span><\/p><\/blockquote>\n<p><span data-ccp-props=\"{}\">\u00a0<\/span><\/p>\n<p><b><i><span data-contrast=\"auto\">Carlos Hugo Hermida Rosales<\/span><\/i><\/b><span data-ccp-props=\"{}\">\u00a0<\/span><\/p>\n<p><b><i><span data-contrast=\"auto\">13\/11\/2021,\u00a0Xalapa,\u00a0Ver.-\u00a0<\/span><\/i><\/b><span data-contrast=\"auto\">La\u00a0Coordinaci\u00f3n Universitaria para la Sustentabilidad (<\/span><i><span data-contrast=\"auto\">CoSustenta<\/span><\/i><span data-contrast=\"auto\">)\u00a0de la Universidad Veracruzana (UV), con apoyo de\u00a0la Direcci\u00f3n de Medio Ambiente del\u00a0Ayuntamiento de Xalapa, instal\u00f3 el 9 de noviembre un\u00a0biciestacionamiento\u00a0en la Unidad de Ciencias Biol\u00f3gicas y Agropecuarias, que beneficiar\u00e1 a estudiantes y maestros de las licenciaturas y posgrados que all\u00ed se\u00a0imparten.<\/span><span data-ccp-props=\"{}\">\u00a0<\/span><\/p>\n<p><span data-contrast=\"auto\">\u00a0<\/span> <span data-contrast=\"auto\">Miguel \u00c1ngel Escalona Aguilar, titular de la\u00a0<\/span><i><span data-contrast=\"auto\">CoSustenta<\/span><\/i><span data-contrast=\"auto\">,\u00a0coment\u00f3\u00a0que\u00a0el plan es\u00a0instalar\u00a0este tipo\u00a0de\u00a0infraestrucura,\u00a0elaborada\u00a0con tubos que\u00a0ser\u00edan desechados,\u00a0en distintos espacios universitarios.<\/span><span data-ccp-props=\"{}\">\u00a0<\/span><\/p>\n<p><span data-contrast=\"auto\">As\u00ed,\u00a0a trav\u00e9s de esta iniciativa,\u00a0se le\u00a0brinda una segunda oportunidad a un material que de otra forma terminar\u00eda en la basura, se genera una infraestructura que es demandada por la comunidad universitaria y se apoya una propuesta de econom\u00eda circular que disminuye el impacto ambiental.\u00a0<\/span><span data-ccp-props=\"{&quot;335559731&quot;:708}\">\u00a0<\/span><\/p>\n<p><span data-contrast=\"auto\">Comparti\u00f3 que el\u00a0biciestacionamiento\u00a0instalado consta de ocho m\u00f3dulos\u00a0que\u00a0tienen cabida para 16 bicicletas, y afirm\u00f3 que representa un bonito ejemplo de un concepto de econom\u00eda circular y sustentabilidad.\u00a0<\/span><span data-ccp-props=\"{&quot;335559731&quot;:708}\">\u00a0<\/span><\/p>\n<p>&nbsp;<\/p>\n<div id=\"attachment_105212\" style=\"width: 732px\" class=\"wp-caption aligncenter\"><img aria-describedby=\"caption-attachment-105212\" decoding=\"async\" loading=\"lazy\" class=\"size-full wp-image-105212\" src=\"https:\/\/www.uv.mx\/prensa\/files\/2021\/11\/091121-CARLOS-Biciestacionamiento-2.jpg\" alt=\"\" width=\"722\" height=\"482\" srcset=\"https:\/\/www.uv.mx\/prensa\/files\/2021\/11\/091121-CARLOS-Biciestacionamiento-2.jpg 722w, https:\/\/www.uv.mx\/prensa\/files\/2021\/11\/091121-CARLOS-Biciestacionamiento-2-300x200.jpg 300w\" sizes=\"(max-width: 722px) 100vw, 722px\" \/><p id=\"caption-attachment-105212\" class=\"wp-caption-text\">Miguel \u00c1ngel Escalona Aguilar, titular de la\u00a0<em>CoSustenta<\/em><\/p><\/div>\n<p>&nbsp;<\/p>\n<p><span data-contrast=\"auto\">Puntualiz\u00f3 que los directores y administradores de las entidades acad\u00e9micas beneficiadas con estos espacios s\u00f3lo gastan en taquetes y tornillos utilizados para fijar los tubos, aunque deben comprometerse a brindarles un mantenimiento adecuado.\u00a0\u00a0<\/span><span data-ccp-props=\"{&quot;335559731&quot;:708}\">\u00a0<\/span><\/p>\n<p><span data-contrast=\"auto\">Rafael Ortega Sol\u00eds, encargado del eje de Espacios Universitarios y Movilidad\u00a0Sustentable de la\u00a0<\/span><i><span data-contrast=\"auto\">CoSustenta<\/span><\/i><span data-contrast=\"auto\">, mencion\u00f3 que se tiene contemplado instalar\u00a0biciestacionamientos\u00a0en las facultades de Arquitectura, Derecho, y Contadur\u00eda y Administraci\u00f3n, en\u00a0sitios\u00a0vigilados e iluminados que sean seguros para encadenar las bicicletas.<\/span><span data-contrast=\"auto\">\u00a0<\/span><span data-ccp-props=\"{&quot;335559731&quot;:708}\">\u00a0<\/span><\/p>\n<p><span data-contrast=\"auto\">Asegur\u00f3 que la creaci\u00f3n de estos\u00a0espacios genera una demanda inducida, ya que se motiva a que las personas utilicen la bicicleta como medio de transporte.<\/span><span data-ccp-props=\"{&quot;335559731&quot;:708}\">\u00a0<\/span><\/p>\n<p>&nbsp;<\/p>\n<div id=\"attachment_105213\" style=\"width: 732px\" class=\"wp-caption aligncenter\"><img aria-describedby=\"caption-attachment-105213\" decoding=\"async\" loading=\"lazy\" class=\"size-full wp-image-105213\" src=\"https:\/\/www.uv.mx\/prensa\/files\/2021\/11\/091121-CARLOS-Biciestacionamiento-3.jpg\" alt=\"\" width=\"722\" height=\"481\" srcset=\"https:\/\/www.uv.mx\/prensa\/files\/2021\/11\/091121-CARLOS-Biciestacionamiento-3.jpg 722w, https:\/\/www.uv.mx\/prensa\/files\/2021\/11\/091121-CARLOS-Biciestacionamiento-3-300x200.jpg 300w\" sizes=\"(max-width: 722px) 100vw, 722px\" \/><p id=\"caption-attachment-105213\" class=\"wp-caption-text\">Carlos Roberto Serd\u00e1n Cabrera, director de la Facultad de Ciencias Agr\u00edcolas<\/p><\/div>\n<p>&nbsp;<\/p>\n<p><span data-contrast=\"auto\">Carlos Roberto Serd\u00e1n Cabrera, director de la Facultad de Ciencias Agr\u00edcolas,\u00a0record\u00f3\u00a0que las bicicletas trasladan personas sin utilizar mucho espacio en la v\u00eda p\u00fablica, y adem\u00e1s\u00a0promueven un estilo de vida saludable.\u00a0<\/span><span data-ccp-props=\"{&quot;335559731&quot;:708}\">\u00a0<\/span><\/p>\n<p><span data-contrast=\"auto\">Afirm\u00f3\u00a0que en muchas ocasiones la infraestructura genera una cultura de uso, por lo que espera que el\u00a0biciestacionamiento\u00a0instalado motive a estudiantes y docentes a utilizar la bicicleta como medio de transporte.\u00a0<\/span><span data-ccp-props=\"{&quot;335559731&quot;:708}\">\u00a0<\/span><\/p>\n<p><span data-contrast=\"auto\">Para\u00a0Clementina\u00a0Barrera\u00a0Bernal, directora de la Facultad de\u00a0Biolog\u00eda, esta iniciativa promueve la sustentabilidad al impulsar un medio de traslado alternativo que no contamina\u00a0la atm\u00f3sfera.\u00a0<\/span><span data-ccp-props=\"{&quot;335559731&quot;:708}\">\u00a0<\/span><\/p>\n<p><span data-contrast=\"auto\">Mencion\u00f3 que el espacio instalado ser\u00e1 de gran utilidad para la comunidad universitaria que se desplaza a trav\u00e9s de bicicletas.\u00a0\u00a0<\/span><span data-ccp-props=\"{&quot;335559731&quot;:708}\">\u00a0<\/span><\/p>\n<p><span data-ccp-props=\"{}\">\u00a0<\/span><\/p>\n<div id=\"attachment_105214\" style=\"width: 732px\" class=\"wp-caption aligncenter\"><img aria-describedby=\"caption-attachment-105214\" decoding=\"async\" loading=\"lazy\" class=\"size-full wp-image-105214\" src=\"https:\/\/www.uv.mx\/prensa\/files\/2021\/11\/091121-CARLOS-Biciestacionamiento-4.jpg\" alt=\"\" width=\"722\" height=\"481\" srcset=\"https:\/\/www.uv.mx\/prensa\/files\/2021\/11\/091121-CARLOS-Biciestacionamiento-4.jpg 722w, https:\/\/www.uv.mx\/prensa\/files\/2021\/11\/091121-CARLOS-Biciestacionamiento-4-300x200.jpg 300w\" sizes=\"(max-width: 722px) 100vw, 722px\" \/><p id=\"caption-attachment-105214\" class=\"wp-caption-text\">Clementina Barrera Bernal, directora de la Facultad de Biolog\u00eda<\/p><\/div>\n","protected":false},"excerpt":{"rendered":"<p>Consta de ocho m\u00f3dulos que tienen cabida para 16 bicicletas; es un ejemplo de econom\u00eda circular y sustentabilidad\u00a0<\/p>\n","protected":false},"author":1869,"featured_media":105215,"comment_status":"closed","ping_status":"closed","sticky":false,"template":"","format":"standard","meta":[],"categories":[61],"tags":[],"_links":{"self":[{"href":"https:\/\/www.uv.mx\/prensa\/wp-json\/wp\/v2\/posts\/105209"}],"collection":[{"href":"https:\/\/www.uv.mx\/prensa\/wp-json\/wp\/v2\/posts"}],"about":[{"href":"https:\/\/www.uv.mx\/prensa\/wp-json\/wp\/v2\/types\/post"}],"author":[{"embeddable":true,"href":"https:\/\/www.uv.mx\/prensa\/wp-json\/wp\/v2\/users\/1869"}],"replies":[{"embeddable":true,"href":"https:\/\/www.uv.mx\/prensa\/wp-json\/wp\/v2\/comments?post=105209"}],"version-history":[{"count":1,"href":"https:\/\/www.uv.mx\/prensa\/wp-json\/wp\/v2\/posts\/105209\/revisions"}],"predecessor-version":[{"id":105389,"href":"https:\/\/www.uv.mx\/prensa\/wp-json\/wp\/v2\/posts\/105209\/revisions\/105389"}],"wp:featuredmedia":[{"embeddable":true,"href":"https:\/\/www.uv.mx\/prensa\/wp-json\/wp\/v2\/media\/105215"}],"wp:attachment":[{"href":"https:\/\/www.uv.mx\/prensa\/wp-json\/wp\/v2\/media?parent=105209"}],"wp:term":[{"taxonomy":"category","embeddable":true,"href":"https:\/\/www.uv.mx\/prensa\/wp-json\/wp\/v2\/categories?post=105209"},{"taxonomy":"post_tag","embeddable":true,"href":"https:\/\/www.uv.mx\/prensa\/wp-json\/wp\/v2\/tags?post=105209"}],"curies":[{"name":"wp","href":"https:\/\/api.w.org\/{rel}","templated":true}]}}