{"id":105221,"date":"2021-11-14T08:00:42","date_gmt":"2021-11-14T14:00:42","guid":{"rendered":"https:\/\/www.uv.mx\/prensa\/?p=105221"},"modified":"2021-11-11T14:32:49","modified_gmt":"2021-11-11T20:32:49","slug":"atencion-a-la-salud-problema-historico-en-mexico-dulce-cinta","status":"publish","type":"post","link":"https:\/\/www.uv.mx\/prensa\/general\/atencion-a-la-salud-problema-historico-en-mexico-dulce-cinta\/","title":{"rendered":"Atenci\u00f3n a la salud, problema hist\u00f3rico en M\u00e9xico: Dulce Cinta\u00a0"},"content":{"rendered":"<p>&nbsp;<\/p>\n<ul>\n<li data-leveltext=\"\uf0b7\" data-font=\"Symbol\" data-listid=\"20\" data-aria-posinset=\"1\" data-aria-level=\"1\"><i><span data-contrast=\"none\">En el pa\u00eds persiste una segmentaci\u00f3n y fragmentaci\u00f3n de los servicios y prestaciones de salud y sociales<\/span><\/i><span data-ccp-props=\"{&quot;134233279&quot;:true,&quot;201341983&quot;:0,&quot;335559739&quot;:200,&quot;335559740&quot;:240}\">\u00a0<\/span><\/li>\n<li data-leveltext=\"\uf0b7\" data-font=\"Symbol\" data-listid=\"20\" data-aria-posinset=\"2\" data-aria-level=\"1\"><i><span data-contrast=\"auto\">De acuerdo a la DUDH, ninguna persona, por cuestiones de edad, sexo, religi\u00f3n, etnia, situaci\u00f3n econ\u00f3mica o preferencia sexual, debe ser discriminada en el\u00a0acceso a este derecho<\/span><\/i><span data-ccp-props=\"{&quot;134233279&quot;:true,&quot;201341983&quot;:0,&quot;335559739&quot;:200,&quot;335559740&quot;:240}\">\u00a0<\/span><\/li>\n<\/ul>\n<p><span data-ccp-props=\"{&quot;201341983&quot;:0,&quot;335559739&quot;:200,&quot;335559740&quot;:240}\">\u00a0<\/span><\/p>\n<div id=\"attachment_39877\" style=\"width: 731px\" class=\"wp-caption aligncenter\"><img aria-describedby=\"caption-attachment-39877\" decoding=\"async\" loading=\"lazy\" class=\"size-full wp-image-39877\" src=\"https:\/\/www.uv.mx\/prensa\/files\/2018\/01\/090118_Dulce-Maria-Cinta-e1598990910169.jpg\" alt=\"Dulce Mar\u00eda Cinta Loaiza, coordinadora de la Maestr\u00eda en Salud P\u00fablica\" width=\"721\" height=\"481\" \/><p id=\"caption-attachment-39877\" class=\"wp-caption-text\"><span data-contrast=\"none\">Dulce Mar\u00eda Cinta Loaiza, investigadora\u00a0del Instituto de Salud P\u00fablica<\/span><\/p><\/div>\n<p><span data-ccp-props=\"{&quot;201341983&quot;:0,&quot;335559739&quot;:200,&quot;335559740&quot;:240}\">\u00a0<\/span><\/p>\n<p><b><i><span data-contrast=\"auto\">Jos\u00e9 Luis\u00a0Couttolenc\u00a0Soto<\/span><\/i><\/b><span data-ccp-props=\"{&quot;201341983&quot;:0,&quot;335559739&quot;:200,&quot;335559740&quot;:240}\">\u00a0<\/span><\/p>\n<p><b><i><span data-contrast=\"auto\">14\/11\/2021, Xalapa,\u00a0Ver.-\u00a0<\/span><\/i><\/b><span data-contrast=\"auto\">\u00a0Dulce Mar\u00eda Cinta Loaiza,\u00a0investigadora\u00a0adscrita al Instituto de Salud P\u00fablica (ISP)\u00a0de la Universidad\u00a0Veracruzana (UV), fue entrevistada para hablar sobre el derecho a la salud que tienen todos los seres humanos.<\/span><span data-ccp-props=\"{&quot;201341983&quot;:0,&quot;335559739&quot;:200,&quot;335559740&quot;:240}\">\u00a0<\/span><\/p>\n<p><span data-contrast=\"auto\">En este sentido, comenz\u00f3 citando la Declaraci\u00f3n Universal de los Derechos Humanos (DUDH), que\u00a0asegura que toda persona\u00a0tiene derecho a un nivel de vida adecuado que le asegure a ella\u00a0y a su familia la salud y el bienestar.<\/span><span data-ccp-props=\"{&quot;201341983&quot;:0,&quot;335559739&quot;:200,&quot;335559740&quot;:240}\">\u00a0<\/span><\/p>\n<p><span data-contrast=\"auto\">Puntualiz\u00f3\u00a0que la salud es mucho m\u00e1s que la ausencia de enfermedad, y que los\u00a0estados\u00a0son\u00a0los responsables de hacer que este derecho se cumpla.<\/span><span data-ccp-props=\"{&quot;201341983&quot;:0,&quot;335559739&quot;:200,&quot;335559740&quot;:240}\">\u00a0<\/span><\/p>\n<p><span data-contrast=\"auto\">La\u00a0investigadora\u00a0universitaria\u00a0sostuvo\u00a0que ninguna persona, por cuestiones de edad, sexo, religi\u00f3n, etnia, situaci\u00f3n econ\u00f3mica o preferencia sexual, debe ser discriminada\u00a0en su acceso a este derecho.<\/span><span data-ccp-props=\"{&quot;201341983&quot;:0,&quot;335559731&quot;:708,&quot;335559739&quot;:200,&quot;335559740&quot;:240}\">\u00a0<\/span><\/p>\n<p><span data-contrast=\"auto\">Expres\u00f3 que este\u00a0derecho\u00a0se encuentra entre los considerados de segunda generaci\u00f3n, dado que cristalizaron\u00a0como consecuencia de las luchas obreras que surgieron luego de la Segunda\u00a0Guerra\u00a0Mundial\u00a0y buscaban reivindicar para la clase trabajadora una serie de prestaciones que les permitiera llevar una vida digna.<\/span><span data-ccp-props=\"{&quot;201341983&quot;:0,&quot;335559731&quot;:708,&quot;335559739&quot;:200,&quot;335559740&quot;:240}\">\u00a0<\/span><\/p>\n<p><span data-contrast=\"auto\">Cinta Loaiza dijo que entre\u00a0los pa\u00edses firmantes de la DUDH\u00a0se encuentra M\u00e9xico, que debe cumplir tambi\u00e9n con este mandato; sin embargo, record\u00f3 que nuestro pa\u00eds cuenta con un marco legal normativo desde 1917, el cual se ha ido modificando\u00a0desde diferentes \u00f3pticas de acuerdo\u00a0a las ideolog\u00edas de quienes se encuentran en el poder pol\u00edtico.<\/span><span data-ccp-props=\"{&quot;201341983&quot;:0,&quot;335559731&quot;:708,&quot;335559739&quot;:200,&quot;335559740&quot;:240}\">\u00a0<\/span><\/p>\n<p><span data-contrast=\"auto\">Sobre los retos que tiene el Estado mexicano para cumplir con esta obligatoriedad, la investigadora del ISP mencion\u00f3 en primer t\u00e9rmino\u00a0que\u00a0se debe considerar la voluntad pol\u00edtica e ideol\u00f3gica con la que busca implementar su concepci\u00f3n del\u00a0derecho a la salud; como segundo punto,\u00a0mencion\u00f3 que cualquier cambio en\u00a0dicha\u00a0concepci\u00f3n debe considerar el tipo de sistema de salud que se tiene\u00a0y que se fue\u00a0construyendo de manera dis\u00edmbola a trav\u00e9s del tiempo;\u00a0como tercer punto,\u00a0refiri\u00f3 que el pa\u00eds es parte de un entorno global que en ocasiones no permite, o no conviene, vivir fuera de \u00e9l, lo que representa presiones, especialmente hacia la salud, de gran magnitud.<\/span><span data-ccp-props=\"{&quot;201341983&quot;:0,&quot;335559731&quot;:708,&quot;335559739&quot;:200,&quot;335559740&quot;:240}\">\u00a0<\/span><\/p>\n<p><span data-contrast=\"auto\">En su opini\u00f3n,\u00a0<\/span><span data-contrast=\"none\">la m\u00e1xima de la Organizaci\u00f3n Mundial de la Salud\u00a0(OMS) de dar atenci\u00f3n a la salud\u00a0de acuerdo a las necesidades\u00a0y los servicios que cada quien necesite\u00a0\u201ctodav\u00eda es m\u00e1s un ideal que una realidad\u201d.<\/span><span data-ccp-props=\"{&quot;201341983&quot;:0,&quot;335559731&quot;:708,&quot;335559739&quot;:200,&quot;335559740&quot;:240}\">\u00a0<\/span><\/p>\n<p><span data-contrast=\"none\">Cinta Loaiza consider\u00f3\u00a0que un problema no resuelto en materia de salud en M\u00e9xico\u00a0es\u00a0la segmentaci\u00f3n y fragmentaci\u00f3n de los servicios y prestaciones de salud y sociales que ofrece, \u201cque son muy diferenciados para los mexicanos\u201d. Se trata de\u00a0un problema de orden hist\u00f3rico social que a la fecha ning\u00fan gobierno ha podido o no ha querido resolver.<\/span><span data-ccp-props=\"{&quot;201341983&quot;:0,&quot;335559731&quot;:708,&quot;335559739&quot;:200,&quot;335559740&quot;:240}\">\u00a0<\/span><\/p>\n<p><span data-contrast=\"none\">\u201cEl\u00a0sistema de salud\u00a0de\u00a0hoy tiene una mayor cantidad de poblaci\u00f3n;\u00a0se entremezclan enfermedades de tipo infeccioso con las cr\u00f3nicas degenerativas;\u00a0sus pol\u00edticas p\u00fablicas, sea por ceguera o por omisi\u00f3n de sus dirigentes, no encuentran c\u00f3mo resolver;\u00a0el resto de las estructuras que coadyuvan a la salud poco\u00a0o\u00a0nada hacen por tener acciones al respecto.\u201d<\/span><span data-ccp-props=\"{&quot;201341983&quot;:0,&quot;335559731&quot;:708,&quot;335559739&quot;:200,&quot;335559740&quot;:240}\">\u00a0<\/span><\/p>\n<p><span data-contrast=\"none\">Otro reto, dijo, es la cobertura\u00a0universal de\u00a0salud, \u201cque no prestaciones sociales para todos los mexicanos\u201d, siendo \u00e9sta una premisa que\u00a0el actual gobierno fundamenta y sostiene, pero cuyo cambio estructural\u00a0no arranc\u00f3 de la mejor\u00a0manera.<\/span><span data-ccp-props=\"{&quot;201341983&quot;:0,&quot;335559731&quot;:708,&quot;335559739&quot;:200,&quot;335559740&quot;:240}\">\u00a0<\/span><\/p>\n<p><span data-contrast=\"none\">\u201cLa falta de una visi\u00f3n de pol\u00edtica p\u00fablica bien cimentada es en estos momentos m\u00e1s que evidente, y el derecho a la salud de los mexicanos parece\u00a0m\u00e1s\u00a0un juego pol\u00edtico que una respuesta social bien organizada\u201d,\u00a0finaliz\u00f3.<\/span><span data-ccp-props=\"{&quot;201341983&quot;:0,&quot;335559731&quot;:708,&quot;335559739&quot;:200,&quot;335559740&quot;:240}\">\u00a0<\/span><\/p>\n","protected":false},"excerpt":{"rendered":"<p>\u201cLa falta de una visi\u00f3n de pol\u00edtica p\u00fablica bien cimentada es en estos momentos m\u00e1s que evidente, y el derecho a la salud de los mexicanos parece m\u00e1s un juego pol\u00edtico que una respuesta social bien organizada\u201d\u00a0<\/p>\n","protected":false},"author":1869,"featured_media":105222,"comment_status":"closed","ping_status":"closed","sticky":false,"template":"","format":"standard","meta":[],"categories":[1],"tags":[],"_links":{"self":[{"href":"https:\/\/www.uv.mx\/prensa\/wp-json\/wp\/v2\/posts\/105221"}],"collection":[{"href":"https:\/\/www.uv.mx\/prensa\/wp-json\/wp\/v2\/posts"}],"about":[{"href":"https:\/\/www.uv.mx\/prensa\/wp-json\/wp\/v2\/types\/post"}],"author":[{"embeddable":true,"href":"https:\/\/www.uv.mx\/prensa\/wp-json\/wp\/v2\/users\/1869"}],"replies":[{"embeddable":true,"href":"https:\/\/www.uv.mx\/prensa\/wp-json\/wp\/v2\/comments?post=105221"}],"version-history":[{"count":1,"href":"https:\/\/www.uv.mx\/prensa\/wp-json\/wp\/v2\/posts\/105221\/revisions"}],"predecessor-version":[{"id":105227,"href":"https:\/\/www.uv.mx\/prensa\/wp-json\/wp\/v2\/posts\/105221\/revisions\/105227"}],"wp:featuredmedia":[{"embeddable":true,"href":"https:\/\/www.uv.mx\/prensa\/wp-json\/wp\/v2\/media\/105222"}],"wp:attachment":[{"href":"https:\/\/www.uv.mx\/prensa\/wp-json\/wp\/v2\/media?parent=105221"}],"wp:term":[{"taxonomy":"category","embeddable":true,"href":"https:\/\/www.uv.mx\/prensa\/wp-json\/wp\/v2\/categories?post=105221"},{"taxonomy":"post_tag","embeddable":true,"href":"https:\/\/www.uv.mx\/prensa\/wp-json\/wp\/v2\/tags?post=105221"}],"curies":[{"name":"wp","href":"https:\/\/api.w.org\/{rel}","templated":true}]}}