{"id":105223,"date":"2021-11-15T08:00:32","date_gmt":"2021-11-15T14:00:32","guid":{"rendered":"https:\/\/www.uv.mx\/prensa\/?p=105223"},"modified":"2021-11-11T14:31:01","modified_gmt":"2021-11-11T20:31:01","slug":"inventario-veracruzano-de-plantas-medicinales-suma-ocho-especies-mas","status":"publish","type":"post","link":"https:\/\/www.uv.mx\/prensa\/ciencia\/inventario-veracruzano-de-plantas-medicinales-suma-ocho-especies-mas\/","title":{"rendered":"Inventario\u00a0veracruzano\u00a0de\u00a0plantas\u00a0medicinales\u00a0suma ocho especies\u00a0m\u00e1s\u00a0"},"content":{"rendered":"<p>&nbsp;<\/p>\n<ul>\n<li data-leveltext=\"\uf0b7\" data-font=\"Symbol\" data-listid=\"1\" data-aria-posinset=\"1\" data-aria-level=\"1\"><i><span data-contrast=\"auto\">Resultado de la investigaci\u00f3n realizada por Leticia Cano en la comunidad\u00a0t<\/span><\/i><i><span data-contrast=\"auto\">\u00e9nek\u00a0de San Francisco, municipio de\u00a0Chontla<\/span><\/i><span data-ccp-props=\"{&quot;134233279&quot;:true}\">\u00a0<\/span><\/li>\n<li data-leveltext=\"\uf0b7\" data-font=\"Symbol\" data-listid=\"1\" data-aria-posinset=\"2\" data-aria-level=\"1\"><i><span data-contrast=\"auto\">Anunci\u00f3 que la UV ser\u00e1 sede del X\u00a0<\/span><\/i><span data-contrast=\"auto\">Colapladem<\/span><i><span data-contrast=\"auto\">\u00a0en 2022<\/span><\/i><span data-ccp-props=\"{&quot;134233279&quot;:true}\">\u00a0<\/span><\/li>\n<\/ul>\n<p><span data-ccp-props=\"{}\">\u00a0<\/span><\/p>\n<div id=\"attachment_105224\" style=\"width: 732px\" class=\"wp-caption aligncenter\"><img aria-describedby=\"caption-attachment-105224\" decoding=\"async\" loading=\"lazy\" class=\"size-full wp-image-105224\" src=\"https:\/\/www.uv.mx\/prensa\/files\/2021\/11\/041121-PAOLA-Plantas-medicinales.jpg\" alt=\"\" width=\"722\" height=\"407\" srcset=\"https:\/\/www.uv.mx\/prensa\/files\/2021\/11\/041121-PAOLA-Plantas-medicinales.jpg 722w, https:\/\/www.uv.mx\/prensa\/files\/2021\/11\/041121-PAOLA-Plantas-medicinales-300x169.jpg 300w\" sizes=\"(max-width: 722px) 100vw, 722px\" \/><p id=\"caption-attachment-105224\" class=\"wp-caption-text\">Leticia Cano realiz\u00f3 investigaci\u00f3n de plantas medicinas en la comunidad\u00a0t\u00e9nek\u00a0de Veracruz<\/p><\/div>\n<p><span data-ccp-props=\"{}\">\u00a0<\/span><\/p>\n<p><b><i><span data-contrast=\"auto\">Paola Cort\u00e9s P\u00e9rez<\/span><\/i><\/b><span data-ccp-props=\"{}\">\u00a0<\/span><\/p>\n<p><b><i><span data-contrast=\"auto\">15\/11\/2021, Xalapa,\u00a0Ver.-<\/span><\/i><\/b><span data-contrast=\"auto\">\u00a0Leticia Cano\u00a0Asseleih, investigadora adscrita al Centro de Investigaciones Tropicales (<\/span><i><span data-contrast=\"auto\">Citro<\/span><\/i><span data-contrast=\"auto\">) de la Universidad Veracruzana (UV),\u00a0desarroll\u00f3 una investigaci\u00f3n\u00a0sobre plantas medicinales\u00a0en la comunidad\u00a0t<\/span><span data-contrast=\"auto\">\u00e9nek<\/span><span data-contrast=\"auto\">\u00a0y encontr\u00f3 que\u00a0el aporte a la herbolaria veracruzana son ocho nuevas especies que se incluyen al inventario etnobot\u00e1nico de la flora medicinal del estado.<\/span><span data-ccp-props=\"{}\">\u00a0<\/span><\/p>\n<p><span data-contrast=\"auto\">Cano\u00a0Asseleih\u00a0dio pormenores de este proyecto de investigaci\u00f3n\u00a0en el IX Congreso Latinoamericano de Plantas Medicinales 2021 (<\/span><i><span data-contrast=\"auto\">Colapladem<\/span><\/i><span data-contrast=\"auto\">), realizado\u00a0en octubre de manera virtual, al presentar la conferencia \u201cMaestros en el uso de las plantas medicinales: los\u00a0t<\/span><span data-contrast=\"auto\">\u00e9nek\u00a0de Veracruz, M\u00e9xico\u201d.<\/span><span data-ccp-props=\"{&quot;335559731&quot;:708}\">\u00a0<\/span><\/p>\n<p><span data-contrast=\"auto\">Mencion\u00f3 que en el\u00a0<\/span><i><span data-contrast=\"auto\">Citro<\/span><\/i><span data-contrast=\"auto\">\u00a0desarrolla un proyecto sobre flora medicinal de Veracruz y una de las l\u00edneas es documentar las flores medicinales ind\u00edgenas del estado.<\/span><span data-ccp-props=\"{&quot;335559731&quot;:708}\">\u00a0<\/span><\/p>\n<p><span data-contrast=\"auto\">\u201cLa diversidad biol\u00f3gica y cultural de M\u00e9xico es tan importante al grado que se cuenta con un vasto conocimiento sobre el uso y manejo de las plantas medicinales, el cual\u00a0ha sido documentado desde el siglo XVI.\u201d<\/span><span data-ccp-props=\"{&quot;335559731&quot;:708}\">\u00a0<\/span><\/p>\n<p><span data-contrast=\"auto\">En el territorio estatal, dijo, est\u00e1n asentadas 12 etnias y registradas ocho mil especies vegetales, de las cuales 921 son medicinales.\u00a0Los\u00a0t<\/span><span data-contrast=\"auto\">\u00e9nek\u00a0tienen un gran prestigio como m\u00e9dicos tradicionales, sin embargo<\/span><span data-contrast=\"auto\">,\u00a0son pocos los estudios realizados sobre\u00a0este\u00a0pueblo asentado en Veracruz.<\/span><span data-ccp-props=\"{&quot;335559731&quot;:708}\">\u00a0<\/span><\/p>\n<p><span data-contrast=\"auto\">\u201cEl objetivo de la investigaci\u00f3n es contribuir al conocimiento de la cultura m\u00e9dica de los\u00a0t<\/span><span data-contrast=\"auto\">\u00e9nek\u00a0de Veracruz a trav\u00e9s de la documentaci\u00f3n del uso de las plantas medicinales en la comunidad de San Francisco, municipio de\u00a0Chontla, mediante la investigaci\u00f3n bibliogr\u00e1fica y el an\u00e1lisis de la efectividad de algunas especies seleccionadas.\u201d<\/span><span data-ccp-props=\"{&quot;335559731&quot;:708}\">\u00a0<\/span><\/p>\n<p><span data-contrast=\"auto\">La metodolog\u00eda usada para realizar el estudio fue primero un acercamiento con las autoridades municipales, a fin de ser el enlace\u00a0con la comunidad ind\u00edgena, con esto lograron entrevistar a los tres principales m\u00e9dicos tradicionales de la comunidad.<\/span><span data-ccp-props=\"{&quot;335559731&quot;:708}\">\u00a0<\/span><\/p>\n<p><span data-contrast=\"auto\">Tambi\u00e9n se realizaron entrevistas entre los pobladores; recorridos en la zona; colecta y fotograf\u00eda de plantas para la identificaci\u00f3n bot\u00e1nica; preparaci\u00f3n de espec\u00edmenes de herbario y dep\u00f3sito en herbarios e investigaci\u00f3n bibliogr\u00e1fica.<\/span><span data-ccp-props=\"{&quot;335559731&quot;:708}\">\u00a0<\/span><\/p>\n<p><span data-contrast=\"auto\">Como resultado se document\u00f3 a\u00a097 especies\u00a0que pertenecen a 53\u00a0familias bot\u00e1nicas y 84 g\u00e9neros;\u00a0el 75 por ciento\u00a0de ellas\u00a0son nativas de M\u00e9xico o Am\u00e9rica tropical, y el 50 por ciento tienen asociado un nombre ind\u00edgena.<\/span><span data-ccp-props=\"{&quot;335559731&quot;:708}\">\u00a0<\/span><\/p>\n<p><span data-contrast=\"auto\">El 50 por ciento son hierbas, seguidas de arbustos (20.6 por ciento), \u00e1rboles (14.4 por ciento) y bejucos (13.4 por ciento). De los tres m\u00e9dicos tradicionales, el hierbero aport\u00f3 el 54 por ciento de las plantas medicinales;\u00a0la partera\u00a0el 25 por ciento\u00a0y el sobador el 21 por ciento.<\/span><span data-ccp-props=\"{&quot;335559731&quot;:708}\">\u00a0<\/span><\/p>\n<p><span data-contrast=\"auto\">De las partes\u00a0de las plantas lo que m\u00e1s se usa son las hojas (40.3 por ciento); ramas (17.6 por ciento); ra\u00edces (9.2 por ciento); flores, l\u00e1tex, corteza y tallos (3.3-6.7 por ciento),\u00a0y las plantas completas (7.5 por ciento).<\/span><span data-ccp-props=\"{&quot;335559731&quot;:708}\">\u00a0<\/span><\/p>\n<p><span data-contrast=\"auto\">Con ellas se preparan en su mayor\u00eda infusiones, le siguen ba\u00f1os, lavados y enjuagues, as\u00ed como cataplasmas y lo que fue denominado como MT (ramear, gotear, sobar y masticar).<\/span><span data-ccp-props=\"{&quot;335559731&quot;:708}\">\u00a0<\/span><\/p>\n<p><span data-contrast=\"auto\">La comunidad\u00a0t\u00e9nek\u00a0utiliza\u00a0el mayor n\u00famero de las plantas medicinales\u00a0para enfermedades de la mujer, dolores varios y para afecciones de la piel, boca y ojos.<\/span><span data-ccp-props=\"{&quot;335559731&quot;:708}\">\u00a0<\/span><\/p>\n<p><span data-contrast=\"auto\">Dijo que el principal aporte para la herbolaria veracruzana son ocho especies nuevas que se integran al inventario etnobot\u00e1nico de la flora medicinal de Veracruz:\u00a0<\/span><i><span data-contrast=\"auto\">Anredera\u00a0cordifolia<\/span><\/i><span data-contrast=\"auto\">, conocida con el nombre ind\u00edgena de\u00a0tullum,\u00a0utilizada\u00a0para torceduras;\u00a0<\/span><i><span data-contrast=\"auto\">Capparis\u00a0baducca\u00a0L.<\/span><\/i><span data-contrast=\"auto\">, nombrada como\u00a0amalkte, para el sentimiento de la reci\u00e9n parida cuando hay una discusi\u00f3n con su pareja.<\/span><span data-ccp-props=\"{&quot;335559731&quot;:708}\">\u00a0<\/span><\/p>\n<p><i><span data-contrast=\"auto\">Hymenocallis\u00a0littoralis<\/span><\/i><span data-contrast=\"auto\">, conocida como\u00a0lirio blanco, se\u00a0usa\u00a0para la hinchaz\u00f3n de pie por torcedura;\u00a0<\/span><i><span data-contrast=\"auto\">Manfreda\u00a0brachystachys<\/span><\/i><span data-contrast=\"auto\">, nombrada\u00a0lakum, para cortar hemorragias vaginales fuertes;\u00a0<\/span><i><span data-contrast=\"auto\">Mansoa\u00a0hymenaea<\/span><\/i><span data-contrast=\"auto\">\u00a0o\u00a0ajo de monte, se utiliza cuando una persona tiene \u201cmaldad\u201d;\u00a0<\/span><i><span data-contrast=\"auto\">Mikania\u00a0scandens<\/span><\/i><span data-contrast=\"auto\">\u00a0o\u00a0bigote del se\u00f1or, para sobar un dolor;\u00a0<\/span><i><span data-contrast=\"auto\">Senna\u00a0atomaria<\/span><\/i><span data-contrast=\"auto\">, nombres comunes frijolillo, frijol de zopilote o\u00a0chipal\u00a0idtot,\u00a0para el tratamiento de paperas, y\u00a0<\/span><i><span data-contrast=\"auto\">Triumfetta\u00a0aff.\u00a0semitriloba<\/span><\/i><span data-contrast=\"auto\">,\u00a0su\u00a0nombre com\u00fan es\u00a0malva\u00a0y se usa\u00a0para curar el mal de or\u00edn.<\/span><span data-ccp-props=\"{&quot;335559731&quot;:708}\">\u00a0<\/span><\/p>\n<p><span data-contrast=\"auto\">Por \u00faltimo, Cano\u00a0Asseleih\u00a0dio a conocer que el pr\u00f3ximo a\u00f1o la Universidad Veracruzana ser\u00e1 sede de la X\u00a0<\/span><i><span data-contrast=\"auto\">Colapladem\u00a0<\/span><\/i><span data-contrast=\"auto\">2022, se pretende organizar el evento en modalidad mixta (presencial y virtual), lo que permitir\u00e1 un mayor n\u00famero de participantes.<\/span><span data-ccp-props=\"{&quot;335559731&quot;:708}\">\u00a0<\/span><\/p>\n","protected":false},"excerpt":{"rendered":"<p>Leticia Cano\u00a0Asseleih, investigadora del\u00a0<em>Citro<\/em>, desarroll\u00f3 una investigaci\u00f3n sobre plantas medicinales en la comunidad\u00a0t\u00e9nek\u00a0\u00a0<\/p>\n","protected":false},"author":1869,"featured_media":105225,"comment_status":"closed","ping_status":"closed","sticky":false,"template":"","format":"standard","meta":[],"categories":[45],"tags":[],"_links":{"self":[{"href":"https:\/\/www.uv.mx\/prensa\/wp-json\/wp\/v2\/posts\/105223"}],"collection":[{"href":"https:\/\/www.uv.mx\/prensa\/wp-json\/wp\/v2\/posts"}],"about":[{"href":"https:\/\/www.uv.mx\/prensa\/wp-json\/wp\/v2\/types\/post"}],"author":[{"embeddable":true,"href":"https:\/\/www.uv.mx\/prensa\/wp-json\/wp\/v2\/users\/1869"}],"replies":[{"embeddable":true,"href":"https:\/\/www.uv.mx\/prensa\/wp-json\/wp\/v2\/comments?post=105223"}],"version-history":[{"count":1,"href":"https:\/\/www.uv.mx\/prensa\/wp-json\/wp\/v2\/posts\/105223\/revisions"}],"predecessor-version":[{"id":105226,"href":"https:\/\/www.uv.mx\/prensa\/wp-json\/wp\/v2\/posts\/105223\/revisions\/105226"}],"wp:featuredmedia":[{"embeddable":true,"href":"https:\/\/www.uv.mx\/prensa\/wp-json\/wp\/v2\/media\/105225"}],"wp:attachment":[{"href":"https:\/\/www.uv.mx\/prensa\/wp-json\/wp\/v2\/media?parent=105223"}],"wp:term":[{"taxonomy":"category","embeddable":true,"href":"https:\/\/www.uv.mx\/prensa\/wp-json\/wp\/v2\/categories?post=105223"},{"taxonomy":"post_tag","embeddable":true,"href":"https:\/\/www.uv.mx\/prensa\/wp-json\/wp\/v2\/tags?post=105223"}],"curies":[{"name":"wp","href":"https:\/\/api.w.org\/{rel}","templated":true}]}}