{"id":105244,"date":"2021-11-15T08:00:27","date_gmt":"2021-11-15T14:00:27","guid":{"rendered":"https:\/\/www.uv.mx\/prensa\/?p=105244"},"modified":"2021-11-11T17:24:17","modified_gmt":"2021-11-11T23:24:17","slug":"arquitectura-realizara-congreso-internacional-cuestiones-metropolitanas-comunes","status":"publish","type":"post","link":"https:\/\/www.uv.mx\/prensa\/eventos\/arquitectura-realizara-congreso-internacional-cuestiones-metropolitanas-comunes\/","title":{"rendered":"Arquitectura realizar\u00e1 Congreso Internacional \u201cCuestiones metropolitanas comunes\u201d"},"content":{"rendered":"<ul>\n<li data-leveltext=\"\uf0b7\" data-font=\"Symbol\" data-listid=\"5\" data-aria-posinset=\"1\" data-aria-level=\"1\"><i><span data-contrast=\"auto\">Los d\u00edas 22 y 23 de noviembre a trav\u00e9s de\u00a0<\/span><\/i><span data-contrast=\"auto\">Zoom,\u00a0<\/span><i><span data-contrast=\"auto\">organizado por el\u00a0cuerpo\u00a0acad\u00e9mico Arquitectura\u00a0y Urbanismo para el Desarrollo<\/span><\/i><span data-ccp-props=\"{}\">\u00a0<\/span><\/li>\n<li data-leveltext=\"\uf0b7\" data-font=\"Symbol\" data-listid=\"5\" data-aria-posinset=\"2\" data-aria-level=\"1\"><i><span data-contrast=\"auto\">Especialistas, docentes e investigadores de Arquitectura abordar\u00e1n cuestiones relativas a las zonas urbanas de las ciudades<\/span><\/i><span data-ccp-props=\"{}\">\u00a0<\/span><\/li>\n<\/ul>\n<p><span data-ccp-props=\"{}\">\u00a0<\/span><\/p>\n<div id=\"attachment_44327\" style=\"width: 732px\" class=\"wp-caption aligncenter\"><a href=\"https:\/\/www.uv.mx\/prensa\/eventos\/uv-sera-sede-de-congreso-internacional-de-procesos-creativos-arquitectonicos\/attachment\/procesos-creativos\/\" rel=\"attachment wp-att-44327\"><img aria-describedby=\"caption-attachment-44327\" decoding=\"async\" loading=\"lazy\" class=\"size-full wp-image-44327\" src=\"https:\/\/www.uv.mx\/prensa\/files\/2018\/04\/Procesos-creativos.jpg\" alt=\"Mar\u00eda Concepci\u00f3n Chong Gardu\u00f1o (foto de archivo) \" width=\"722\" height=\"482\" srcset=\"https:\/\/www.uv.mx\/prensa\/files\/2018\/04\/Procesos-creativos.jpg 722w, https:\/\/www.uv.mx\/prensa\/files\/2018\/04\/Procesos-creativos-300x200.jpg 300w\" sizes=\"(max-width: 722px) 100vw, 722px\" \/><\/a><p id=\"caption-attachment-44327\" class=\"wp-caption-text\">Mar\u00eda Concepci\u00f3n Chong Gardu\u00f1o (foto de archivo)<\/p><\/div>\n<p>&nbsp;<\/p>\n<p><b><i><span data-contrast=\"auto\">Carlos Hugo Hermida Rosales<\/span><\/i><\/b><span data-ccp-props=\"{}\">\u00a0<\/span><\/p>\n<p><b><i><span data-contrast=\"auto\">15\/11\/2021,\u00a0Xalapa,\u00a0Ver.-\u00a0<\/span><\/i><\/b><span data-contrast=\"auto\">El cuerpo\u00a0acad\u00e9mico (CA) Arquitectura y\u00a0Urbanismo para el\u00a0Desarrollo,\u00a0de la Facultad de Arquitectura de la Universidad Veracruzana (FAUV), realizar\u00e1\u00a0de forma virtual\u00a0los d\u00edas 22 y 23 de noviembre el Congreso Internacional\u00a0\u201cCuestiones metropolitanas\u00a0comunes. Latinoam\u00e9rica 2020-2021\u201d.<\/span><span data-ccp-props=\"{}\">\u00a0<\/span><\/p>\n<p><span data-contrast=\"auto\">Participar\u00e1n investigadores con grado de licenciatura, maestr\u00eda y doctorado de instituciones de educaci\u00f3n superior nacionales e internacionales, as\u00ed como especialistas y docentes que abordar\u00e1n cuestiones relativas a las zonas urbanas de las ciudades.<\/span><span data-ccp-props=\"{&quot;335559731&quot;:708}\">\u00a0<\/span><\/p>\n<p><span data-contrast=\"auto\">Mar\u00eda Concepci\u00f3n Chong Gardu\u00f1o, catedr\u00e1tica de la FAUV,\u00a0coment\u00f3 que el\u00a0comit\u00e9\u00a0organizador\u00a0busca encontrar\u00a0problemas\u00a0afines en distintas ciudades que permitan investigar a fondo la gesti\u00f3n del territorio, la vivienda y la construcci\u00f3n social del h\u00e1bitat.\u00a0<\/span><span data-ccp-props=\"{&quot;335559731&quot;:708}\">\u00a0<\/span><\/p>\n<p><span data-contrast=\"auto\">Por ello el\u00a0evento contar\u00e1 con tres mesas de trabajo\u00a0en las que se\u00a0abordar<\/span><span data-contrast=\"auto\">\u00e1n<\/span><span data-contrast=\"auto\">\u00a0los\u00a0temas: \u201cCondiciones de habitabilidad en<\/span><span data-contrast=\"auto\">\u00a0\u00e1reas metropolitanas\u201d, \u201cProcesos urbanos en \u00e1reas metropolitanas\u201d y \u201cPatrimonio arquitect\u00f3nico emblem\u00e1tico en \u00e1reas metropolitanas\u201d.\u00a0<\/span><span data-ccp-props=\"{&quot;335559731&quot;:708}\">\u00a0<\/span><\/p>\n<p><span data-contrast=\"auto\">La docente declar\u00f3 que para el\u00a0CA Arquitectura y\u00a0Urbanismo para el\u00a0Desarrollo es fundamental desarrollar investigaci\u00f3n en las tem\u00e1ticas que manejar\u00e1 el congreso, ya que as\u00ed el trabajo que realiza puede tener una mejor retroalimentaci\u00f3n y generar conocimiento que ayude a encontrar soluciones.\u00a0<\/span><span data-ccp-props=\"{&quot;335559731&quot;:708}\">\u00a0<\/span><\/p>\n<p><span data-contrast=\"auto\">Enfatiz\u00f3 que no se tiene definido cu\u00e1nto tiempo durar\u00e1 la pandemia de Covid-19, por lo que\u00a0directivos, docentes, investigadores y estudiantes universitarios deben hacer uso de las nuevas tecnolog\u00edas para continuar con las actividades universitarias,\u00a0interactuar con sus pares y fortalecer los lazos entre instituciones de educaci\u00f3n superior.\u00a0<\/span><span data-ccp-props=\"{&quot;335559731&quot;:708}\">\u00a0<\/span><\/p>\n<p><span data-contrast=\"auto\">El Congreso Internacional\u00a0\u201cCuestiones\u00a0metropolitanas\u00a0comunes. Latinoam\u00e9rica 2020-2021\u201d\u00a0se realizar\u00e1 a trav\u00e9s de\u00a0<\/span><i><span data-contrast=\"auto\">Zoom<\/span><\/i><span data-contrast=\"auto\">\u00a0y es de libre entrada para todo p\u00fablico. El\u00a0<\/span><i><span data-contrast=\"auto\">link<\/span><\/i><span data-contrast=\"auto\">\u00a0de acceso se publicar\u00e1 en\u00a0el\u00a0sitio\u00a0<\/span><i><span data-contrast=\"auto\">web<\/span><\/i><span data-contrast=\"auto\">\u00a0de la\u00a0FAUV\u00a0y en su p\u00e1gina de\u00a0<\/span><i><span data-contrast=\"auto\">Facebook<\/span><\/i><span data-contrast=\"auto\">.\u00a0<\/span><span data-ccp-props=\"{&quot;335559731&quot;:708}\">\u00a0<\/span><\/p>\n","protected":false},"excerpt":{"rendered":"<p>El comit\u00e9 organizador busca encontrar problemas afines en distintas ciudades que permitan investigar a fondo la gesti\u00f3n del territorio, la vivienda y la construcci\u00f3n social del h\u00e1bitat <\/p>\n","protected":false},"author":1775,"featured_media":44327,"comment_status":"closed","ping_status":"closed","sticky":false,"template":"","format":"standard","meta":[],"categories":[47],"tags":[5385,753,4161,1039,5386,752,1465,419,5387,454],"_links":{"self":[{"href":"https:\/\/www.uv.mx\/prensa\/wp-json\/wp\/v2\/posts\/105244"}],"collection":[{"href":"https:\/\/www.uv.mx\/prensa\/wp-json\/wp\/v2\/posts"}],"about":[{"href":"https:\/\/www.uv.mx\/prensa\/wp-json\/wp\/v2\/types\/post"}],"author":[{"embeddable":true,"href":"https:\/\/www.uv.mx\/prensa\/wp-json\/wp\/v2\/users\/1775"}],"replies":[{"embeddable":true,"href":"https:\/\/www.uv.mx\/prensa\/wp-json\/wp\/v2\/comments?post=105244"}],"version-history":[{"count":1,"href":"https:\/\/www.uv.mx\/prensa\/wp-json\/wp\/v2\/posts\/105244\/revisions"}],"predecessor-version":[{"id":105245,"href":"https:\/\/www.uv.mx\/prensa\/wp-json\/wp\/v2\/posts\/105244\/revisions\/105245"}],"wp:featuredmedia":[{"embeddable":true,"href":"https:\/\/www.uv.mx\/prensa\/wp-json\/wp\/v2\/media\/44327"}],"wp:attachment":[{"href":"https:\/\/www.uv.mx\/prensa\/wp-json\/wp\/v2\/media?parent=105244"}],"wp:term":[{"taxonomy":"category","embeddable":true,"href":"https:\/\/www.uv.mx\/prensa\/wp-json\/wp\/v2\/categories?post=105244"},{"taxonomy":"post_tag","embeddable":true,"href":"https:\/\/www.uv.mx\/prensa\/wp-json\/wp\/v2\/tags?post=105244"}],"curies":[{"name":"wp","href":"https:\/\/api.w.org\/{rel}","templated":true}]}}