{"id":105290,"date":"2021-11-12T07:59:09","date_gmt":"2021-11-12T13:59:09","guid":{"rendered":"https:\/\/www.uv.mx\/prensa\/?p=105290"},"modified":"2021-11-12T14:40:24","modified_gmt":"2021-11-12T20:40:24","slug":"editorial-uv-presento-titulos-de-la-serie-saberes-digitales-de-los-universitarios","status":"publish","type":"post","link":"https:\/\/www.uv.mx\/prensa\/general\/editorial-uv-presento-titulos-de-la-serie-saberes-digitales-de-los-universitarios\/","title":{"rendered":"Editorial UV present\u00f3 t\u00edtulos de la serie Saberes Digitales de los Universitarios"},"content":{"rendered":"<ul>\n<li data-leveltext=\"\uf0b7\" data-font=\"Symbol\" data-listid=\"5\" data-aria-posinset=\"1\" data-aria-level=\"1\"><i><span data-contrast=\"auto\">El evento cont\u00f3 con la presencia de Alberto Ram\u00edrez\u202fMartinell\u202fy Miguel \u00c1ngel Casillas Alvarado, coordinadores de la serie<\/span><\/i><span data-ccp-props=\"{}\">\u00a0<\/span><\/li>\n<li data-leveltext=\"\uf0b7\" data-font=\"Symbol\" data-listid=\"5\" data-aria-posinset=\"2\" data-aria-level=\"1\"><i><span data-contrast=\"auto\">Los primeros cuatro t\u00edtulos est\u00e1n disponibles para su lectura en l\u00ednea y descarga gratuita en <\/span><\/i><i><span data-contrast=\"none\">http:\/\/libros.uv.mx\/<\/span><\/i><i><span data-contrast=\"none\">index.php<\/span><\/i><i><span data-contrast=\"none\">\/UV<\/span><\/i><span data-ccp-props=\"{}\">\u00a0<\/span><\/li>\n<\/ul>\n<p>&nbsp;<\/p>\n<div id=\"attachment_105293\" style=\"width: 732px\" class=\"wp-caption aligncenter\"><a href=\"https:\/\/www.uv.mx\/prensa\/files\/2021\/11\/121121-saberes-digitales-1.jpg\"><img aria-describedby=\"caption-attachment-105293\" decoding=\"async\" loading=\"lazy\" class=\"size-full wp-image-105293\" src=\"https:\/\/www.uv.mx\/prensa\/files\/2021\/11\/121121-saberes-digitales-1.jpg\" alt=\"\" width=\"722\" height=\"481\" srcset=\"https:\/\/www.uv.mx\/prensa\/files\/2021\/11\/121121-saberes-digitales-1.jpg 722w, https:\/\/www.uv.mx\/prensa\/files\/2021\/11\/121121-saberes-digitales-1-300x200.jpg 300w\" sizes=\"(max-width: 722px) 100vw, 722px\" \/><\/a><p id=\"caption-attachment-105293\" class=\"wp-caption-text\">Los t\u00edtulos de la serie Saberes Digitales de los Universitarios son de libre acceso<\/p><\/div>\n<p>&nbsp;<\/p>\n<p><b><i><span data-contrast=\"auto\">Carlos Hugo Hermida Rosales<\/span><\/i><\/b><span data-ccp-props=\"{}\">\u00a0<\/span><\/p>\n<p><b><i><span data-contrast=\"auto\">12\/11\/2021, Xalapa, Ver.- <\/span><\/i><\/b><span data-contrast=\"auto\">La <\/span><span data-contrast=\"none\">Editorial<\/span><span data-contrast=\"auto\"> de la Universidad Veracruzana (UV) present\u00f3 la noche del 11 de noviembre, a trav\u00e9s de <\/span><i><span data-contrast=\"auto\">Facebook <\/span><\/i><span data-contrast=\"auto\">y <\/span><i><span data-contrast=\"auto\">YouTube<\/span><\/i><span data-contrast=\"auto\">, los primeros cuatro t\u00edtulos de la serie de libros Saberes Digitales de los Universitarios, publicaciones coordinadas por Alberto Ram\u00edrez\u202fMartinell\u202fy Miguel \u00c1ngel Casillas Alvarado, del Centro de Investigaci\u00f3n e Innovaci\u00f3n en Educaci\u00f3n Superior (CIIES).<\/span><span data-ccp-props=\"{}\">\u00a0<\/span><\/p>\n<p><span data-contrast=\"auto\">La serie que forma parte de la colecci\u00f3n Textos Universitarios de la Editorial UV, muestra los resultados de una investigaci\u00f3n que evidencia las diferencias de los saberes digitales que distinguen a las disciplinas acad\u00e9micas de la educaci\u00f3n superior.<\/span><span data-ccp-props=\"{&quot;335559731&quot;:708}\">\u00a0<\/span><\/p>\n<p><span data-contrast=\"auto\">El evento cont\u00f3 con la presencia de los investigadores mencionados y fue moderado por M\u00f3nica Hern\u00e1ndez Guapillo, catedr\u00e1tica de la Facultad de Medicina de la regi\u00f3n Coatzacoalcos-Minatitl\u00e1n.<\/span><span data-ccp-props=\"{&quot;335559731&quot;:708}\">\u00a0<\/span><\/p>\n<p><span data-contrast=\"auto\">Ram\u00edrez\u202fMartinell mencion\u00f3 que para realizar la serie Saberes Digitales de los Universitarios, entre enero de 2018 y julio de 2019 trabajaron con cientos de profesores de alrededor de 70 programas educativos de las seis \u00e1reas acad\u00e9micas de la Universidad.<\/span><span data-ccp-props=\"{&quot;335559731&quot;:708}\">\u00a0<\/span><\/p>\n<p><span data-contrast=\"auto\">La primera parte de los libros incluye una visi\u00f3n general del \u00e1rea acad\u00e9mica analizada y los rasgos disciplinarios que comparten los especialistas que egresan de la misma; adem\u00e1s, muestra que en la educaci\u00f3n superior se dej\u00f3 de ver a la tecnolog\u00eda como el simple uso de <\/span><i><span data-contrast=\"auto\">software<\/span><\/i><span data-contrast=\"auto\"> de oficina y ahora es una herramienta disciplinaria.<\/span><span data-ccp-props=\"{&quot;335559731&quot;:708}\">\u00a0<\/span><\/p>\n<p><span data-contrast=\"auto\">A<\/span><span data-contrast=\"auto\">\u00fan <\/span><span data-contrast=\"auto\">se encuentra pendiente la publicaci\u00f3n de los t\u00edtulos de la serie que abordan las \u00e1reas acad\u00e9micas de Artes y de Ciencias Biol\u00f3gicas y Agropecuarias, que se espera sean presentados en el primer semestre de 2022.<\/span><span data-ccp-props=\"{&quot;335559731&quot;:708}\">\u00a0<\/span><\/p>\n<p>&nbsp;<\/p>\n<div id=\"attachment_105292\" style=\"width: 732px\" class=\"wp-caption aligncenter\"><a href=\"https:\/\/www.uv.mx\/prensa\/files\/2021\/11\/121121-saberes-digitales-2.jpg\"><img aria-describedby=\"caption-attachment-105292\" decoding=\"async\" loading=\"lazy\" class=\"size-full wp-image-105292\" src=\"https:\/\/www.uv.mx\/prensa\/files\/2021\/11\/121121-saberes-digitales-2.jpg\" alt=\"\" width=\"722\" height=\"482\" srcset=\"https:\/\/www.uv.mx\/prensa\/files\/2021\/11\/121121-saberes-digitales-2.jpg 722w, https:\/\/www.uv.mx\/prensa\/files\/2021\/11\/121121-saberes-digitales-2-300x200.jpg 300w\" sizes=\"(max-width: 722px) 100vw, 722px\" \/><\/a><p id=\"caption-attachment-105292\" class=\"wp-caption-text\">Alberto Ram\u00edrez\u202fMartinell<\/p><\/div>\n<p>&nbsp;<\/p>\n<p><span data-contrast=\"auto\">Miguel \u00c1ngel Casillas declar\u00f3 que todas las profesiones han sido transformadas por la incorporaci\u00f3n de las tecnolog\u00edas de la informaci\u00f3n y la comunicaci\u00f3n, y que cada oficio ha desarrollado t\u00e9cnicas propias a sus demandas de trabajo, como la implementaci\u00f3n de uso espec\u00edfico de <\/span><i><span data-contrast=\"auto\">software<\/span><\/i><span data-contrast=\"auto\"> y de recursos de sistemas informativos.<\/span><span data-ccp-props=\"{&quot;335559731&quot;:708}\">\u00a0<\/span><\/p>\n<p><span data-contrast=\"auto\">Ante esto, en el CIIES asumieron como desaf\u00edo anal\u00edtico cr\u00edtico y responsabilidad con la UV observar c<\/span><span data-contrast=\"auto\">\u00f3<\/span><span data-contrast=\"auto\">mo son los saberes digitales que caracterizan en la actualidad la vida y pr\u00e1ctica de estudiantes y profesores.\u00a0<\/span><span data-ccp-props=\"{&quot;335559731&quot;:708}\">\u00a0<\/span><\/p>\n<p><span data-contrast=\"auto\">El investigador manifest\u00f3 que la serie Saberes Digitales de los Universitarios es producto del trabajo de cientos de profesores, quienes trataron de definir qu\u00e9 conocimientos y habilidades tecnol\u00f3gicas deben desarrollar los estudiantes de acuerdo con su perfil al egresar de sus carreras universitarias.\u00a0<\/span><span data-ccp-props=\"{&quot;335559731&quot;:708}\">\u00a0<\/span><\/p>\n<p><span data-contrast=\"auto\">\u201cVivimos una \u00e9poca interesante de explosi\u00f3n de <\/span><i><span data-contrast=\"auto\">software<\/span><\/i><span data-contrast=\"auto\"> especializado, y el trabajo de investigaci\u00f3n que abordan los textos presentados brinda una formidable oportunidad de actualizar los planes de estudio para que aborden estos temas\u201d, enfatiz\u00f3.<\/span><span data-ccp-props=\"{&quot;335559731&quot;:708}\">\u00a0<\/span><\/p>\n<p><span data-contrast=\"auto\">Los primeros cuatro t\u00edtulos de la serie Saberes Digitales de los Universitarios se encuentran disponibles para su lectura en l\u00ednea y descarga gratuita en <\/span><span data-contrast=\"none\">http:\/\/libros.uv.mx\/index.php\/UV<\/span><span data-contrast=\"auto\">.<\/span><span data-ccp-props=\"{&quot;335559731&quot;:708}\">\u00a0<\/span><\/p>\n<p>&nbsp;<\/p>\n<div id=\"attachment_105291\" style=\"width: 732px\" class=\"wp-caption aligncenter\"><a href=\"https:\/\/www.uv.mx\/prensa\/files\/2021\/11\/121121-saberes-digitales-3.jpg\"><img aria-describedby=\"caption-attachment-105291\" decoding=\"async\" loading=\"lazy\" class=\"size-full wp-image-105291\" src=\"https:\/\/www.uv.mx\/prensa\/files\/2021\/11\/121121-saberes-digitales-3.jpg\" alt=\"\" width=\"722\" height=\"482\" srcset=\"https:\/\/www.uv.mx\/prensa\/files\/2021\/11\/121121-saberes-digitales-3.jpg 722w, https:\/\/www.uv.mx\/prensa\/files\/2021\/11\/121121-saberes-digitales-3-300x200.jpg 300w\" sizes=\"(max-width: 722px) 100vw, 722px\" \/><\/a><p id=\"caption-attachment-105291\" class=\"wp-caption-text\">Miguel \u00c1ngel Casillas Alvarado<\/p><\/div>\n","protected":false},"excerpt":{"rendered":"<p>Los primeros cuatro t\u00edtulos est\u00e1n disponibles para su lectura en l\u00ednea y descarga gratuita en http:\/\/libros.uv.mx\/index.php\/UV <\/p>\n","protected":false},"author":1508,"featured_media":105293,"comment_status":"closed","ping_status":"closed","sticky":false,"template":"","format":"standard","meta":[],"categories":[1],"tags":[],"_links":{"self":[{"href":"https:\/\/www.uv.mx\/prensa\/wp-json\/wp\/v2\/posts\/105290"}],"collection":[{"href":"https:\/\/www.uv.mx\/prensa\/wp-json\/wp\/v2\/posts"}],"about":[{"href":"https:\/\/www.uv.mx\/prensa\/wp-json\/wp\/v2\/types\/post"}],"author":[{"embeddable":true,"href":"https:\/\/www.uv.mx\/prensa\/wp-json\/wp\/v2\/users\/1508"}],"replies":[{"embeddable":true,"href":"https:\/\/www.uv.mx\/prensa\/wp-json\/wp\/v2\/comments?post=105290"}],"version-history":[{"count":1,"href":"https:\/\/www.uv.mx\/prensa\/wp-json\/wp\/v2\/posts\/105290\/revisions"}],"predecessor-version":[{"id":105294,"href":"https:\/\/www.uv.mx\/prensa\/wp-json\/wp\/v2\/posts\/105290\/revisions\/105294"}],"wp:featuredmedia":[{"embeddable":true,"href":"https:\/\/www.uv.mx\/prensa\/wp-json\/wp\/v2\/media\/105293"}],"wp:attachment":[{"href":"https:\/\/www.uv.mx\/prensa\/wp-json\/wp\/v2\/media?parent=105290"}],"wp:term":[{"taxonomy":"category","embeddable":true,"href":"https:\/\/www.uv.mx\/prensa\/wp-json\/wp\/v2\/categories?post=105290"},{"taxonomy":"post_tag","embeddable":true,"href":"https:\/\/www.uv.mx\/prensa\/wp-json\/wp\/v2\/tags?post=105290"}],"curies":[{"name":"wp","href":"https:\/\/api.w.org\/{rel}","templated":true}]}}