{"id":105328,"date":"2021-11-13T08:00:57","date_gmt":"2021-11-13T14:00:57","guid":{"rendered":"https:\/\/www.uv.mx\/prensa\/?p=105328"},"modified":"2021-11-12T18:22:23","modified_gmt":"2021-11-13T00:22:23","slug":"pedagogia-uv-recibio-a-estudiantes-de-nuevo-ingreso","status":"publish","type":"post","link":"https:\/\/www.uv.mx\/prensa\/general\/pedagogia-uv-recibio-a-estudiantes-de-nuevo-ingreso\/","title":{"rendered":"Pedagog\u00eda UV recibi\u00f3 a estudiantes de nuevo ingreso"},"content":{"rendered":"<ul style=\"font-weight: 400\">\n<li data-leveltext=\"\u25cf\" data-font=\"\" data-listid=\"1\" data-aria-posinset=\"1\" data-aria-level=\"1\"><i><span data-contrast=\"auto\">Con el programa \u201cVen y conoce tu casa\u201d, derivado de la contingencia por Covid-19, se ofreci\u00f3 a los universitarios un acompa\u00f1amiento por los espacios de la\u00a0Facultad<\/span><\/i><span data-ccp-props=\"{&quot;201341983&quot;:0,&quot;335559740&quot;:240}\">\u00a0<\/span><\/li>\n<li data-leveltext=\"\u25cf\" data-font=\"\" data-listid=\"1\" data-aria-posinset=\"2\" data-aria-level=\"1\"><i><span data-contrast=\"auto\">M\u00e1s de 150 alumnos asistieron a los recorridos por las instalaciones\u00a0del Campus Sur<\/span><\/i><span data-ccp-props=\"{&quot;201341983&quot;:0,&quot;335559740&quot;:240}\">\u00a0<\/span><\/li>\n<\/ul>\n<p>&nbsp;<\/p>\n<div id=\"attachment_105330\" style=\"width: 732px\" class=\"wp-caption aligncenter\"><a href=\"https:\/\/www.uv.mx\/prensa\/?attachment_id=105330\" rel=\"attachment wp-att-105330\"><img aria-describedby=\"caption-attachment-105330\" decoding=\"async\" loading=\"lazy\" class=\"size-full wp-image-105330\" src=\"https:\/\/www.uv.mx\/prensa\/files\/2021\/11\/101121-estudiantes-de-nuevo-ingreso-1-100k.jpg\" alt=\"La Facultad de Pedagog\u00eda implement\u00f3 el programa \u201cVen y conoce tu casa\u201d, en el que recibi\u00f3 a la matr\u00edcula de las generaciones 2020 y 2021 \" width=\"722\" height=\"334\" srcset=\"https:\/\/www.uv.mx\/prensa\/files\/2021\/11\/101121-estudiantes-de-nuevo-ingreso-1-100k.jpg 722w, https:\/\/www.uv.mx\/prensa\/files\/2021\/11\/101121-estudiantes-de-nuevo-ingreso-1-100k-300x139.jpg 300w\" sizes=\"(max-width: 722px) 100vw, 722px\" \/><\/a><p id=\"caption-attachment-105330\" class=\"wp-caption-text\">La Facultad de Pedagog\u00eda implement\u00f3 el programa \u201cVen y conoce tu casa\u201d, en el que recibi\u00f3 a la matr\u00edcula de las generaciones 2020 y 2021<\/p><\/div>\n<p>&nbsp;<\/p>\n<p><b><i><span data-contrast=\"auto\">Redacci\u00f3n Univers<\/span><\/i><\/b><b><span data-contrast=\"auto\">o<\/span><\/b><span data-ccp-props=\"{&quot;201341983&quot;:0,&quot;335559740&quot;:240}\">\u00a0<\/span><\/p>\n<p><b><i><span data-contrast=\"auto\">13\/11\/2021,\u00a0Xalapa, Ver.-<\/span><\/i><\/b><span data-contrast=\"auto\">\u00a0Como parte del programa \u201cVen y conoce tu casa\u201d,\u00a0autoridades de la Facultad de Pedagog\u00eda de la Universidad Veracruzana (UV) dieron la bienvenida a los nuevos estudiantes de las\u00a0generaciones 2020 y 2021,\u00a0con un evento y recorrido efectuados el viernes 5 de noviembre en sus instalaciones ubicadas en el Campus Sur.<\/span><span data-ccp-props=\"{&quot;201341983&quot;:0,&quot;335559740&quot;:240}\">\u00a0<\/span><\/p>\n<p><span data-contrast=\"auto\">Encabezados por\u00a0Maribel Dom\u00ednguez Basurto\u00a0y\u00a0Juana In\u00e9s Jim\u00e9nez Hern\u00e1ndez,\u00a0directora\u00a0y\u00a0secretaria Acad\u00e9mica,\u00a0respectivamente,\u00a0y Rita X\u00f3chitl Roa Cer\u00f3n,\u00a0coordinadora de Tutor\u00edas y responsable del programa de bienvenida\u00a0\u201cVen y conoce tu casa\u201d, las autoridades estuvieron acompa\u00f1adas por Alma de los \u00c1ngeles Cruz Ju\u00e1rez, jefa de carrera\u00a0de la Licenciatura en Desarrollo Integral de las Personas con Discapacidad; Sandra Garc\u00eda P\u00e9rez, consejera\u00a0maestra de la\u00a0Facultad; Brandon David Salda\u00f1a Ordaz, consejero\u00a0alumno,\u00a0y Adriana Aburto N\u00fa\u00f1ez,\u00a0administradora del Campus Sur.<\/span><span data-ccp-props=\"{&quot;201341983&quot;:0,&quot;335559731&quot;:720,&quot;335559740&quot;:240}\">\u00a0<\/span><\/p>\n<p><span data-contrast=\"auto\">Los acad\u00e9micos dirigieron un mensaje de bienvenida a los estudiantes de los programas educativos: Licenciatura en Pedagog\u00eda y la Licenciatura en Desarrollo Integral de las Personas con Discapacidad.<\/span><\/p>\n<div id=\"attachment_105331\" style=\"width: 732px\" class=\"wp-caption aligncenter\"><a href=\"https:\/\/www.uv.mx\/prensa\/?attachment_id=105331\" rel=\"attachment wp-att-105331\"><img aria-describedby=\"caption-attachment-105331\" decoding=\"async\" loading=\"lazy\" class=\"size-full wp-image-105331\" src=\"https:\/\/www.uv.mx\/prensa\/files\/2021\/11\/101121-estudiantes-de-nuevo-ingreso-2-100k.jpg\" alt=\"Autoridades de Pedagog\u00eda, lideradas por la directora Maribel Dom\u00ednguez, recibieron a los universitarios\" width=\"722\" height=\"334\" srcset=\"https:\/\/www.uv.mx\/prensa\/files\/2021\/11\/101121-estudiantes-de-nuevo-ingreso-2-100k.jpg 722w, https:\/\/www.uv.mx\/prensa\/files\/2021\/11\/101121-estudiantes-de-nuevo-ingreso-2-100k-300x139.jpg 300w\" sizes=\"(max-width: 722px) 100vw, 722px\" \/><\/a><p id=\"caption-attachment-105331\" class=\"wp-caption-text\">Autoridades de Pedagog\u00eda, lideradas por la directora Maribel Dom\u00ednguez, recibieron a los universitarios<\/p><\/div>\n<p>&nbsp;<\/p>\n<p><span data-contrast=\"auto\">El objetivo del programa\u00a0es que los nuevos universitarios tuvieran la oportunidad de conocer las instalaciones de forma presencial,\u00a0as\u00ed como promover la interacci\u00f3n con la comunidad acad\u00e9mica, estudiantil, administrativa\u00a0y directiva que integran a la Facultad.<\/span><span data-ccp-props=\"{&quot;201341983&quot;:0,&quot;335559731&quot;:720,&quot;335559740&quot;:240}\">\u00a0<\/span><\/p>\n<p><span data-contrast=\"auto\">\u00a0\u201cVen y conoce tu casa\u201d se cre\u00f3 derivado de la contingencia sanitaria por Covid-19,\u00a0dado que ambas generaciones han\u00a0cursado\u00a0de manera virtual los programas educativos que oferta esta entidad acad\u00e9mica.<\/span><span data-ccp-props=\"{&quot;201341983&quot;:0,&quot;335559731&quot;:720,&quot;335559740&quot;:240}\">\u00a0<\/span><\/p>\n<p><span data-contrast=\"auto\">Tal situaci\u00f3n hab\u00eda provocado que los alumnos de nuevo ingreso conocieran las instalaciones \u00fanicamente a trav\u00e9s de un\u00a0recorrido virtual y con este programa se enfatiza la importancia de promover la identidad institucional, familiarizarse con las instalaciones f\u00edsicas y conocer su nueva casa de estudios.<\/span><span data-ccp-props=\"{&quot;201341983&quot;:0,&quot;335559731&quot;:720,&quot;335559740&quot;:240}\">\u00a0<\/span><\/p>\n<p><span data-contrast=\"auto\">El programa contempl\u00f3 la participaci\u00f3n de 20 tutores\u00a0acad\u00e9micos, alrededor de 40 acad\u00e9micos, ocho monitores-tutores, as\u00ed como el personal administrativo, t\u00e9cnico y manual que labora en las \u00e1reas administrativas como la direcci\u00f3n y la secretar\u00eda de la Facultad.<\/span><\/p>\n<div id=\"attachment_105332\" style=\"width: 732px\" class=\"wp-caption aligncenter\"><a href=\"https:\/\/www.uv.mx\/prensa\/?attachment_id=105332\" rel=\"attachment wp-att-105332\"><img aria-describedby=\"caption-attachment-105332\" decoding=\"async\" loading=\"lazy\" class=\"size-full wp-image-105332\" src=\"https:\/\/www.uv.mx\/prensa\/files\/2021\/11\/101121-estudiantes-de-nuevo-ingreso-3-100k.jpg\" alt=\"Los j\u00f3venes conocieron los servicios y espacios que brinda la instituci\u00f3n en sus facultades como son las tutor\u00edas \" width=\"722\" height=\"392\" srcset=\"https:\/\/www.uv.mx\/prensa\/files\/2021\/11\/101121-estudiantes-de-nuevo-ingreso-3-100k.jpg 722w, https:\/\/www.uv.mx\/prensa\/files\/2021\/11\/101121-estudiantes-de-nuevo-ingreso-3-100k-300x163.jpg 300w\" sizes=\"(max-width: 722px) 100vw, 722px\" \/><\/a><p id=\"caption-attachment-105332\" class=\"wp-caption-text\">Los j\u00f3venes conocieron los servicios y espacios que brinda la instituci\u00f3n en sus facultades como son las tutor\u00edas<\/p><\/div>\n<p>&nbsp;<\/p>\n<p><span data-contrast=\"auto\">El recorrido estuvo programado en dos turnos: el matutino para la generaci\u00f3n 2021, que cont\u00f3 con la\u00a0asistencia de 130 estudiantes,\u00a0y el turno vespertino para la generaci\u00f3n 2020, en el que acudieron 60 alumnos.<\/span><span data-ccp-props=\"{&quot;201341983&quot;:0,&quot;335559731&quot;:720,&quot;335559740&quot;:240}\">\u00a0<\/span><\/p>\n<p><span data-contrast=\"auto\">Los ocho monitores-tutores dirigieron el recorrido\u00a0y la\u00a0actividad fue fortalecida con la participaci\u00f3n de los tutores acad\u00e9micos, personal a cargo de cada uno de los departamentos y \u00e1reas de la Facultad, as\u00ed como de varios acad\u00e9micos que\u00a0explicaron de manera puntual los objetivos y actividades que desempe\u00f1an cada uno de ellos, y\u00a0los apoyos que son brindados a los estudiantes.<\/span><span data-ccp-props=\"{&quot;201341983&quot;:0,&quot;335559731&quot;:720,&quot;335559740&quot;:240}\">\u00a0<\/span><\/p>\n<p><span data-contrast=\"auto\">Al finalizar ambos recorridos se llev\u00f3 a cabo una plenaria con los estudiantes de las dos generaciones, quienes externaron sentirse agradecidos y emocionados por conocer los espacios f\u00edsicos en donde van a tomar sus clases presenciales. Tambi\u00e9n manifestaron que esperan regresar pronto a las aulas para interactuar con sus compa\u00f1eros y acad\u00e9micos de manera presencial, porque es importante esa interacci\u00f3n para sus procesos de aprendizaje.<\/span><span data-ccp-props=\"{&quot;201341983&quot;:0,&quot;335559731&quot;:720,&quot;335559740&quot;:240}\">\u00a0<\/span><\/p>\n","protected":false},"excerpt":{"rendered":"<p>M\u00e1s de 150 alumnos asistieron a los recorridos por las instalaciones del Campus Sur <\/p>\n","protected":false},"author":1775,"featured_media":105331,"comment_status":"closed","ping_status":"closed","sticky":false,"template":"","format":"standard","meta":[],"categories":[1],"tags":[3678,4402,637,5408,5407,3679,554,4007,5409,2459,2236],"_links":{"self":[{"href":"https:\/\/www.uv.mx\/prensa\/wp-json\/wp\/v2\/posts\/105328"}],"collection":[{"href":"https:\/\/www.uv.mx\/prensa\/wp-json\/wp\/v2\/posts"}],"about":[{"href":"https:\/\/www.uv.mx\/prensa\/wp-json\/wp\/v2\/types\/post"}],"author":[{"embeddable":true,"href":"https:\/\/www.uv.mx\/prensa\/wp-json\/wp\/v2\/users\/1775"}],"replies":[{"embeddable":true,"href":"https:\/\/www.uv.mx\/prensa\/wp-json\/wp\/v2\/comments?post=105328"}],"version-history":[{"count":1,"href":"https:\/\/www.uv.mx\/prensa\/wp-json\/wp\/v2\/posts\/105328\/revisions"}],"predecessor-version":[{"id":105333,"href":"https:\/\/www.uv.mx\/prensa\/wp-json\/wp\/v2\/posts\/105328\/revisions\/105333"}],"wp:featuredmedia":[{"embeddable":true,"href":"https:\/\/www.uv.mx\/prensa\/wp-json\/wp\/v2\/media\/105331"}],"wp:attachment":[{"href":"https:\/\/www.uv.mx\/prensa\/wp-json\/wp\/v2\/media?parent=105328"}],"wp:term":[{"taxonomy":"category","embeddable":true,"href":"https:\/\/www.uv.mx\/prensa\/wp-json\/wp\/v2\/categories?post=105328"},{"taxonomy":"post_tag","embeddable":true,"href":"https:\/\/www.uv.mx\/prensa\/wp-json\/wp\/v2\/tags?post=105328"}],"curies":[{"name":"wp","href":"https:\/\/api.w.org\/{rel}","templated":true}]}}