{"id":105368,"date":"2021-11-12T19:28:08","date_gmt":"2021-11-13T01:28:08","guid":{"rendered":"https:\/\/www.uv.mx\/prensa\/?p=105368"},"modified":"2021-11-12T19:28:08","modified_gmt":"2021-11-13T01:28:08","slug":"ftu-virtual-ha-democratizado-la-participacion-de-estudiantes-uv","status":"publish","type":"post","link":"https:\/\/www.uv.mx\/prensa\/cultura\/ftu-virtual-ha-democratizado-la-participacion-de-estudiantes-uv\/","title":{"rendered":"FTU virtual ha democratizado la\u00a0participaci\u00f3n\u00a0de\u00a0estudiantes\u00a0UV\u00a0"},"content":{"rendered":"<p>&nbsp;<\/p>\n<ul>\n<li data-leveltext=\"\uf0b7\" data-font=\"Symbol\" data-listid=\"2\" data-aria-posinset=\"1\" data-aria-level=\"1\"><span data-contrast=\"auto\">Las verdades<\/span><i><span data-contrast=\"auto\">,\u00a0cuya direcci\u00f3n estuvo a su cargo\u00a0de\u00a0Roberto Ben\u00edtez,\u00a0se presentar\u00e1 en\u00a0la clausura,\u00a0el 13 de noviembre<\/span><\/i><span data-ccp-props=\"{&quot;134233279&quot;:true,&quot;201341983&quot;:0,&quot;335559739&quot;:160,&quot;335559740&quot;:240}\">\u00a0<\/span><\/li>\n<\/ul>\n<p><span data-ccp-props=\"{&quot;201341983&quot;:0,&quot;335559739&quot;:160,&quot;335559740&quot;:240}\">\u00a0<\/span><\/p>\n<div id=\"attachment_105369\" style=\"width: 732px\" class=\"wp-caption aligncenter\"><img aria-describedby=\"caption-attachment-105369\" decoding=\"async\" loading=\"lazy\" class=\"size-full wp-image-105369\" src=\"https:\/\/www.uv.mx\/prensa\/files\/2021\/11\/091121-Roberto-Benitez-.png\" alt=\"\" width=\"722\" height=\"406\" srcset=\"https:\/\/www.uv.mx\/prensa\/files\/2021\/11\/091121-Roberto-Benitez-.png 722w, https:\/\/www.uv.mx\/prensa\/files\/2021\/11\/091121-Roberto-Benitez--300x169.png 300w\" sizes=\"(max-width: 722px) 100vw, 722px\" \/><p id=\"caption-attachment-105369\" class=\"wp-caption-text\"><em>Las verdades<\/em>\u00a0es una\u00a0adaptaci\u00f3n del cuento japon\u00e9s\u00a0E<em>n el bosque<\/em>\u00a0(1922) de\u00a0Ryunosuke\u00a0Akutagawa<\/p><\/div>\n<p>&nbsp;<\/p>\n<p><b><i><span data-contrast=\"auto\">Karina de la Paz Reyes D\u00edaz<\/span><\/i><\/b><span data-ccp-props=\"{&quot;134233279&quot;:true,&quot;201341983&quot;:0,&quot;335559739&quot;:160,&quot;335559740&quot;:240}\">\u00a0<\/span><\/p>\n<p><b><i><span data-contrast=\"auto\">12\/11\/2021, Xalapa,\u00a0Ver.-\u00a0<\/span><\/i><\/b><span data-contrast=\"auto\">Por segundo a\u00f1o consecutivo el Festival de Teatro\u00a0Universitario (FTU) de la Universidad Veracruzana (UV) se\u00a0desarrolla de manera virtual,\u00a0formato que\u00a0a decir del director teatral Roberto Ben\u00edtez ha democratizado la participaci\u00f3n\u00a0de\u00a0estudiantes\u00a0de las cinco regiones\u00a0que conforman a la instituci\u00f3n.<\/span><span data-ccp-props=\"{&quot;134233279&quot;:true,&quot;201341983&quot;:0,&quot;335559739&quot;:160,&quot;335559740&quot;:240}\">\u00a0<\/span><\/p>\n<p><span data-contrast=\"auto\">La 30 edici\u00f3n del FTU\u00a0se desarrolla\u00a0del 5\u00a0al\u00a013\u00a0de noviembre.\u00a0Las funciones se transmiten a trav\u00e9s de\u00a0<\/span><i><span data-contrast=\"auto\">Facebook Live<\/span><\/i><span data-contrast=\"auto\">\u00a0en la p\u00e1gina Festival de Teatro Universitario UV-Oficial (@festivaldeteatrouv).<\/span><span data-ccp-props=\"{&quot;134233279&quot;:true,&quot;201341983&quot;:0,&quot;335559739&quot;:160,&quot;335559740&quot;:240}\">\u00a0<\/span><\/p>\n<p><span data-contrast=\"auto\">Roberto Ben\u00edtez\u00a0expuso que\u00a0es\u00a0un hecho in\u00e9dito que el teatro se transmita por medios virtuales. Incluso, en su particular\u00a0punto de vista,\u00a0no le llama teatro, es m\u00e1s bien una manifestaci\u00f3n para\u00a0teatrar.\u00a0Al no haber contacto con el p\u00fablico, se trata de algo m\u00e1s cerca de otros medios,\u00a0como el cine o la televisi\u00f3n.<\/span><span data-ccp-props=\"{&quot;134233279&quot;:true,&quot;201341983&quot;:0,&quot;335559739&quot;:160,&quot;335559740&quot;:240}\">\u00a0<\/span><\/p>\n<p><span data-contrast=\"auto\">No obstante, celebr\u00f3 el hecho de que la pandemia por la Covid-19 no haya detenido el FTU y que la virtualidad les abriera otras posibilidades, como es el caso de tener grupos de otras nacionalidades y\u00a0que\u00a0los grupos de estudiantes\u00a0UV que participan se conformen\u00a0por\u00a0integrantes\u00a0de las cinco regiones\u00a0universitarias: Xalapa, Veracruz, Orizaba-C\u00f3rdoba, Poza Rica-Tuxpan y Coatzacoalcos-Minatitl\u00e1n.<\/span><span data-ccp-props=\"{&quot;134233279&quot;:true,&quot;201341983&quot;:0,&quot;335559739&quot;:160,&quot;335559740&quot;:240}\">\u00a0<\/span><\/p>\n<p><span data-contrast=\"auto\">\u201cCreo que\u00a0ah\u00ed\u00a0hay un buen aporte, porque\u00a0de alguna manera\u00a0esto democratiza la participaci\u00f3n de estudiantes de otras regiones, lo que de otra manera no se podr\u00eda.\u201d<\/span><span data-ccp-props=\"{&quot;134233279&quot;:true,&quot;201341983&quot;:0,&quot;335559739&quot;:160,&quot;335559740&quot;:240}\">\u00a0<\/span><\/p>\n<p><span data-contrast=\"auto\">Para el director teatral se trata de un punto a favor,\u00a0ante la limitante de tener un evento de tales caracter\u00edsticas en versi\u00f3n presencial: \u201cEl contrapeso que tiene es la posibilidad de ampliarnos y llegar a regiones o p\u00fablicos que incluso no han visto teatro. Eso es algo que a m\u00ed me entusiasma mucho\u201d.<\/span><span data-ccp-props=\"{&quot;134233279&quot;:true,&quot;201341983&quot;:0,&quot;335559739&quot;:160,&quot;335559740&quot;:240}\">\u00a0<\/span><\/p>\n<p><span data-contrast=\"auto\">Por ello, el entrevistado plante\u00f3\u00a0que si bien el teatro\u00a0como tal surgi\u00f3 hace cinco siglos a.C., a trav\u00e9s de estos medios digitales est\u00e1 en sus inicios y hay mucho por aprender e investigar.<\/span><span data-ccp-props=\"{&quot;134233279&quot;:true,&quot;201341983&quot;:0,&quot;335559739&quot;:160,&quot;335559740&quot;:240}\">\u00a0<\/span><\/p>\n<p><span data-contrast=\"auto\">Tal es su entusiasmo que plante\u00f3 la posibilidad de que se fomente un FTU virtual, paralelo al presencial (cuando el panorama sanitario permita que \u00e9ste se pueda realizar), as\u00ed se facilitar\u00eda la uni\u00f3n y vinculaci\u00f3n de las regiones, cuyos contextos son diferentes unos de otros, pues no es la misma realidad en Tuxpan que en Coatzacoalcos, por citar un comparativo de dos ciudades con puerto.<\/span><span data-ccp-props=\"{&quot;134233279&quot;:true,&quot;201341983&quot;:0,&quot;335559731&quot;:708,&quot;335559739&quot;:160,&quot;335559740&quot;:240}\">\u00a0<\/span><\/p>\n<p><span data-ccp-props=\"{&quot;134233279&quot;:true,&quot;201341983&quot;:0,&quot;335559739&quot;:160,&quot;335559740&quot;:240}\">\u00a0<\/span><\/p>\n<p><b><span data-contrast=\"auto\">Las\u00a0realidades, las verdades<\/span><\/b><span data-ccp-props=\"{&quot;134233279&quot;:true,&quot;201341983&quot;:0,&quot;335559739&quot;:160,&quot;335559740&quot;:240}\">\u00a0<\/span><\/p>\n<p><span data-contrast=\"auto\">Roberto Ben\u00edtez\u00a0dirigi\u00f3 la obra\u00a0<\/span><i><span data-contrast=\"auto\">Las verdades<\/span><\/i><span data-contrast=\"auto\">, una adaptaci\u00f3n del cuento japon\u00e9s\u00a0<\/span><i><span data-contrast=\"auto\">En el bosque<\/span><\/i><span data-contrast=\"auto\">\u00a0(1922)\u00a0de\u00a0Ryunosuke\u00a0Akutagawa, que se presentar\u00e1 en la clausura del FTU, el s\u00e1bado 13 de noviembre (cuya transmisi\u00f3n iniciar\u00e1 a partir de las 18:00 horas).<\/span><span data-ccp-props=\"{&quot;134233279&quot;:true,&quot;201341983&quot;:0,&quot;335559739&quot;:160,&quot;335559740&quot;:240}\">\u00a0<\/span><\/p>\n<p><span data-contrast=\"auto\">Si el resultado es un video de 32 minutos, con cinco actores y actrices en escena (dos acad\u00e9micos y tres estudiantes\u00a0de las regiones Coatzacoalcos-Minatitl\u00e1n, Veracruz y Xalapa), el proceso de Ben\u00edtez\u00a0parti\u00f3 de conocer qu\u00e9 es lo\u00a0que\u00a0al elenco le interesaba contar en estos tiempos de pandemia.<\/span><span data-ccp-props=\"{&quot;134233279&quot;:true,&quot;201341983&quot;:0,&quot;335559731&quot;:708,&quot;335559739&quot;:160,&quot;335559740&quot;:240}\">\u00a0<\/span><\/p>\n<p><span data-contrast=\"auto\">Varios fueron los temas que sometieron a reflexi\u00f3n, uno de ellos es el vivir en un mundo donde si bien es favorable que cada persona exprese lo\u00a0que\u00a0guste, tales opiniones muchas veces resultan contradictorias;\u00a0coincidieron en que no hay una verdad, sino que la realidad est\u00e1 compuesta por una diversidad de puntos de vista y dependiendo\u00a0de d\u00f3nde se est\u00e9 colocado es que dir\u00e1 una cosa u otra.<\/span><span data-ccp-props=\"{&quot;134233279&quot;:true,&quot;201341983&quot;:0,&quot;335559731&quot;:708,&quot;335559739&quot;:160,&quot;335559740&quot;:240}\">\u00a0<\/span><\/p>\n<p><span data-contrast=\"auto\">Fue as\u00ed que lleg\u00f3 al cuento japon\u00e9s, en el que tambi\u00e9n se inspir\u00f3\u00a0Akira\u00a0Kurosawa\u00a0para la pel\u00edcula\u00a0<\/span><i><span data-contrast=\"auto\">Rash\u014dmon<\/span><\/i><span data-contrast=\"auto\">. La pieza literaria es breve y\u00a0los personajes\u00a0no se relacionan directamente, es m\u00e1s bien\u00a0una especie de interrogatorio donde\u00a0cada uno da su versi\u00f3n sobre un asesinato y una violaci\u00f3n: un le\u00f1ador, monje budista, la madre de la mujer afectada, la del propio ladr\u00f3n (el supuesto asesino), incluso tambi\u00e9n aparece el asesinado, a trav\u00e9s de una\u00a0m\u00e9dium.<\/span><span data-ccp-props=\"{&quot;134233279&quot;:true,&quot;201341983&quot;:0,&quot;335559731&quot;:708,&quot;335559739&quot;:160,&quot;335559740&quot;:240}\">\u00a0<\/span><\/p>\n<p><span data-contrast=\"auto\">Por las noches, el grupo teatral\u00a0trabaj\u00f3 en la caracterizaci\u00f3n, intenciones del texto, ambientaci\u00f3n,\u00a0m\u00fasica y m\u00e1s cuestiones, como el grabarse a s\u00ed mismos. Un\u00a0asunto m\u00e1s fue la edici\u00f3n del material\u00a0reunido, lo\u00a0que tambi\u00e9n les result\u00f3 laboriosa, sobre todo si se toma en consideraci\u00f3n que se trata de un trabajo realizado\u00a0con aparatos no profesionales.<\/span><span data-ccp-props=\"{&quot;134233279&quot;:true,&quot;201341983&quot;:0,&quot;335559739&quot;:160,&quot;335559740&quot;:240}\">\u00a0<\/span><\/p>\n<p><span data-contrast=\"auto\">\u201cCreo que el aporte ideol\u00f3gico que plantea el cuento para la modernidad es que podemos escuchar muchas opiniones, de diferentes sectores, pero cada uno tiene su punto de vista y la realidad s\u00f3lo se completa tomando en cuenta\u00a0a\u00a0todos \u00e9stos. Y eso es vigente\u00a0en la\u00a0actualidad, aunque se trata de un texto de hace\u00a0100\u00a0a\u00f1os\u201d, expuso a manera de invitar a apreciar esta obra.<\/span><span data-ccp-props=\"{&quot;134233279&quot;:true,&quot;201341983&quot;:0,&quot;335559739&quot;:160,&quot;335559740&quot;:240}\">\u00a0<\/span><\/p>\n","protected":false},"excerpt":{"rendered":"<p>Por segundo a\u00f1o consecutivo el Festival de Teatro Universitario de la UV se desarrolla de manera virtual\u00a0<\/p>\n","protected":false},"author":1869,"featured_media":105369,"comment_status":"closed","ping_status":"closed","sticky":false,"template":"","format":"standard","meta":[],"categories":[11],"tags":[],"_links":{"self":[{"href":"https:\/\/www.uv.mx\/prensa\/wp-json\/wp\/v2\/posts\/105368"}],"collection":[{"href":"https:\/\/www.uv.mx\/prensa\/wp-json\/wp\/v2\/posts"}],"about":[{"href":"https:\/\/www.uv.mx\/prensa\/wp-json\/wp\/v2\/types\/post"}],"author":[{"embeddable":true,"href":"https:\/\/www.uv.mx\/prensa\/wp-json\/wp\/v2\/users\/1869"}],"replies":[{"embeddable":true,"href":"https:\/\/www.uv.mx\/prensa\/wp-json\/wp\/v2\/comments?post=105368"}],"version-history":[{"count":1,"href":"https:\/\/www.uv.mx\/prensa\/wp-json\/wp\/v2\/posts\/105368\/revisions"}],"predecessor-version":[{"id":105372,"href":"https:\/\/www.uv.mx\/prensa\/wp-json\/wp\/v2\/posts\/105368\/revisions\/105372"}],"wp:featuredmedia":[{"embeddable":true,"href":"https:\/\/www.uv.mx\/prensa\/wp-json\/wp\/v2\/media\/105369"}],"wp:attachment":[{"href":"https:\/\/www.uv.mx\/prensa\/wp-json\/wp\/v2\/media?parent=105368"}],"wp:term":[{"taxonomy":"category","embeddable":true,"href":"https:\/\/www.uv.mx\/prensa\/wp-json\/wp\/v2\/categories?post=105368"},{"taxonomy":"post_tag","embeddable":true,"href":"https:\/\/www.uv.mx\/prensa\/wp-json\/wp\/v2\/tags?post=105368"}],"curies":[{"name":"wp","href":"https:\/\/api.w.org\/{rel}","templated":true}]}}