{"id":105408,"date":"2021-11-15T21:10:32","date_gmt":"2021-11-16T03:10:32","guid":{"rendered":"https:\/\/www.uv.mx\/prensa\/?p=105408"},"modified":"2021-11-16T14:57:07","modified_gmt":"2021-11-16T20:57:07","slug":"pablo-montoya-principal-orador-en-la-catedra-interamericana-carlos-fuentes-de-la-uv","status":"publish","type":"post","link":"https:\/\/www.uv.mx\/prensa\/cultura\/pablo-montoya-principal-orador-en-la-catedra-interamericana-carlos-fuentes-de-la-uv\/","title":{"rendered":"Pablo Montoya, principal orador en la C\u00e1tedra Interamericana \u201cCarlos Fuentes\u201d de la UV"},"content":{"rendered":"<ul>\n<li data-leveltext=\"\uf0b7\" data-font=\"Symbol\" data-listid=\"1\" data-aria-posinset=\"1\" data-aria-level=\"1\"><i><span data-contrast=\"none\">El rector Mart\u00edn Aguilar S\u00e1nchez inaugur\u00f3 el V Curso-Taller Traducci\u00f3n y Literatura<\/span><\/i><\/li>\n<\/ul>\n<p>&nbsp;<\/p>\n<div id=\"attachment_105405\" style=\"width: 732px\" class=\"wp-caption aligncenter\"><a href=\"https:\/\/www.uv.mx\/prensa\/files\/2021\/11\/151121-Curso-taller-literatura-1.jpg\"><img aria-describedby=\"caption-attachment-105405\" decoding=\"async\" loading=\"lazy\" class=\"size-full wp-image-105405\" src=\"https:\/\/www.uv.mx\/prensa\/files\/2021\/11\/151121-Curso-taller-literatura-1.jpg\" alt=\"\" width=\"722\" height=\"481\" srcset=\"https:\/\/www.uv.mx\/prensa\/files\/2021\/11\/151121-Curso-taller-literatura-1.jpg 722w, https:\/\/www.uv.mx\/prensa\/files\/2021\/11\/151121-Curso-taller-literatura-1-300x200.jpg 300w\" sizes=\"(max-width: 722px) 100vw, 722px\" \/><\/a><p id=\"caption-attachment-105405\" class=\"wp-caption-text\">El rector Mart\u00edn Aguilar S\u00e1nchez inaugur\u00f3 el V Curso-Taller Traducci\u00f3n Literaria, de la C\u00e1tedra Interamericana \u201cCarlos Fuentes\u201d<\/p><\/div>\n<p>&nbsp;<\/p>\n<p><b><i><span data-contrast=\"none\">Jos\u00e9 Luis Couttolenc Soto<\/span><\/i><\/b><span data-ccp-props=\"{&quot;201341983&quot;:0,&quot;335559739&quot;:160,&quot;335559740&quot;:259}\">\u00a0<\/span><\/p>\n<p><b><i><span data-contrast=\"none\">15\/11\/2021, Xalapa, Ver.- <\/span><\/i><\/b><span data-contrast=\"none\">La<a href=\"https:\/\/www.uv.mx\/catedracf\/\" target=\"_blank\" rel=\"noopener\"> C\u00e1tedra Interamericana \u201cCarlos Fuentes\u201d<\/a> (CICF) inici\u00f3 la tarde de este lunes el V Curso-Taller Traducci\u00f3n Literaria, con la participaci\u00f3n del escritor colombiano Pablo Montoya, autor de la c\u00e9lebre novela <\/span><i><span data-contrast=\"none\">Tr\u00edptico de la infamia<\/span><\/i><span data-contrast=\"none\">.<\/span><span data-ccp-props=\"{&quot;201341983&quot;:0,&quot;335559739&quot;:160,&quot;335559740&quot;:259}\">\u00a0<\/span><\/p>\n<p><span data-contrast=\"none\">El curso, que se puede seguir por <\/span><i><span data-contrast=\"none\"><a href=\"https:\/\/fb.watch\/9iUJoP6Qsi\/\" target=\"_blank\" rel=\"noopener\">Facebook<\/a> <\/span><\/i><span data-contrast=\"none\">desde hoy y hasta el 19 de noviembre, contempla un ciclo de conferencias con Pablo Montoya, de la Universidad de Antioquia, Medell\u00edn, Colombia, y un taller de traducci\u00f3n literaria con la escritora y traductora Mar\u00eda del Pilar Ortiz Lovillo, investigadora del Instituto de Investigaciones en Educaci\u00f3n de la Universidad Veracruzana (UV).<\/span><span data-ccp-props=\"{&quot;201341983&quot;:0,&quot;335559731&quot;:708,&quot;335559739&quot;:160,&quot;335559740&quot;:259}\">\u00a0<\/span><\/p>\n<p><span data-contrast=\"none\">La inauguraci\u00f3n fue hecha por el rector Mart\u00edn Aguilar S\u00e1nchez, quien felicit\u00f3 a los organizadores por dar continuidad a esta importante c\u00e1tedra. En su discurso consider\u00f3 a la traducci\u00f3n como una herramienta de creaci\u00f3n, conocimiento, difusi\u00f3n y acceso a otros mundos, al tiempo que se congratul\u00f3 porque la UV siga alimentando una tradici\u00f3n que se ha convertido en sello de identidad de su quehacer institucional.<\/span><span data-ccp-props=\"{&quot;201341983&quot;:0,&quot;335559731&quot;:708,&quot;335559739&quot;:160,&quot;335559740&quot;:259}\">\u00a0<\/span><\/p>\n<p><span data-contrast=\"none\">Mencion\u00f3 que en una parte del siglo XX existieron en M\u00e9xico colecciones y editoriales mod\u00e9licas que hicieron de la traducci\u00f3n de la literatura un aporte fundamental, imponi\u00e9ndole nuevas funciones como la socialista alfabetizadora al servicio del proyecto vasconcelista, y luego una funci\u00f3n aut\u00f3noma en un proceso que termina sobrepasada la primera mitad de ese siglo.<\/span><span data-ccp-props=\"{&quot;201341983&quot;:0,&quot;335559731&quot;:708,&quot;335559739&quot;:160,&quot;335559740&quot;:259}\">\u00a0<\/span><\/p>\n<p><span data-contrast=\"none\">Destac\u00f3 cuatro colecciones que han hecho aportes con sus traducciones, que incluyen un cat\u00e1logo literario en lenguas hemisf\u00e9ricas o perif\u00e9ricas, como son: Cultura Universitaria, de la Universidad Aut\u00f3noma Metropolitana (UAM); Colecci\u00f3n Piedra, coeditada por el Instituto Mexiquense de Cultura y la Universidad Aut\u00f3noma del Estado de M\u00e9xico (UAEM); Poes\u00eda y Ensayo, de la UNAM, y el Cat\u00e1logo de la Editorial de la UAEM.<\/span><span data-ccp-props=\"{&quot;201341983&quot;:0,&quot;335559731&quot;:708,&quot;335559739&quot;:160,&quot;335559740&quot;:259}\">\u00a0<\/span><\/p>\n<p><span data-contrast=\"none\">Mencion\u00f3 tambi\u00e9n que la Colecci\u00f3n Ficci\u00f3n, fundada en 1957 por Sergio Galindo, constituye uno de los pilares de la UV que a lo largo de los a\u00f1os ha logrado crear un equilibrio entre la publicaci\u00f3n de autores hispanos, y traducciones de muchas lenguas.<\/span><span data-ccp-props=\"{&quot;201341983&quot;:0,&quot;335559731&quot;:708,&quot;335559739&quot;:160,&quot;335559740&quot;:259}\">\u00a0<\/span><\/p>\n<p><span data-contrast=\"none\">La presentaci\u00f3n del escritor colombiano estuvo a cargo de Leticia Mora Perdomo, investigadora del IIL-L y presidenta en turno de la Junta de Gobierno de la UV; en tanto, la de Mar\u00eda del Pilar Ortiz Lovillo fue hecha por Norma Ang\u00e9lica Cuevas Velasco, directora del IIL-L.<\/span><span data-ccp-props=\"{&quot;201341983&quot;:0,&quot;335559731&quot;:708,&quot;335559739&quot;:160,&quot;335559740&quot;:259}\">\u00a0<\/span><\/p>\n<p>&nbsp;<\/p>\n<div id=\"attachment_105410\" style=\"width: 732px\" class=\"wp-caption aligncenter\"><a href=\"https:\/\/www.uv.mx\/prensa\/files\/2021\/11\/151121-Curso-taller-literatura-3.jpg\"><img aria-describedby=\"caption-attachment-105410\" decoding=\"async\" loading=\"lazy\" class=\"size-full wp-image-105410\" src=\"https:\/\/www.uv.mx\/prensa\/files\/2021\/11\/151121-Curso-taller-literatura-3.jpg\" alt=\"\" width=\"722\" height=\"481\" srcset=\"https:\/\/www.uv.mx\/prensa\/files\/2021\/11\/151121-Curso-taller-literatura-3.jpg 722w, https:\/\/www.uv.mx\/prensa\/files\/2021\/11\/151121-Curso-taller-literatura-3-300x200.jpg 300w\" sizes=\"(max-width: 722px) 100vw, 722px\" \/><\/a><p id=\"caption-attachment-105410\" class=\"wp-caption-text\">Pablo<span data-contrast=\"none\"> Montoya ofreci\u00f3 la conferencia \u201cTraducci\u00f3n y literatura: puentes comunicantes en la Babel de nuestros d\u00edas\u201d<\/span><\/p><\/div>\n<p>&nbsp;<\/p>\n<p><span data-contrast=\"none\">En el primer d\u00eda de actividades Pablo Montoya ofreci\u00f3 la conferencia \u201cTraducci\u00f3n y literatura: puentes comunicantes en la Babel de nuestros d\u00edas\u201d, en la que abord\u00f3 las reflexiones b\u00e1sicas en torno al mito de Babel, ofreciendo un panorama general de las ideas que mueven este oficio milenario que ha tenido, desde el siglo XIX, en palabras de Goethe y hasta el siglo XX, en palabras de Walter Benjamin y George Steiner.<\/span><span data-ccp-props=\"{&quot;201341983&quot;:0,&quot;335559731&quot;:708,&quot;335559739&quot;:160,&quot;335559740&quot;:259}\">\u00a0<\/span><\/p>\n<p><span data-contrast=\"none\">Expuso algunos ejemplos de c\u00f3mo en su obra literaria, la traducci\u00f3n ofrece determinadas perspectivas de comprensi\u00f3n, en cuyas lecturas realizadas desde la literatura de los \u00e1mbitos pict\u00f3ricos, fotogr\u00e1ficos y musicales, podr\u00edan ejemplificar una b\u00fasqueda art\u00edstica que tiene en este tipo de traducciones de un lenguaje a otro uno de sus pilares esenciales.<\/span><span data-ccp-props=\"{&quot;201341983&quot;:0,&quot;335559731&quot;:708,&quot;335559739&quot;:160,&quot;335559740&quot;:259}\">\u00a0<\/span><\/p>\n<p><span data-contrast=\"none\">Posteriormente, en su taller Introducci\u00f3n a la traducci\u00f3n literaria y a cuatro cl\u00e1sicos de la literatura francesa: Charles Baudelaire, Albert Camus, Gustave Flaubert y Marcel Proust, Ortiz Lovillo analiz\u00f3 el estilo de cada autor y las circunstancias hist\u00f3ricas, sociales y culturales de su producci\u00f3n literaria.<\/span><span data-ccp-props=\"{&quot;201341983&quot;:0,&quot;335559731&quot;:708,&quot;335559739&quot;:160,&quot;335559740&quot;:259}\">\u00a0<\/span><\/p>\n<p><span data-contrast=\"none\">Hizo una revisi\u00f3n de las dificultades y retos que presenta la traducci\u00f3n del lenguaje literario: met\u00e1foras y otras figuras ret\u00f3ricas, cadencia, connotaci\u00f3n y denotaci\u00f3n de las palabras, expresiones idiom\u00e1ticas, entre otras, para luego dar paso a que los estudiantes realizaran ejercicios de traducci\u00f3n propia y comparada, con el fin de obtener una versi\u00f3n final com\u00fan de los textos propuestos.<\/span><span data-ccp-props=\"{&quot;201341983&quot;:0,&quot;335559731&quot;:708,&quot;335559739&quot;:160,&quot;335559740&quot;:259}\">\u00a0<\/span><\/p>\n<p><span data-contrast=\"none\">Cabe mencionar que en el acto protocolario de inauguraci\u00f3n, V\u00edctor Arredondo \u00c1lvarez, secretario T\u00e9cnico de la CICF, dijo que \u00e9sta se ha constituido en un brazo de interacci\u00f3n con instituciones acad\u00e9micas no solo de la regi\u00f3n de Am\u00e9rica Latina, sino de otros puntos del planeta.<\/span><span data-ccp-props=\"{&quot;201341983&quot;:0,&quot;335559731&quot;:708,&quot;335559739&quot;:160,&quot;335559740&quot;:259}\">\u00a0<\/span><\/p>\n<p><span data-contrast=\"none\">El programa de actividades est\u00e1 detallado en: <\/span><a href=\"https:\/\/bit.ly\/3FlPhIa\" target=\"_blank\" rel=\"noopener\"><span data-contrast=\"none\">https:\/\/bit.ly\/3FlPhIa<\/span><\/a><span data-contrast=\"none\">.<\/span><span data-ccp-props=\"{&quot;201341983&quot;:0,&quot;335559731&quot;:708,&quot;335559739&quot;:160,&quot;335559740&quot;:259}\">\u00a0<\/span><\/p>\n<p>&nbsp;<\/p>\n<div id=\"attachment_105406\" style=\"width: 732px\" class=\"wp-caption aligncenter\"><a href=\"https:\/\/www.uv.mx\/prensa\/files\/2021\/11\/151121-Curso-taller-literatura-2.jpg\"><img aria-describedby=\"caption-attachment-105406\" decoding=\"async\" loading=\"lazy\" class=\"size-full wp-image-105406\" src=\"https:\/\/www.uv.mx\/prensa\/files\/2021\/11\/151121-Curso-taller-literatura-2.jpg\" alt=\"\" width=\"722\" height=\"481\" srcset=\"https:\/\/www.uv.mx\/prensa\/files\/2021\/11\/151121-Curso-taller-literatura-2.jpg 722w, https:\/\/www.uv.mx\/prensa\/files\/2021\/11\/151121-Curso-taller-literatura-2-300x200.jpg 300w\" sizes=\"(max-width: 722px) 100vw, 722px\" \/><\/a><p id=\"caption-attachment-105406\" class=\"wp-caption-text\"><span class=\"TextRun BCX2 SCXW107602285\" lang=\"ES-ES\" xml:lang=\"ES-ES\" data-contrast=\"none\"><span class=\"NormalTextRun BCX2 SCXW107602285\">Con la participaci\u00f3n del escritor colombiano Pablo Montoya y de la investigadora de la UV, Mar\u00eda del Pilar Ortiz <\/span><span class=\"NormalTextRun SpellingErrorV2 BCX2 SCXW107602285\">Lovillo<\/span><span class=\"NormalTextRun BCX2 SCXW107602285\">, inici\u00f3 el V Curso-Taller Traducci\u00f3n Literaria<\/span><\/span><\/p><\/div>\n","protected":false},"excerpt":{"rendered":"<p>El escritor de las im\u00e1genes, como lo describe la investigadora Leticia Mora, imparte una serie de conferencias en el V Curso-Taller Traducci\u00f3n y Literatura, organizado por la CICF<\/p>\n","protected":false},"author":1508,"featured_media":105409,"comment_status":"closed","ping_status":"closed","sticky":false,"template":"","format":"standard","meta":[],"categories":[11,61],"tags":[],"_links":{"self":[{"href":"https:\/\/www.uv.mx\/prensa\/wp-json\/wp\/v2\/posts\/105408"}],"collection":[{"href":"https:\/\/www.uv.mx\/prensa\/wp-json\/wp\/v2\/posts"}],"about":[{"href":"https:\/\/www.uv.mx\/prensa\/wp-json\/wp\/v2\/types\/post"}],"author":[{"embeddable":true,"href":"https:\/\/www.uv.mx\/prensa\/wp-json\/wp\/v2\/users\/1508"}],"replies":[{"embeddable":true,"href":"https:\/\/www.uv.mx\/prensa\/wp-json\/wp\/v2\/comments?post=105408"}],"version-history":[{"count":1,"href":"https:\/\/www.uv.mx\/prensa\/wp-json\/wp\/v2\/posts\/105408\/revisions"}],"predecessor-version":[{"id":105434,"href":"https:\/\/www.uv.mx\/prensa\/wp-json\/wp\/v2\/posts\/105408\/revisions\/105434"}],"wp:featuredmedia":[{"embeddable":true,"href":"https:\/\/www.uv.mx\/prensa\/wp-json\/wp\/v2\/media\/105409"}],"wp:attachment":[{"href":"https:\/\/www.uv.mx\/prensa\/wp-json\/wp\/v2\/media?parent=105408"}],"wp:term":[{"taxonomy":"category","embeddable":true,"href":"https:\/\/www.uv.mx\/prensa\/wp-json\/wp\/v2\/categories?post=105408"},{"taxonomy":"post_tag","embeddable":true,"href":"https:\/\/www.uv.mx\/prensa\/wp-json\/wp\/v2\/tags?post=105408"}],"curies":[{"name":"wp","href":"https:\/\/api.w.org\/{rel}","templated":true}]}}