{"id":105476,"date":"2021-11-17T09:53:48","date_gmt":"2021-11-17T15:53:48","guid":{"rendered":"https:\/\/www.uv.mx\/prensa\/?p=105476"},"modified":"2021-11-18T12:46:51","modified_gmt":"2021-11-18T18:46:51","slug":"desorden-del-sueno-favorece-prediabetes-y-diabetes-maria-luisa-moreno","status":"publish","type":"post","link":"https:\/\/www.uv.mx\/prensa\/ciencia\/desorden-del-sueno-favorece-prediabetes-y-diabetes-maria-luisa-moreno\/","title":{"rendered":"Desorden del sue\u00f1o favorece prediabetes y diabetes: Mar\u00eda Luisa Moreno"},"content":{"rendered":"<style type=\"text\/css\">\n  blockquote p { color: #28519b; font-family: helvetica; font-size: 1.4em; }<br \/><\/style>\n<ul>\n<li data-leveltext=\"\uf0b7\" data-font=\"Symbol\" data-listid=\"2\" data-aria-posinset=\"1\" data-aria-level=\"1\"><i><span data-contrast=\"none\">\u201cCuando el individuo experimenta\u00a0cronodisrupci\u00f3n\u00a0debido a la\u00a0restricci\u00f3n de sue\u00f1o, se vuelve vulnerable a padecer patolog\u00edas\u00a0como estr\u00e9s oxidativo, inflamaci\u00f3n, trastornos hormonales y alteraciones metab\u00f3licas\u201d: Mar\u00eda Luisa Moreno Cort\u00e9s<\/span><\/i><span data-ccp-props=\"{&quot;134233279&quot;:true,&quot;201341983&quot;:0,&quot;335559739&quot;:160,&quot;335559740&quot;:240}\">\u00a0<\/span><\/li>\n<\/ul>\n<p>&nbsp;<\/p>\n<div id=\"attachment_105477\" style=\"width: 732px\" class=\"wp-caption aligncenter\"><a href=\"https:\/\/www.uv.mx\/prensa\/ciencia\/desorden-del-sueno-favorece-prediabetes-y-diabetes-maria-luisa-moreno\/attachment\/151121-relacion-sueno-diabetes-1-100k\/\" rel=\"attachment wp-att-105477\"><img aria-describedby=\"caption-attachment-105477\" decoding=\"async\" loading=\"lazy\" class=\"size-full wp-image-105477\" src=\"https:\/\/www.uv.mx\/prensa\/files\/2021\/11\/151121-Relacion-sueno-diabetes-1-100k.jpg\" alt=\"Mar\u00eda Luisa Moreno Cort\u00e9s, del Instituto de Investigaciones Biol\u00f3gicas, habl\u00f3 de la relaci\u00f3n sue\u00f1o-diabetes \" width=\"722\" height=\"439\" srcset=\"https:\/\/www.uv.mx\/prensa\/files\/2021\/11\/151121-Relacion-sueno-diabetes-1-100k.jpg 722w, https:\/\/www.uv.mx\/prensa\/files\/2021\/11\/151121-Relacion-sueno-diabetes-1-100k-300x182.jpg 300w\" sizes=\"(max-width: 722px) 100vw, 722px\" \/><\/a><p id=\"caption-attachment-105477\" class=\"wp-caption-text\">Mar\u00eda Luisa Moreno Cort\u00e9s, del Instituto de Investigaciones Biol\u00f3gicas, habl\u00f3 de la relaci\u00f3n sue\u00f1o-diabetes<\/p><\/div>\n<p>&nbsp;<\/p>\n<p><span data-contrast=\"none\">Cuando el individuo experimenta\u00a0cronodisrupci\u00f3n\u00a0debida a la restricci\u00f3n del sue\u00f1o, se vuelve vulnerable a padecer estr\u00e9s oxidativo, inflamaci\u00f3n, trastornos hormonales y alteraciones metab\u00f3licas, por mencionar s\u00f3lo algunas<\/span><\/p>\n<p>&nbsp;<\/p>\n<p><b><i><span data-contrast=\"none\">Jos\u00e9 Luis\u00a0Couttolenc\u00a0Soto<\/span><\/i><\/b><span data-ccp-props=\"{&quot;201341983&quot;:0,&quot;335559739&quot;:160,&quot;335559740&quot;:240}\">\u00a0<\/span><\/p>\n<p><b><i><span data-contrast=\"none\">17\/11\/2021,\u00a0Xalapa,\u00a0Ver.-<\/span><\/i><\/b><span data-contrast=\"none\">\u00a0Mar\u00eda Luisa Moreno Cort\u00e9s, investigadora\u00a0adscrita al<a href=\"https:\/\/www.uv.mx\/iib\/\" target=\"_blank\" rel=\"noopener\">\u00a0Instituto de Investigaciones Biol\u00f3gicas\u00a0<\/a>(IIB) de la Universidad Veracruzana (UV), particip\u00f3 en el 8\u00ba Simposio Virtual \u201cEnfoque multidisciplinario de la\u00a0diabetes\u201d\u00a0con la conferencia \u201cCalidad de sue\u00f1o,\u00a0cronotipo\u00a0y prediabetes\u201d.<\/span><span data-ccp-props=\"{&quot;201341983&quot;:0,&quot;335559739&quot;:160,&quot;335559740&quot;:240}\">\u00a0<\/span><\/p>\n<p><span data-contrast=\"none\">En el evento acad\u00e9mico, que tuvo lugar el viernes 12 de noviembre,\u00a0organizado por el \u00e1rea de Biomedicina del IIB, la investigadora universitaria\u00a0expuso\u00a0c\u00f3mo\u00a0identificar el\u00a0cronotipo\u00a0y algunas herramientas promotoras de higiene del sue\u00f1o\u00a0que permitan\u00a0prevenir la prediabetes y diabetes.<\/span><span data-ccp-props=\"{&quot;201341983&quot;:0,&quot;335559731&quot;:708,&quot;335559739&quot;:160,&quot;335559740&quot;:240}\">\u00a0<\/span><\/p>\n<p><span data-contrast=\"none\">Mencion\u00f3 que cuando el individuo experimenta\u00a0cronodisrupci\u00f3n\u00a0(desorden interno del ritmo sue\u00f1o-vigilia u otras variables fisiol\u00f3gicas, bioqu\u00edmicas o de comportamiento) debido a la restricci\u00f3n del sue\u00f1o, \u00e9ste se vuelve vulnerable a padecer patolog\u00edas como estr\u00e9s oxidativo, inflamaci\u00f3n, trastornos hormonales y alteraciones metab\u00f3licas, por mencionar s\u00f3lo algunas.<\/span><span data-ccp-props=\"{&quot;201341983&quot;:0,&quot;335559739&quot;:160,&quot;335559740&quot;:240}\">\u00a0<\/span><\/p>\n<p><span data-contrast=\"none\">Explic\u00f3 que el\u00a0cronotipo\u00a0es un atributo de los seres humanos que refleja su fase circadiana individual y est\u00e1 determinado por los antecedentes gen\u00e9ticos, edad, sexo y el entorno, fases que\u00a0revelan\u00a0la hora\u00a0en que\u00a0est\u00e1n activas las funciones f\u00edsicas, los niveles hormonales, la temperatura corporal, las facultades cognitivas y los patrones de alimentaci\u00f3n y sue\u00f1o del individuo.<\/span><span data-ccp-props=\"{&quot;201341983&quot;:0,&quot;335559739&quot;:160,&quot;335559740&quot;:240}\">\u00a0<\/span><\/p>\n<p><span data-contrast=\"none\">Expuso tambi\u00e9n que el sue\u00f1o es un evento fisiol\u00f3gico normal, recurrente y reversible de disminuci\u00f3n de la percepci\u00f3n y de la capacidad de respuesta al medio ambiente, puntualizando que\u00a0es un estado din\u00e1mico que tiene las propiedades de consolidar la memoria, regular la temperatura, almacenar energ\u00eda y mantener el estado general de salud.<\/span><span data-ccp-props=\"{&quot;201341983&quot;:0,&quot;335559739&quot;:160,&quot;335559740&quot;:240}\">\u00a0<\/span><\/p>\n<p><span data-contrast=\"none\">En\u00a0su disertaci\u00f3n, Mar\u00eda Luisa Moreno Cort\u00e9s, coordinadora del \u00e1rea de Biomedicina del IIB, refiri\u00f3 que el\u00a0ritmo sue\u00f1o-vigilia ocurre de manera natural y est\u00e1 determinado por las variaciones lum\u00ednicas del d\u00eda y la noche que son detectadas por el sistema circadiano y entran por la retina, llegando al reloj maestro, el n\u00facleo supraquiasm\u00e1tico (NSQ),\u00a0situado en la base del cerebro.<\/span><span data-ccp-props=\"{&quot;201341983&quot;:0,&quot;335559739&quot;:160,&quot;335559740&quot;:240}\">\u00a0<\/span><\/p>\n<p><span data-contrast=\"none\">El NSQ, dijo,\u00a0dicta temporalidad al resto del organismo regulando tambi\u00e9n la conducta del individuo, el estado de alerta, los niveles hormonales\u00a0y\u00a0el metabolismo,\u00a0entre otras cosas.<\/span><span data-ccp-props=\"{&quot;201341983&quot;:0,&quot;335559731&quot;:708,&quot;335559739&quot;:160,&quot;335559740&quot;:240}\">\u00a0<\/span><\/p>\n<p><span data-contrast=\"none\">Para finalizar, indic\u00f3 que la prediabetes es una alteraci\u00f3n metab\u00f3lica de los carbohidratos\u00a0y\u00a0de no ser detectada a tiempo evoluciona a diabetes, por lo que es importante descubrirla\u00a0oportunamente para evitar su progresi\u00f3n y con ello futuras complicaciones por la enfermedad.<\/span><span data-ccp-props=\"{&quot;201341983&quot;:0,&quot;335559731&quot;:708,&quot;335559739&quot;:160,&quot;335559740&quot;:240}\">\u00a0<\/span><\/p>\n","protected":false},"excerpt":{"rendered":"<p>La prediabetes es una alteraci\u00f3n metab\u00f3lica de los carbohidratos y de no ser detectada a tiempo evoluciona a diabetes <\/p>\n","protected":false},"author":1775,"featured_media":105477,"comment_status":"closed","ping_status":"closed","sticky":false,"template":"","format":"standard","meta":[],"categories":[45],"tags":[4918,5428,4162,4663,5430,5413,5429],"_links":{"self":[{"href":"https:\/\/www.uv.mx\/prensa\/wp-json\/wp\/v2\/posts\/105476"}],"collection":[{"href":"https:\/\/www.uv.mx\/prensa\/wp-json\/wp\/v2\/posts"}],"about":[{"href":"https:\/\/www.uv.mx\/prensa\/wp-json\/wp\/v2\/types\/post"}],"author":[{"embeddable":true,"href":"https:\/\/www.uv.mx\/prensa\/wp-json\/wp\/v2\/users\/1775"}],"replies":[{"embeddable":true,"href":"https:\/\/www.uv.mx\/prensa\/wp-json\/wp\/v2\/comments?post=105476"}],"version-history":[{"count":1,"href":"https:\/\/www.uv.mx\/prensa\/wp-json\/wp\/v2\/posts\/105476\/revisions"}],"predecessor-version":[{"id":105583,"href":"https:\/\/www.uv.mx\/prensa\/wp-json\/wp\/v2\/posts\/105476\/revisions\/105583"}],"wp:featuredmedia":[{"embeddable":true,"href":"https:\/\/www.uv.mx\/prensa\/wp-json\/wp\/v2\/media\/105477"}],"wp:attachment":[{"href":"https:\/\/www.uv.mx\/prensa\/wp-json\/wp\/v2\/media?parent=105476"}],"wp:term":[{"taxonomy":"category","embeddable":true,"href":"https:\/\/www.uv.mx\/prensa\/wp-json\/wp\/v2\/categories?post=105476"},{"taxonomy":"post_tag","embeddable":true,"href":"https:\/\/www.uv.mx\/prensa\/wp-json\/wp\/v2\/tags?post=105476"}],"curies":[{"name":"wp","href":"https:\/\/api.w.org\/{rel}","templated":true}]}}