{"id":105591,"date":"2021-11-19T08:00:47","date_gmt":"2021-11-19T14:00:47","guid":{"rendered":"https:\/\/www.uv.mx\/prensa\/?p=105591"},"modified":"2021-11-18T14:36:25","modified_gmt":"2021-11-18T20:36:25","slug":"al-ano-12-millones-de-personas-sufren-intimidacion-o-violencia-laboral","status":"publish","type":"post","link":"https:\/\/www.uv.mx\/prensa\/regiones\/al-ano-12-millones-de-personas-sufren-intimidacion-o-violencia-laboral\/","title":{"rendered":"Al a\u00f1o, 12\u00a0millones de personas sufren\u00a0intimidaci\u00f3n\u00a0o violencia\u00a0laboral\u00a0"},"content":{"rendered":"<style type=\"text\/css\">\n  blockquote p { color: #28519b; font-family: helvetica; font-size: 1.6em; }\n<\/style>\n<p>&nbsp;<\/p>\n<ul>\n<li data-leveltext=\"\uf0b7\" data-font=\"Symbol\" data-listid=\"1\" data-aria-posinset=\"1\" data-aria-level=\"1\"><i><span data-contrast=\"auto\">Eva Mar\u00eda Mart\u00ednez,\u00a0de la Universidad de Salamanca,\u00a0dijo que\u00a0el 60 por ciento son mujeres<\/span><\/i><span data-ccp-props=\"{&quot;134233279&quot;:true,&quot;201341983&quot;:0,&quot;335559739&quot;:160,&quot;335559740&quot;:240}\">\u00a0<\/span><\/li>\n<li data-leveltext=\"\uf0b7\" data-font=\"Symbol\" data-listid=\"1\" data-aria-posinset=\"2\" data-aria-level=\"1\"><i><span data-contrast=\"auto\">Particip\u00f3 en\u00a0la\u00a0Feria de la Salud\u00a0que\u00a0reuni\u00f3 a cerca de 500 asistentes virtuales<\/span><\/i><span data-ccp-props=\"{&quot;134233279&quot;:true,&quot;201341983&quot;:0,&quot;335559739&quot;:160,&quot;335559740&quot;:240}\">\u00a0<\/span><\/li>\n<\/ul>\n<p><span data-ccp-props=\"{&quot;201341983&quot;:0,&quot;335559739&quot;:160,&quot;335559740&quot;:240}\">\u00a0<\/span><\/p>\n<div id=\"attachment_105592\" style=\"width: 732px\" class=\"wp-caption aligncenter\"><img aria-describedby=\"caption-attachment-105592\" decoding=\"async\" loading=\"lazy\" class=\"size-full wp-image-105592\" src=\"https:\/\/www.uv.mx\/prensa\/files\/2021\/11\/181121-violencia-laboral-1.jpg\" alt=\"\" width=\"722\" height=\"481\" srcset=\"https:\/\/www.uv.mx\/prensa\/files\/2021\/11\/181121-violencia-laboral-1.jpg 722w, https:\/\/www.uv.mx\/prensa\/files\/2021\/11\/181121-violencia-laboral-1-300x200.jpg 300w\" sizes=\"(max-width: 722px) 100vw, 722px\" \/><p id=\"caption-attachment-105592\" class=\"wp-caption-text\">Eva Mar\u00eda Mart\u00ednez, acad\u00e9mica de la Universidad de Salamanca, imparti\u00f3 la conferencia \u201cViolencia laboral\u201d<\/p><\/div>\n<p><span data-ccp-props=\"{&quot;201341983&quot;:0,&quot;335559739&quot;:160,&quot;335559740&quot;:240}\">\u00a0<\/span><\/p>\n<blockquote><p><span data-contrast=\"auto\">De acuerdo a la normativa mexicana, la violencia contra las mujeres est\u00e1 tipificada como cualquier acci\u00f3n y omisi\u00f3n que cause da\u00f1o o sufrimiento psicol\u00f3gico, f\u00edsico, patrimonial, econ\u00f3mico, sexual o la muerte, tanto en el \u00e1mbito privado como p\u00fablico<\/span><span data-ccp-props=\"{&quot;201341983&quot;:0,&quot;335559739&quot;:160,&quot;335559740&quot;:240}\">\u00a0<\/span><\/p><\/blockquote>\n<p><span data-ccp-props=\"{&quot;201341983&quot;:0,&quot;335559739&quot;:160,&quot;335559740&quot;:240}\">\u00a0<\/span><\/p>\n<blockquote><p><span data-contrast=\"auto\">Otra de las discriminaciones muy conocidas se da cuando la mujer se encuentra embarazada; \u201csi est\u00e1 en edad de procrear, en ocasiones las empresas no la contratan porque puede haber una merma en su trabajo y ausencia despu\u00e9s del parto<\/span><span data-ccp-props=\"{&quot;201341983&quot;:0,&quot;335559739&quot;:160,&quot;335559740&quot;:240}\">\u00a0<\/span><\/p><\/blockquote>\n<p><span data-ccp-props=\"{&quot;201341983&quot;:0,&quot;335559739&quot;:160,&quot;335559740&quot;:240}\">\u00a0<\/span><\/p>\n<p><b><i><span data-contrast=\"auto\">19\/11\/2021, Boca del R\u00edo,\u00a0Ver<\/span><\/i><\/b><b><i><span data-contrast=\"auto\">.-\u00a0<\/span><\/i><\/b><span data-contrast=\"auto\">Eva Mar\u00eda Mart\u00ednez,\u00a0de la Universidad de Salamanca, Espa\u00f1a,\u00a0lament\u00f3 la dram\u00e1tica\u00a0situaci\u00f3n de\u00a0brotes de violencia laboral en todo el mundo:\u00a0es un problema que va m\u00e1s all\u00e1 de nuestras fronteras y de\u00a0cualquier categor\u00eda profesional.<\/span><span data-ccp-props=\"{&quot;201341983&quot;:0,&quot;335559739&quot;:160,&quot;335559740&quot;:240}\">\u00a0<\/span><\/p>\n<p><span data-contrast=\"auto\">La acad\u00e9mica particip\u00f3 en la sexag\u00e9sima Feria de la Salud Internacional del Programa de Salud Integral (PSI) de la Universidad Veracruzana (UV), que en esta ocasi\u00f3n se efectu\u00f3 en colaboraci\u00f3n\u00a0con\u00a0la Facultad de Administraci\u00f3n y llev\u00f3 por tema \u201cImpactos en el mercado laboral ante la crisis actual:\u00a0salud =\u00a0productividad\u201d.<\/span><span data-ccp-props=\"{&quot;201341983&quot;:0,&quot;335559731&quot;:708,&quot;335559739&quot;:160,&quot;335559740&quot;:240}\">\u00a0<\/span><\/p>\n<p><span data-contrast=\"auto\">Eva Mar\u00eda Mart\u00ednez\u00a0imparti\u00f3 la conferencia \u201cViolencia\u00a0laboral\u201d, abordando\u00a0esta problem\u00e1tica\u00a0desde la perspectiva de la violencia de g\u00e9nero en el trabajo; coment\u00f3\u00a0que en la actualidad\u00a0est\u00e1\u00a0presente en las relaciones\u00a0socio-laborales\u00a0de las empresas\u00a0y\u00a0afecta\u00a0significativamente\u00a0la salud de los trabajadores,\u00a0\u201cen particular\u00a0de las mujeres\u00a0pues impacta en\u00a0la capacidad para\u00a0desarrollar su trabajo\u201d.<\/span><span data-ccp-props=\"{&quot;201341983&quot;:0,&quot;335559731&quot;:708,&quot;335559739&quot;:160,&quot;335559740&quot;:240}\">\u00a0<\/span><\/p>\n<p><span data-contrast=\"auto\">Se\u00f1al\u00f3\u00a0que las cifras\u00a0en\u00a0M\u00e9xico\u00a0muestran un\u00a0incremento\u00a0de las mujeres en el mercado laboral, \u201cse puede ver una mayor independencia econ\u00f3mica de\u00a0ellas, pero la\u00a0carga de trabajo\u00a0se duplica\u00a0o triplica, porque\u00a0adem\u00e1s muchas son jefas de familia y,\u00a0aunado a eso,\u00a0tambi\u00e9n sufren discriminaci\u00f3n salarial.\u00a0No s\u00f3lo\u00a0podemos hablar de\u00a0violencia f\u00edsica, tambi\u00e9n\u00a0de da\u00f1o psicol\u00f3gico\u201d, puntualiz\u00f3.<\/span><span data-ccp-props=\"{&quot;201341983&quot;:0,&quot;335559731&quot;:708,&quot;335559739&quot;:160,&quot;335559740&quot;:240}\">\u00a0<\/span><\/p>\n<p><span data-contrast=\"auto\">Dijo que se debe\u00a0poner freno a la discriminaci\u00f3n en el \u00e1mbito laboral, acotar cada una de las conductas, tipificarlas desde el punto de vista penal y que tengan repercusi\u00f3n.<\/span><span data-ccp-props=\"{&quot;201341983&quot;:0,&quot;335559731&quot;:708,&quot;335559739&quot;:160,&quot;335559740&quot;:240}\">\u00a0<\/span><\/p>\n<p><span data-contrast=\"auto\">De\u00a0acuerdo a la normativa mexicana,\u00a0la violencia contra las mujeres\u00a0est\u00e1\u00a0tipificada\u00a0como cualquier acci\u00f3n y omisi\u00f3n\u00a0que cause da\u00f1o\u00a0o sufrimiento psicol\u00f3gico, f\u00edsico, patrimonial, econ\u00f3mico, sexual o la muerte,\u00a0tanto en el \u00e1mbito privado como p\u00fablico.<\/span><span data-ccp-props=\"{&quot;201341983&quot;:0,&quot;335559731&quot;:708,&quot;335559739&quot;:160,&quot;335559740&quot;:240}\">\u00a0<\/span><\/p>\n<p><span data-contrast=\"auto\">\u201cEsta definici\u00f3n es amplia\u00a0y permite\u00a0analizar\u00a0los\u00a0efectos\u00a0en la salud de la mujer,\u00a0en su\u00a0despe\u00f1o laboral,\u00a0en el \u00e1mbito familiar,\u00a0en\u00a0sus\u00a0capacidades,\u00a0en el bienestar social.\u201d<\/span><span data-ccp-props=\"{&quot;201341983&quot;:0,&quot;335559731&quot;:708,&quot;335559739&quot;:160,&quot;335559740&quot;:240}\">\u00a0<\/span><\/p>\n<p><span data-contrast=\"auto\">Cada d\u00eda m\u00e1s\u00a0se\u00a0evidencian\u00a0s\u00edntomas como\u00a0la\u00a0depresi\u00f3n,\u00a0p\u00e1nico y\u00a0desorden\u00a0como\u00a0consecuencia de la situaci\u00f3n de violencia que\u00a0las mujeres\u00a0viven\u00a0diariamente en su trabajo, lo cual\u00a0deriva en\u00a0que\u00a0se\u00a0ausenten\u00a0por causas de salud.<\/span><span data-ccp-props=\"{&quot;201341983&quot;:0,&quot;335559731&quot;:708,&quot;335559739&quot;:160,&quot;335559740&quot;:240}\">\u00a0<\/span><\/p>\n<p>&nbsp;<\/p>\n<div id=\"attachment_105593\" style=\"width: 732px\" class=\"wp-caption aligncenter\"><img aria-describedby=\"caption-attachment-105593\" decoding=\"async\" loading=\"lazy\" class=\"size-full wp-image-105593\" src=\"https:\/\/www.uv.mx\/prensa\/files\/2021\/11\/181121-violencia-laboral-2.jpg\" alt=\"\" width=\"722\" height=\"400\" srcset=\"https:\/\/www.uv.mx\/prensa\/files\/2021\/11\/181121-violencia-laboral-2.jpg 722w, https:\/\/www.uv.mx\/prensa\/files\/2021\/11\/181121-violencia-laboral-2-300x166.jpg 300w\" sizes=\"(max-width: 722px) 100vw, 722px\" \/><p id=\"caption-attachment-105593\" class=\"wp-caption-text\">La sexag\u00e9sima Feria de la Salud Internacional del PSI de la UV reuni\u00f3 a cerca\u00a0de\u00a0500 asistentes<\/p><\/div>\n<p>&nbsp;<\/p>\n<p><span data-contrast=\"auto\">La especialista\u00a0indic\u00f3\u00a0que\u00a0desde el punto de vista psicol\u00f3gico,\u00a0la violencia laboral\u00a0genera cierto terror\u00a0para\u00a0acudir al\u00a0trabajo por\u00a0el maltrato sistem\u00e1tico ejercido por\u00a0su\u00a0superior.<\/span><span data-ccp-props=\"{&quot;201341983&quot;:0,&quot;335559731&quot;:708,&quot;335559739&quot;:160,&quot;335559740&quot;:240}\">\u00a0<\/span><\/p>\n<p><span data-contrast=\"auto\">Hizo hincapi\u00e9 en que\u00a0se debe\u00a0dotar\u00a0de\u00a0herramientas de protecci\u00f3n o de instrumentos que permitan dar una respuesta adecuada a esta situaci\u00f3n;\u00a0\u201cen\u00a0Espa\u00f1a\u00a0son\u00a0obligatorios\u00a0los\u00a0protocolos en las empresas\u00a0p\u00fablicas y privadas, los cuales\u00a0se\u00a0deben poner en marcha cuando se detecta que una\u00a0mujer\u00a0est\u00e1\u00a0sufriendo alguna situaci\u00f3n de violencia\u201d.<\/span><span data-ccp-props=\"{&quot;201341983&quot;:0,&quot;335559731&quot;:708,&quot;335559739&quot;:160,&quot;335559740&quot;:240}\">\u00a0<\/span><\/p>\n<p><span data-contrast=\"auto\">Explic\u00f3\u00a0que hay\u00a045\u00a0conductas de acoso laboral reconocidas internacionalmente\u00a0como\u00a0<\/span><i><span data-contrast=\"auto\">mobbing<\/span><\/i><span data-contrast=\"auto\">,\u00a0identificadas\u00a0en\u00a0cinco\u00a0fases distintas:\u00a0la comunicaci\u00f3n,\u00a0que se refiere a\u00a0la restricci\u00f3n que se\u00a0ejerce contra\u00a0la trabajadora;\u00a0la afectaci\u00f3n social, donde\u00a0se presenta el aislamiento\u00a0o\u00a0es excluida\u00a0por\u00a0sus propios compa\u00f1eros;\u00a0el\u00a0desprestigio\u00a0personal, a trav\u00e9s de burlas\u00a0y\u00a0rumores, o ridiculizaciones;\u00a0el\u00a0descredito laboral,\u00a0se refiere a la disminuci\u00f3n en el desempe\u00f1o de\u00a0sus\u00a0funciones;\u00a0\u00a0y la afectaci\u00f3n a la salud,\u00a0cuando surgen\u00a0patolog\u00edas\u00a0a veces\u00a0asociadas\u00a0a\u00a0esta\u00a0situaci\u00f3n.<\/span><span data-ccp-props=\"{&quot;201341983&quot;:0,&quot;335559731&quot;:708,&quot;335559739&quot;:160,&quot;335559740&quot;:240}\">\u00a0<\/span><\/p>\n<p><span data-contrast=\"auto\">Otra de las discriminaciones muy conocidas\u00a0se da\u00a0cuando la mujer se encuentra embarazada;\u00a0\u201csi est\u00e1 en edad de\u00a0procrear, en ocasiones las empresas no\u00a0la\u00a0contratan porque puede haber una merma en su trabajo y ausencia\u00a0despu\u00e9s del parto.<\/span><span data-ccp-props=\"{&quot;201341983&quot;:0,&quot;335559731&quot;:708,&quot;335559739&quot;:160,&quot;335559740&quot;:240}\">\u00a0<\/span><\/p>\n<p><span data-contrast=\"auto\">\u201dAnualmente,\u00a012\u00a0millones de personas sufren intimidaci\u00f3n o violencia en su trabajo,\u00a0de las cuales el\u00a060\u00a0por ciento son mujeres\u00a0que no denuncian\u00a0por la situaci\u00f3n de vulnerabilidad e\u00a0irregularidad\u00a0en\u00a0una\u00a0sociedad\u00a0que las\u00a0desprotege.\u201d<\/span><span data-ccp-props=\"{&quot;201341983&quot;:0,&quot;335559731&quot;:708,&quot;335559739&quot;:160,&quot;335559740&quot;:240}\">\u00a0<\/span><\/p>\n<p><span data-contrast=\"auto\">Eva Mar\u00eda Mart\u00ednez\u00a0habl\u00f3\u00a0de\u00a0las normas que\u00a0existen\u00a0para ayudar a frenar estas situaciones; en el caso de\u00a0la normativa mexicana,\u00a0la Constituci\u00f3n\u00a0Pol\u00edtica\u00a0reconoce un respeto y un derecho libre de violencia,\u00a0la Ley Federal previene y elimina\u00a0cualquier tipo de discriminaci\u00f3n, la Ley Federal del Trabajo\u00a0incluye\u00a0disposiciones espec\u00edficas\u00a0contra el acoso laboral y el hostigamiento de car\u00e1cter sexual, y\u00a0la Ley General\u00a0de Acceso de las\u00a0Mujeres a una\u00a0Vida\u00a0Libre de\u00a0Violencia que propone incluir de una forma expl\u00edcita el acoso moral.<\/span><span data-ccp-props=\"{&quot;201341983&quot;:0,&quot;335559731&quot;:708,&quot;335559739&quot;:160,&quot;335559740&quot;:240}\">\u00a0<\/span><\/p>\n<p><span data-contrast=\"auto\">Hizo un llamado a denunciar\u00a0\u201cno solamente en los\u00a0juzgados, sino tambi\u00e9n dentro de la misma empresa\u00a0para\u00a0que se puedan\u00a0activar los\u00a0protocolos\u00a0para prevenir\u00a0el acoso en el\u00a0\u00e1mbito\u00a0laboral, es una forma de dar una luz de alarma para proteger a la trabajadora que se encuentra\u00a0en\u00a0situaci\u00f3n\u00a0de violencia\u201d.<\/span><span data-ccp-props=\"{&quot;201341983&quot;:0,&quot;335559731&quot;:708,&quot;335559739&quot;:160,&quot;335559740&quot;:240}\">\u00a0<\/span><\/p>\n<p><span data-contrast=\"auto\">Dijo que\u00a0para\u00a0denunciar\u00a0acoso\u00a0laboral\u00a0se deben\u00a0reunir\u00a0pruebas suficientes porque es un tipo de\u00a0violencia silenciosa\u00a0que a veces no se puede acreditar.<\/span><span data-ccp-props=\"{&quot;201341983&quot;:0,&quot;335559731&quot;:708,&quot;335559739&quot;:160,&quot;335559740&quot;:240}\">\u00a0<\/span><\/p>\n<p><span data-contrast=\"auto\">Para concluir, la acad\u00e9mica\u00a0dijo que es importante trabajar con las\u00a0v\u00edctimas\u00a0desde el punto de vista psicol\u00f3gico,\u00a0pero tambi\u00e9n con\u00a0los acosadores\u00a0\u201cpara que a\u00a0trav\u00e9s de la educaci\u00f3n y de una intervenci\u00f3n multidimensional\u00a0se\u00a0adopten\u00a0medidas\u00a0que erradiquen o prevengan\u00a0la\u00a0violencia\u201d.<\/span><span data-ccp-props=\"{&quot;201341983&quot;:0,&quot;335559731&quot;:708,&quot;335559739&quot;:160,&quot;335559740&quot;:240}\">\u00a0<\/span><\/p>\n<p><span data-contrast=\"auto\">El programa del evento tambi\u00e9n incluy\u00f3 las conferencias de Elsa Beatriz D\u00edaz Cruz,\u00a0quien\u00a0platic\u00f3 sobre \u201cUna pausa activa en la salud\u201d; Dorian\u00a0Toriz\u00a0Caballero\u00a0comparti\u00f3 informaci\u00f3n\u00a0de\u00a0\u201cLos tres pilares para crear tu zona de bienestar\u201d;\u00a0Diana Astrid Buitrago N\u00fa\u00f1ez, de la Universidad Santo Tom\u00e1s de Bucaramanga, Colombia,\u00a0imparti\u00f3 \u201cPausa musical saludable en entornos personales de aprendizaje\u201d.<\/span><span data-ccp-props=\"{&quot;201341983&quot;:0,&quot;335559731&quot;:708,&quot;335559739&quot;:160,&quot;335559740&quot;:240}\">\u00a0<\/span><\/p>\n<p><span data-contrast=\"auto\">La inauguraci\u00f3n del evento\u00a0la encabez\u00f3\u00a0Ulises Gonzalo Aguirre Orozco,\u00a0secretario Acad\u00e9mico\u00a0regional, en representaci\u00f3n del\u00a0vicerrector\u00a0Rub\u00e9n\u00a0Edel\u00a0Navarro;\u00a0Jos\u00e9 Rogelio Lozano Enr\u00edquez, jefe del\u00a0Departamento de Relaciones Laborales y Asuntos Jur\u00eddicos; Antonia Barranca Enr\u00edquez, coordinadora regional de Desarrollo Institucional; Enrique Morales Gonz\u00e1lez, coordinador regional de Posgrado;\u00a0Yeny\u00a0Paola Carmona Figueroa, coordinadora del PSI; Dora Emilia Aguirre Bautista, directora de la Facultad de Administraci\u00f3n, as\u00ed\u00a0como acad\u00e9micos y estudiantes.<\/span><span data-ccp-props=\"{&quot;201341983&quot;:0,&quot;335559731&quot;:708,&quot;335559739&quot;:160,&quot;335559740&quot;:240}\">\u00a0<\/span><\/p>\n<p><span data-ccp-props=\"{&quot;201341983&quot;:0,&quot;335559739&quot;:160,&quot;335559740&quot;:240}\">\u00a0<\/span><\/p>\n<div id=\"attachment_105594\" style=\"width: 732px\" class=\"wp-caption aligncenter\"><img aria-describedby=\"caption-attachment-105594\" decoding=\"async\" loading=\"lazy\" class=\"size-full wp-image-105594\" src=\"https:\/\/www.uv.mx\/prensa\/files\/2021\/11\/181121-violencia-laboral-3.jpg\" alt=\"\" width=\"722\" height=\"482\" srcset=\"https:\/\/www.uv.mx\/prensa\/files\/2021\/11\/181121-violencia-laboral-3.jpg 722w, https:\/\/www.uv.mx\/prensa\/files\/2021\/11\/181121-violencia-laboral-3-300x200.jpg 300w\" sizes=\"(max-width: 722px) 100vw, 722px\" \/><p id=\"caption-attachment-105594\" class=\"wp-caption-text\">El secretario Acad\u00e9mico regional, Ulises Gonzalo Aguirre Orozco, presidi\u00f3 el acto inaugural y dio la bienvenida a los asistentes<\/p><\/div>\n","protected":false},"excerpt":{"rendered":"<p>Eva Mar\u00eda Mart\u00ednez, de la Universidad de Salamanca, dijo que el 60 por ciento\u00a0de quienes padecen esta situaci\u00f3n son mujeres\u00a0\u00a0<\/p>\n","protected":false},"author":1869,"featured_media":105592,"comment_status":"closed","ping_status":"closed","sticky":false,"template":"","format":"standard","meta":[],"categories":[32,55],"tags":[],"_links":{"self":[{"href":"https:\/\/www.uv.mx\/prensa\/wp-json\/wp\/v2\/posts\/105591"}],"collection":[{"href":"https:\/\/www.uv.mx\/prensa\/wp-json\/wp\/v2\/posts"}],"about":[{"href":"https:\/\/www.uv.mx\/prensa\/wp-json\/wp\/v2\/types\/post"}],"author":[{"embeddable":true,"href":"https:\/\/www.uv.mx\/prensa\/wp-json\/wp\/v2\/users\/1869"}],"replies":[{"embeddable":true,"href":"https:\/\/www.uv.mx\/prensa\/wp-json\/wp\/v2\/comments?post=105591"}],"version-history":[{"count":1,"href":"https:\/\/www.uv.mx\/prensa\/wp-json\/wp\/v2\/posts\/105591\/revisions"}],"predecessor-version":[{"id":105595,"href":"https:\/\/www.uv.mx\/prensa\/wp-json\/wp\/v2\/posts\/105591\/revisions\/105595"}],"wp:featuredmedia":[{"embeddable":true,"href":"https:\/\/www.uv.mx\/prensa\/wp-json\/wp\/v2\/media\/105592"}],"wp:attachment":[{"href":"https:\/\/www.uv.mx\/prensa\/wp-json\/wp\/v2\/media?parent=105591"}],"wp:term":[{"taxonomy":"category","embeddable":true,"href":"https:\/\/www.uv.mx\/prensa\/wp-json\/wp\/v2\/categories?post=105591"},{"taxonomy":"post_tag","embeddable":true,"href":"https:\/\/www.uv.mx\/prensa\/wp-json\/wp\/v2\/tags?post=105591"}],"curies":[{"name":"wp","href":"https:\/\/api.w.org\/{rel}","templated":true}]}}