{"id":105597,"date":"2021-11-19T08:00:35","date_gmt":"2021-11-19T14:00:35","guid":{"rendered":"https:\/\/www.uv.mx\/prensa\/?p=105597"},"modified":"2021-11-18T15:03:17","modified_gmt":"2021-11-18T21:03:17","slug":"clinica-uv-fortalece-acciones-de-planificacion-familiar","status":"publish","type":"post","link":"https:\/\/www.uv.mx\/prensa\/general\/clinica-uv-fortalece-acciones-de-planificacion-familiar\/","title":{"rendered":"Cl\u00ednica UV\u00a0fortalece acciones\u00a0de planificaci\u00f3n\u00a0familiar\u00a0"},"content":{"rendered":"<p>&nbsp;<\/p>\n<ul>\n<li data-leveltext=\"\uf0b7\" data-font=\"Symbol\" data-listid=\"1\" data-aria-posinset=\"0\" data-aria-level=\"1\"><i><span data-contrast=\"auto\">En\u00a0el\u00a0Mes de la\u00a0Salud\u00a0Reproductiva\u00a0ofreci\u00f3 charla\u00a0virtual sobre los diversos m\u00e9todos de anticoncepci\u00f3n para\u00a0prevenir embarazos no deseados<\/span><\/i><span data-ccp-props=\"{&quot;134233117&quot;:true,&quot;134233118&quot;:true,&quot;201341983&quot;:0,&quot;335559740&quot;:240}\">\u00a0<\/span><\/li>\n<\/ul>\n<p><span data-ccp-props=\"{&quot;134233117&quot;:true,&quot;134233118&quot;:true,&quot;201341983&quot;:0,&quot;335559740&quot;:240}\">\u00a0<\/span><\/p>\n<div id=\"attachment_105598\" style=\"width: 732px\" class=\"wp-caption aligncenter\"><img aria-describedby=\"caption-attachment-105598\" decoding=\"async\" loading=\"lazy\" class=\"size-full wp-image-105598\" src=\"https:\/\/www.uv.mx\/prensa\/files\/2021\/11\/171121-Charla-planificacion-familiar-2.jpg\" alt=\"\" width=\"722\" height=\"496\" srcset=\"https:\/\/www.uv.mx\/prensa\/files\/2021\/11\/171121-Charla-planificacion-familiar-2.jpg 722w, https:\/\/www.uv.mx\/prensa\/files\/2021\/11\/171121-Charla-planificacion-familiar-2-300x206.jpg 300w\" sizes=\"(max-width: 722px) 100vw, 722px\" \/><p id=\"caption-attachment-105598\" class=\"wp-caption-text\">Guadalupe Campos Rodr\u00edguez ofreci\u00f3 una charla virtual sobre los diferentes m\u00e9todos de\u00a0planificaci\u00f3n familiar<\/p><\/div>\n<p><span data-ccp-props=\"{&quot;201341983&quot;:0,&quot;335559739&quot;:160,&quot;335559740&quot;:240}\">\u00a0<\/span><\/p>\n<p><b><i><span data-contrast=\"auto\">Jos\u00e9 Luis\u00a0Couttolenc\u00a0Soto<\/span><\/i><\/b><span data-ccp-props=\"{&quot;134233117&quot;:true,&quot;134233118&quot;:true,&quot;201341983&quot;:0,&quot;335559740&quot;:240}\">\u00a0<\/span><\/p>\n<p><b><i><span data-contrast=\"auto\">19\/11\/2021,\u00a0Xalapa,\u00a0Ver.-\u00a0<\/span><\/i><\/b><span data-contrast=\"auto\">L<\/span><span data-contrast=\"auto\">a Cl\u00ednica Universitaria de Salud Reproductiva y Sexual (CUSRS) de la Universidad Veracruzana (UV)\u00a0imparte\u00a0pl\u00e1ticas de informaci\u00f3n y educaci\u00f3n en salud reproductiva y sexual, c<\/span><span data-contrast=\"auto\">omo parte las acciones para el fortalecimiento y promoci\u00f3n de m\u00e9todos de planificaci\u00f3n familiar.<\/span><span data-ccp-props=\"{&quot;134233117&quot;:true,&quot;134233118&quot;:true,&quot;201341983&quot;:0,&quot;335559740&quot;:240}\">\u00a0<\/span><\/p>\n<p><span data-contrast=\"auto\">Por esta raz\u00f3n, en el\u00a0Mes\u00a0de\u00a0la\u00a0Salud\u00a0Reproductiva, el martes 16 de noviembre la\u00a0pasante en servicio social de Enfermer\u00eda, Mar\u00eda Guadalupe Campos Rodr\u00edguez,\u00a0ofreci\u00f3 una charla virtual en la que dio a conocer los diferentes m\u00e9todos\u00a0de\u00a0planificaci\u00f3n familiar, as\u00ed como los porcentajes de efectividad de anticoncepci\u00f3n de cada uno de ellos.<\/span><span data-ccp-props=\"{&quot;134233117&quot;:true,&quot;134233118&quot;:true,&quot;201341983&quot;:0,&quot;335559740&quot;:240}\">\u00a0<\/span><\/p>\n<p><span data-contrast=\"auto\">Se\u00f1al\u00f3 que\u00a0de acuerdo a la Norma Oficial Mexicana (NOM) 005, actualizada en 2004,\u00a0estos m\u00e9todos son utilizados para delimitar la capacidad reproductiva de un individuo o pareja, ya sea de manera temporal o permanente.<\/span><span data-ccp-props=\"{&quot;134233117&quot;:true,&quot;134233118&quot;:true,&quot;201341983&quot;:0,&quot;335559740&quot;:240}\">\u00a0<\/span><\/p>\n<p><span data-contrast=\"auto\">Entre los temporales, se pueden encontrar los hormonales orales, inyectables,\u00a0subd\u00e9rmicos, dispositivos intrauterinos, condones\u00a0masculino y femenino, m\u00e9todos de barrera y espermicidas, m\u00e9todos tradicionales, naturales o de abstinencia peri\u00f3dica;\u00a0entre los permanentes est\u00e1n la oclusi\u00f3n\u00a0tubaria\u00a0bilateral o\u00a0salpingoclasia, y la vasectom\u00eda, ambos con una efectividad del 99 por ciento.<\/span><span data-ccp-props=\"{&quot;134233117&quot;:true,&quot;134233118&quot;:true,&quot;201341983&quot;:0,&quot;335559740&quot;:240}\">\u00a0<\/span><\/p>\n<p><span data-contrast=\"auto\">Campos Rodr\u00edguez explic\u00f3\u00a0que\u00a0los hormonales orales (p\u00edldoras)\u00a0son anticonceptivos combinados\u00a0que\u00a0contienen estr\u00f3geno y progest\u00e1geno que evitan la ovulaci\u00f3n,\u00a0su efectividad es de hasta el 98 por ciento, no previene infecciones de transmisi\u00f3n sexual (ITS), disminuye o desaparece el acn\u00e9\u00a0y el grosor del vello, reduce el riesgo de c\u00e1ncer endometrial y ov\u00e1rico; como efectos secundarios puede producir cefalea, n\u00e1usea, mareo, sensibilidad de mamas y cambios en el estado de \u00e1nimo.<\/span><span data-ccp-props=\"{&quot;201341983&quot;:0,&quot;335559739&quot;:160,&quot;335559740&quot;:240}\">\u00a0<\/span><\/p>\n<p><span data-contrast=\"auto\">Los hormonales inyectables\u00a0pueden aplicarse de manera mensual, bimestral o trimestral, impiden la ovulaci\u00f3n y hacen\u00a0que el\u00a0moco que se produce en el cuello de la matriz se vuelva muy espeso, impidiendo as\u00ed\u00a0el paso de los espermatozoides;\u00a0los subd\u00e9rmicos son implantes de una v\u00eda (tres\u00a0a\u00f1os) y de dos v\u00edas (cinco\u00a0a\u00f1os), espesan el moco cervical impidiendo la uni\u00f3n del espermatozoide con el \u00f3vulo, evitan\u00a0la ovulaci\u00f3n y su efectividad es del 99 por ciento.<\/span><span data-ccp-props=\"{&quot;201341983&quot;:0,&quot;335559739&quot;:160,&quot;335559740&quot;:240}\">\u00a0<\/span><\/p>\n<p><span data-contrast=\"auto\">El diafragma\u00a0es un dispositivo de l\u00e1tex con baja efectividad, no protege de ITS y aumenta el riesgo de infecci\u00f3n urinaria;\u00a0mientras que el\u00a0dispositivo intrauterino (DIU)\u00a0tiene una duraci\u00f3n de cinco a\u00f1os con efectividad del 99 por ciento, es f\u00e1cil de aplicar y retirar.<\/span><span data-ccp-props=\"{&quot;201341983&quot;:0,&quot;335559739&quot;:160,&quot;335559740&quot;:240}\">\u00a0<\/span><\/p>\n<p><span data-contrast=\"auto\">Existen otros m\u00e9todos como el de la temperatura basal, que impide el embarazo durante los d\u00edas f\u00e9rtiles, su efectividad es del 75-98 por ciento; la amenorrea durante la lactancia, m\u00e9todo temporal\u00a0que\u00a0exige amamantamiento de un menor de seis meses, impide la entrada del esperma y la fecundaci\u00f3n,\u00a0su efectividad es del 98-99 por ciento.<\/span><span data-ccp-props=\"{&quot;201341983&quot;:0,&quot;335559739&quot;:160,&quot;335559740&quot;:240}\">\u00a0<\/span><\/p>\n<p><span data-contrast=\"auto\">Como m\u00e9todos naturales se encuentran el calendario del ritmo, cuya efectividad es del 75-91 por ciento; el de Billings\/moco cervical con efectividad del 86-96 por ciento, y el coito interrumpido con efectividad del 73-96 por ciento.<\/span><span data-ccp-props=\"{&quot;201341983&quot;:0,&quot;335559739&quot;:160,&quot;335559740&quot;:240}\">\u00a0<\/span><\/p>\n<p><span data-contrast=\"auto\">En cuanto a los preservativos, el masculino es eficaz en un 85-95 por ciento y protege de las ITS, en particular del VIH y otras, y el femenino es efectivo en un 72-95 por ciento.<\/span><span data-ccp-props=\"{&quot;201341983&quot;:0,&quot;335559739&quot;:160,&quot;335559740&quot;:240}\">\u00a0<\/span><\/p>\n<p><span data-contrast=\"auto\">Al resaltar la importancia de la planificaci\u00f3n familiar, Mar\u00eda Guadalupe Campos dijo que mejora la salud de la madre, los hijos y la familia en general, al espaciar los partos, programar los nacimientos y prevenir embarazos no deseados.<\/span><span data-ccp-props=\"{&quot;201341983&quot;:0,&quot;335559739&quot;:160,&quot;335559740&quot;:240}\">\u00a0<\/span><\/p>\n<p><span data-contrast=\"auto\">Las conferencias continuar\u00e1n los d\u00edas martes 23 y 30 de noviembre a las 12:00 horas, y se pueden seguir a trav\u00e9s de la plataforma\u00a0<\/span><i><span data-contrast=\"auto\">Zoom<\/span><\/i><span data-contrast=\"auto\">, la liga se puede encontrar en\u00a0<\/span><a href=\"https:\/\/www.uv.mx\/cusrs\/\"><span data-contrast=\"auto\">https:\/\/www.uv.mx\/cusrs\/<\/span><\/a><span data-ccp-props=\"{&quot;201341983&quot;:0,&quot;335559739&quot;:160,&quot;335559740&quot;:240}\">\u00a0<\/span><\/p>\n","protected":false},"excerpt":{"rendered":"<p>Las conferencias continuar\u00e1n los d\u00edas 23 y 30 de noviembre a las 12:00 horas\u00a0y\u00a0se pueden\u00a0seguir a trav\u00e9s de la plataforma\u00a0<em>Zoom<\/em>;\u00a0la liga se puede encontrar en\u00a0www.uv.mx\/cusrs\/\u00a0\u00a0<\/p>\n","protected":false},"author":1869,"featured_media":105598,"comment_status":"closed","ping_status":"closed","sticky":false,"template":"","format":"standard","meta":[],"categories":[1],"tags":[],"_links":{"self":[{"href":"https:\/\/www.uv.mx\/prensa\/wp-json\/wp\/v2\/posts\/105597"}],"collection":[{"href":"https:\/\/www.uv.mx\/prensa\/wp-json\/wp\/v2\/posts"}],"about":[{"href":"https:\/\/www.uv.mx\/prensa\/wp-json\/wp\/v2\/types\/post"}],"author":[{"embeddable":true,"href":"https:\/\/www.uv.mx\/prensa\/wp-json\/wp\/v2\/users\/1869"}],"replies":[{"embeddable":true,"href":"https:\/\/www.uv.mx\/prensa\/wp-json\/wp\/v2\/comments?post=105597"}],"version-history":[{"count":1,"href":"https:\/\/www.uv.mx\/prensa\/wp-json\/wp\/v2\/posts\/105597\/revisions"}],"predecessor-version":[{"id":105599,"href":"https:\/\/www.uv.mx\/prensa\/wp-json\/wp\/v2\/posts\/105597\/revisions\/105599"}],"wp:featuredmedia":[{"embeddable":true,"href":"https:\/\/www.uv.mx\/prensa\/wp-json\/wp\/v2\/media\/105598"}],"wp:attachment":[{"href":"https:\/\/www.uv.mx\/prensa\/wp-json\/wp\/v2\/media?parent=105597"}],"wp:term":[{"taxonomy":"category","embeddable":true,"href":"https:\/\/www.uv.mx\/prensa\/wp-json\/wp\/v2\/categories?post=105597"},{"taxonomy":"post_tag","embeddable":true,"href":"https:\/\/www.uv.mx\/prensa\/wp-json\/wp\/v2\/tags?post=105597"}],"curies":[{"name":"wp","href":"https:\/\/api.w.org\/{rel}","templated":true}]}}