{"id":105976,"date":"2021-11-25T07:00:53","date_gmt":"2021-11-25T13:00:53","guid":{"rendered":"https:\/\/www.uv.mx\/prensa\/?p=105976"},"modified":"2021-11-25T09:23:50","modified_gmt":"2021-11-25T15:23:50","slug":"falta-de-espacio-y-de-servicios-urbanos-causas-de-abandono-de-viviendas","status":"publish","type":"post","link":"https:\/\/www.uv.mx\/prensa\/general\/falta-de-espacio-y-de-servicios-urbanos-causas-de-abandono-de-viviendas\/","title":{"rendered":"Falta de espacio y de servicios urbanos, causas de abandono de viviendas"},"content":{"rendered":"<ul>\n<li data-leveltext=\"\uf0b7\" data-font=\"Symbol\" data-listid=\"5\" data-aria-posinset=\"1\" data-aria-level=\"1\"><i><span data-contrast=\"auto\">Habitantes de fraccionamientos periurbanos de Xalapa, dejan sus hogares\u00a0para buscar mejores opciones de vida en zonas\u00a0m\u00e1s\u00a0cercanas a sus centros de trabajo<\/span><\/i><span data-ccp-props=\"{}\">\u00a0<\/span><\/li>\n<li data-leveltext=\"\uf0b7\" data-font=\"Symbol\" data-listid=\"5\" data-aria-posinset=\"2\" data-aria-level=\"1\"><i><span data-contrast=\"auto\">Datos de la UV y la UNAM muestran\u00a0que\u00a0s<\/span><\/i><i><span data-contrast=\"auto\">\u00f3<\/span><\/i><i><span data-contrast=\"auto\">lo tres de cada 10 personas est\u00e1n muy satisfechas con los materiales de construcci\u00f3n de su vivienda, y dos de cada 10 con su tama\u00f1o<\/span><\/i><span data-ccp-props=\"{}\">\u00a0<\/span><\/li>\n<\/ul>\n<p><span data-ccp-props=\"{}\">\u00a0<\/span><\/p>\n<div id=\"attachment_105977\" style=\"width: 732px\" class=\"wp-caption aligncenter\"><a href=\"https:\/\/www.uv.mx\/prensa\/general\/falta-de-espacio-y-de-servicios-urbanos-causas-de-abandono-de-viviendas\/attachment\/231121-carlos-conferencia-ezequiel-melgarejo-1_100k\/\" rel=\"attachment wp-att-105977\"><img aria-describedby=\"caption-attachment-105977\" decoding=\"async\" loading=\"lazy\" class=\"size-full wp-image-105977\" src=\"https:\/\/www.uv.mx\/prensa\/files\/2021\/11\/231121-CARLOS-Conferencia-Ezequiel-Melgarejo-1_100k.jpg\" alt=\"El tama\u00f1o y la mala calidad de los servicios urbanos son los principales motivos de abandono de viviendas \" width=\"722\" height=\"406\" srcset=\"https:\/\/www.uv.mx\/prensa\/files\/2021\/11\/231121-CARLOS-Conferencia-Ezequiel-Melgarejo-1_100k.jpg 722w, https:\/\/www.uv.mx\/prensa\/files\/2021\/11\/231121-CARLOS-Conferencia-Ezequiel-Melgarejo-1_100k-300x169.jpg 300w\" sizes=\"(max-width: 722px) 100vw, 722px\" \/><\/a><p id=\"caption-attachment-105977\" class=\"wp-caption-text\">El tama\u00f1o y la mala calidad de los servicios urbanos son los principales motivos de abandono de viviendas<\/p><\/div>\n<p>&nbsp;<\/p>\n<p><b><i><span data-contrast=\"auto\">Carlos Hugo Hermida Rosales<\/span><\/i><\/b><span data-ccp-props=\"{}\">\u00a0<\/span><\/p>\n<p><b><i><span data-contrast=\"auto\">25\/11\/2021,\u00a0Xalapa,\u00a0Ver.-\u00a0<\/span><\/i><\/b><span data-contrast=\"auto\">Ezequiel Melgarejo Ochoa, secretario Acad\u00e9mico de la Facultad de Arquitectura de la Universidad Veracruzana (FAUV),\u00a0imparti\u00f3 la conferencia \u00abFactores negativos\u202fque influyen en las condiciones\u202fde habitabilidad de la vivienda de inter\u00e9s social de\u202fla zona\u202fmetropolitana de Xalapa\u00bb, dentro del Congreso Internacional en Cuestiones Metropolitanas Comunes.<\/span><span data-ccp-props=\"{}\">\u00a0<\/span><\/p>\n<p><span data-contrast=\"auto\">El docente\u00a0explic\u00f3\u00a0que existen factores que influyen en\u00a0las condiciones de habitabilidad de los fraccionamientos ubicados en la\u00a0periferia\u00a0de Xalapa, que orillan a los habitantes a rentar, vender o incluso abandonar sus viviendas para buscar mejores\u00a0opciones\u00a0de vida en zonas\u00a0m\u00e1s\u00a0cercanas a sus centros de trabajo.\u00a0<\/span><span data-ccp-props=\"{&quot;335559731&quot;:708}\">\u00a0<\/span><\/p>\n<p><span data-contrast=\"auto\">De acuerdo con\u00a0datos recuperados de encuestas realizadas en el 2015 y el 2020 por la Universidad Nacional Aut\u00f3noma de M\u00e9xico (UNAM) y el Observatorio Urbano de la\u00a0UV,\u00a0respectivamente, entre las causas\u00a0que ocasionan\u00a0el abandono de viviendas en\u00a0los sitios mencionados\u00a0sobresalen el tama\u00f1o\u00a0de la construcci\u00f3n\u00a0y la mala calidad de los servicios\u00a0urbanos.<\/span><span data-ccp-props=\"{&quot;335559731&quot;:708}\">\u00a0<\/span><\/p>\n<p><span data-contrast=\"auto\">La encuesta de la UNAM arroj\u00f3 que las personas que abandonan sus hogares lo hacen por la mala calidad de los servicios de agua y luz, ya que esto incrementa sus gastos mensuales.\u00a0<\/span><span data-ccp-props=\"{&quot;335559731&quot;:708}\">\u00a0<\/span><\/p>\n<p><span data-contrast=\"auto\">La medici\u00f3n mostr\u00f3 que solo tres de cada 10 personas est\u00e1n muy satisfechas con los materiales de construcci\u00f3n de su vivienda y\u00a0su ubicaci\u00f3n, y dos de cada 10 con su tama\u00f1o y con la calidad de los servicios;\u00a0algunos mencionaron falta de satisfacci\u00f3n por las zonas de riesgo donde fueron construidas las casas.\u00a0<\/span><\/p>\n<div id=\"attachment_105978\" style=\"width: 732px\" class=\"wp-caption aligncenter\"><a href=\"https:\/\/www.uv.mx\/prensa\/general\/falta-de-espacio-y-de-servicios-urbanos-causas-de-abandono-de-viviendas\/attachment\/231121-carlos-conferencia-ezequiel-melgarejo-2-100k\/\" rel=\"attachment wp-att-105978\"><img aria-describedby=\"caption-attachment-105978\" decoding=\"async\" loading=\"lazy\" class=\"size-full wp-image-105978\" src=\"https:\/\/www.uv.mx\/prensa\/files\/2021\/11\/231121-CARLOS-Conferencia-Ezequiel-Melgarejo-2-100k.jpg\" alt=\"Los problemas de movilidad y seguridad influyen negativamente en las condiciones de habitabilidad \" width=\"722\" height=\"400\" srcset=\"https:\/\/www.uv.mx\/prensa\/files\/2021\/11\/231121-CARLOS-Conferencia-Ezequiel-Melgarejo-2-100k.jpg 722w, https:\/\/www.uv.mx\/prensa\/files\/2021\/11\/231121-CARLOS-Conferencia-Ezequiel-Melgarejo-2-100k-300x166.jpg 300w\" sizes=\"(max-width: 722px) 100vw, 722px\" \/><\/a><p id=\"caption-attachment-105978\" class=\"wp-caption-text\">Los problemas de movilidad y seguridad influyen negativamente en las condiciones de habitabilidad<\/p><\/div>\n<p>&nbsp;<\/p>\n<p><span data-contrast=\"auto\">Si bien\u00a0el\u00a0tama\u00f1o\u00a0de las viviendas de\u00a0quienes\u00a0participaron en esta encuesta\u00a0podr\u00eda\u00a0no ser preocupante, cuando se complementa el dato con el n\u00famero de habitantes se\u00a0detecta\u00a0que el espacio no es suficiente\u00a0pues\u00a0en algunas casas viven hasta nueve personas.\u00a0<\/span><span data-ccp-props=\"{&quot;335559731&quot;:708}\">\u00a0<\/span><\/p>\n<p><span data-contrast=\"auto\">La encuesta del\u00a0Observatorio Urbano de la UV\u00a0mostr\u00f3 que entre los factores\u00a0que orillan a las personas a abandonar sus viviendas\u00a0est\u00e1n\u00a0la escasa seguridad p\u00fablica, los problemas de movilidad y los servicios habitacionales.\u00a0<\/span><span data-ccp-props=\"{&quot;335559731&quot;:708}\">\u00a0<\/span><\/p>\n<p><span data-contrast=\"auto\">Ezequiel Melgarejo\u00a0coment\u00f3 que la relaci\u00f3n entre la oferta y demanda de vivienda, as\u00ed como su calidad,\u00a0son factores que requieren an\u00e1lisis individuales que pueden dar resultados importantes en torno a la habitabilidad.\u00a0<\/span><span data-ccp-props=\"{&quot;335559731&quot;:708}\">\u00a0<\/span><\/p>\n<p><span data-contrast=\"auto\">Enfatiz\u00f3 que es fundamental realizar un estudio profundo que ayude a identificar las caracter\u00edsticas\u00a0especificas\u00a0de habitabilidad que requieren las personas que buscan adquirir una vivienda en Xalapa, para\u00a0lograr\u00a0disminuir\u00a0el\u00a0porcentaje de abandono.<\/span><span data-ccp-props=\"{&quot;335559731&quot;:708}\">\u00a0<\/span><\/p>\n<p><span data-contrast=\"auto\">Su ponencia form\u00f3 parte de la mesa de trabajo \u201cCuestiones de habitabilidad en \u00e1reas metropolitanas\u201d.<\/span><span data-ccp-props=\"{&quot;335559731&quot;:708}\">\u00a0<\/span><\/p>\n","protected":false},"excerpt":{"rendered":"<p>El Observatorio Urbano de la UV mostr\u00f3 que tambi\u00e9n la escasa seguridad p\u00fablica, los problemas de movilidad y los servicios habitacionales influyen en el abandono de vivienda <\/p>\n","protected":false},"author":1775,"featured_media":105977,"comment_status":"closed","ping_status":"closed","sticky":false,"template":"","format":"standard","meta":[],"categories":[1],"tags":[4161,591,5386,5570,5568,1465,419,5569],"_links":{"self":[{"href":"https:\/\/www.uv.mx\/prensa\/wp-json\/wp\/v2\/posts\/105976"}],"collection":[{"href":"https:\/\/www.uv.mx\/prensa\/wp-json\/wp\/v2\/posts"}],"about":[{"href":"https:\/\/www.uv.mx\/prensa\/wp-json\/wp\/v2\/types\/post"}],"author":[{"embeddable":true,"href":"https:\/\/www.uv.mx\/prensa\/wp-json\/wp\/v2\/users\/1775"}],"replies":[{"embeddable":true,"href":"https:\/\/www.uv.mx\/prensa\/wp-json\/wp\/v2\/comments?post=105976"}],"version-history":[{"count":1,"href":"https:\/\/www.uv.mx\/prensa\/wp-json\/wp\/v2\/posts\/105976\/revisions"}],"predecessor-version":[{"id":105980,"href":"https:\/\/www.uv.mx\/prensa\/wp-json\/wp\/v2\/posts\/105976\/revisions\/105980"}],"wp:featuredmedia":[{"embeddable":true,"href":"https:\/\/www.uv.mx\/prensa\/wp-json\/wp\/v2\/media\/105977"}],"wp:attachment":[{"href":"https:\/\/www.uv.mx\/prensa\/wp-json\/wp\/v2\/media?parent=105976"}],"wp:term":[{"taxonomy":"category","embeddable":true,"href":"https:\/\/www.uv.mx\/prensa\/wp-json\/wp\/v2\/categories?post=105976"},{"taxonomy":"post_tag","embeddable":true,"href":"https:\/\/www.uv.mx\/prensa\/wp-json\/wp\/v2\/tags?post=105976"}],"curies":[{"name":"wp","href":"https:\/\/api.w.org\/{rel}","templated":true}]}}