{"id":106528,"date":"2021-12-05T08:00:30","date_gmt":"2021-12-05T14:00:30","guid":{"rendered":"https:\/\/www.uv.mx\/prensa\/?p=106528"},"modified":"2021-12-06T19:21:30","modified_gmt":"2021-12-07T01:21:30","slug":"seminario-musica-sociedad-y-globalizacion-concluira-en-enero","status":"publish","type":"post","link":"https:\/\/www.uv.mx\/prensa\/cultura\/seminario-musica-sociedad-y-globalizacion-concluira-en-enero\/","title":{"rendered":"Seminario M\u00fasica, Sociedad y Globalizaci\u00f3n concluir\u00e1 en enero"},"content":{"rendered":"<ul>\n<li data-leveltext=\"\uf0b7\" data-font=\"Symbol\" data-listid=\"1\" data-aria-posinset=\"1\" data-aria-level=\"1\"><i><span data-contrast=\"auto\">El Director General de Difusi\u00f3n Cultural coordin\u00f3 la actual edici\u00f3n del Seminario M\u00fasica, Sociedad y Globalizaci\u00f3n, que desde hace cinco a\u00f1os se imparte en el Centro de Estudios de la Cultura y la Comunicaci\u00f3n (CECC)<\/span><\/i><\/li>\n<li data-leveltext=\"\uf0b7\" data-font=\"Symbol\" data-listid=\"1\" data-aria-posinset=\"2\" data-aria-level=\"1\"><i><span data-contrast=\"auto\">\u201cSe busc\u00f3 cuestionar ciertas divisiones r\u00edgidas en la m\u00fasica que establecen jerarqu\u00edas y preferencias con base en supuestos criterios musicol\u00f3gicos que en realidad son preferencias de corte clasista\u201d<\/span><\/i><span data-ccp-props=\"{&quot;134233279&quot;:true}\">\u00a0<\/span><\/li>\n<li data-leveltext=\"\uf0b7\" data-font=\"Symbol\" data-listid=\"1\" data-aria-posinset=\"2\" data-aria-level=\"1\"><em>Las pr\u00f3ximas sesiones ser\u00e1n\u00a0el 13 de diciembre, con la pl\u00e1tica \u201cM\u00fasica eclesi\u00e1stica en el alt\u00e9petl novohispano, siglos XVII a XIX\u201d, impartida por Ra\u00fal Torres; y en enero de 2022, con una charla sobre el rock en Xalapa, a cargo de Homero \u00c1vila Landa, coordinador del CECC<\/em><\/li>\n<\/ul>\n<p><span data-ccp-props=\"{}\">\u00a0<\/span><\/p>\n<div id=\"attachment_104427\" style=\"width: 732px\" class=\"wp-caption aligncenter\"><a href=\"https:\/\/www.uv.mx\/prensa\/banner\/conocimiento-y-arte-deben-llegar-a-grupos-menos-favorecidos-alfonso-colorado\/attachment\/031121-alfonso-colorado-100k\/\" rel=\"attachment wp-att-104427\"><img aria-describedby=\"caption-attachment-104427\" decoding=\"async\" loading=\"lazy\" class=\"size-full wp-image-104427\" src=\"https:\/\/www.uv.mx\/prensa\/files\/2021\/11\/031121-Alfonso-Colorado-100k.jpg\" alt=\"Alfonso Colorado Hern\u00e1ndez habl\u00f3 sobre el Seminario M\u00fasica, Sociedad y Globalizaci\u00f3n \" width=\"722\" height=\"481\" srcset=\"https:\/\/www.uv.mx\/prensa\/files\/2021\/11\/031121-Alfonso-Colorado-100k.jpg 722w, https:\/\/www.uv.mx\/prensa\/files\/2021\/11\/031121-Alfonso-Colorado-100k-300x200.jpg 300w\" sizes=\"(max-width: 722px) 100vw, 722px\" \/><\/a><p id=\"caption-attachment-104427\" class=\"wp-caption-text\">Alfonso Colorado Hern\u00e1ndez habl\u00f3 sobre el Seminario M\u00fasica, Sociedad y Globalizaci\u00f3n<\/p><\/div>\n<p>&nbsp;<\/p>\n<p><b><i><span data-contrast=\"auto\">05\/12\/2021, Xalapa, Ver.-\u00a0<\/span><\/i><\/b><span data-contrast=\"auto\">El Seminario M<\/span><span data-contrast=\"auto\">\u00fasica, Sociedad y Globalizaci\u00f3n<\/span><span data-contrast=\"auto\">\u00a0se imparte desde hace cinco a\u00f1os por el Centro de Estudios de la Cultura y la Comunicaci\u00f3n (CECC) y ver\u00e1 su fin el pr\u00f3ximo\u00a022 de enero con una charla sobre el rock en Xalapa desde los a\u00f1os sesenta a los noventa del siglo XX, a cargo del coordinador del centro Homero \u00c1vila Landa.<\/span><span data-ccp-props=\"{}\">\u00a0<\/span><\/p>\n<p><span data-contrast=\"auto\">Antes, el 13 de diciembre, se presentar\u00e1 la pl\u00e1tica \u201cM\u00fasica eclesi\u00e1stica en el alt\u00e9petl novohispano, siglos XVII a XIX\u201d, impartida por Ra\u00fal Torres, profesor de la Universidad Aut\u00f3noma de la Ciudad de M\u00e9xico.<\/span><span data-ccp-props=\"{&quot;335559731&quot;:708}\">\u00a0<\/span><\/p>\n<p><span data-contrast=\"auto\">El coordinador de este seminario en este \u00faltimo a\u00f1o,\u00a0Alfonso Colorado Hern\u00e1ndez,\u00a0expuso en entrevista que la finalidad del\u00a0mismo,\u00a0es\u00a0hacer\u00a0un llamado\u00a0a los colegas del \u00e1rea de ciencias sociales, ciencias econ\u00f3micas y dem\u00e1s \u00e1mbitos acad\u00e9micos, para que consideren\u00a0como tema de estudio\u00a0a la m\u00fasica porque los movimientos pol\u00edticos y sociales, las\u00a0din\u00e1micas\u00a0econ\u00f3micas, se relacionan con ella.<\/span><span data-ccp-props=\"{&quot;335551550&quot;:1,&quot;335551620&quot;:1,&quot;335559731&quot;:708,&quot;335559740&quot;:259}\">\u00a0<\/span><\/p>\n<p><span data-contrast=\"auto\">\u201cEn suma, se busc\u00f3\u00a0pensar en la m\u00fasica,\u00a0cuestionar ciertas divisiones r\u00edgidas que existen a partir de los g\u00e9neros, divisiones que no \u00fanicamente tienen que ver con cuestiones de preferencia \u2013que\u00a0todos tienen y son v\u00e1lidas\u2013, sino con discursos\u00a0construidos a\u00a0trav\u00e9s de preferencias de corte clasicista y\u00a0hasta\u00a0racista\u00a0que avalan o descalifican\u00a0ciertos g\u00e9neros, pr\u00e1cticas o\u00a0int\u00e9rpretes\u00a0musicales.\u201d<\/span><span data-ccp-props=\"{&quot;335559731&quot;:708}\">\u00a0<\/span><\/p>\n<p><span data-contrast=\"auto\">Un ejemplo de\u00a0ello es la relaci\u00f3n del rap con el sexismo, lo cual no podr\u00eda negarse, pero no todo el rap lo es y el sexismo existe en toda la m\u00fasica, incluida la cl\u00e1sica, porque \u201cel patriarcado es una pr\u00e1ctica ampliamente extendida. Es importante no generalizar, se deben analizar obras musicales concretas m\u00e1s que g\u00e9neros completos\u201d,\u00a0apunt\u00f3.<\/span><span data-ccp-props=\"{&quot;335559731&quot;:708}\">\u00a0<\/span><\/p>\n<p><span data-contrast=\"auto\">Por lo tanto, siempre hay un contexto pol\u00edtico, social y econ\u00f3mico en la m\u00fasica;\u00a0la dificultad\u00a0formal que\u00a0a veces\u00a0se relaciona\u00a0especialmente con\u00a0la m\u00fasica cl\u00e1sica\u00a0o el jazz puede\u00a0estar\u00a0presente en los dem\u00e1s g\u00e9neros,\u00a0el\u00a0<\/span><i><span data-contrast=\"auto\">hip-hop<\/span><\/i><span data-contrast=\"auto\">\u00a0puede tener\u00a0a veces\u00a0un\u00a0alto\u00a0grado\u00a0de sofisticaci\u00f3n r\u00edtmica, tanto como una obra\u00a0de\u00a0Stravinsky.<\/span><span data-ccp-props=\"{&quot;335559731&quot;:708}\">\u00a0<\/span><\/p>\n<p><span data-contrast=\"auto\">Por ello, dijo, en el seminario busc\u00f3 abordar los diversos g\u00e9neros musicales, desde la cl\u00e1sica hasta\u00a0la \u00f3pera,\u00a0el hip-hop,\u00a0el\u00a0rock\u00a0y la m\u00fasica eclesi\u00e1stica.<\/span><span data-ccp-props=\"{&quot;335559731&quot;:708}\">\u00a0<\/span><\/p>\n<p><span data-contrast=\"auto\">Alfonso Colorado concluy\u00f3 diciendo que hay una estrecha relaci\u00f3n entre la m\u00fasica y el contexto social. \u201cEn realidad las obras musicales de Mozart, Bach y\u00a0de muchos\u00a0otros\u00a0tienen\u00a0una intensa relaci\u00f3n con\u00a0su\u00a0contexto,\u00a0a veces no la percibimos de manera inmediata como lo hicieron sus contempor\u00e1neos,\u00a0pero la informaci\u00f3n ayuda a tratar de reconstruir no s\u00f3lo la m\u00fasica sino la experiencia de su audici\u00f3n; la m\u00fasica es un circuito\u201d.<\/span><span data-ccp-props=\"{&quot;335559731&quot;:708}\">\u00a0<\/span><\/p>\n","protected":false},"excerpt":{"rendered":"<p>El Director General de Difusi\u00f3n Cultural coordin\u00f3 la actual edici\u00f3n del Seminario M\u00fasica, Sociedad y Globalizaci\u00f3n, que desde hace cinco a\u00f1os se imparte en el Centro de Estudios de la Cultura y la Comunicaci\u00f3n<\/p>\n","protected":false},"author":1775,"featured_media":104427,"comment_status":"closed","ping_status":"closed","sticky":false,"template":"","format":"standard","meta":[],"categories":[11],"tags":[94,922,3612,5792,5244,2167],"_links":{"self":[{"href":"https:\/\/www.uv.mx\/prensa\/wp-json\/wp\/v2\/posts\/106528"}],"collection":[{"href":"https:\/\/www.uv.mx\/prensa\/wp-json\/wp\/v2\/posts"}],"about":[{"href":"https:\/\/www.uv.mx\/prensa\/wp-json\/wp\/v2\/types\/post"}],"author":[{"embeddable":true,"href":"https:\/\/www.uv.mx\/prensa\/wp-json\/wp\/v2\/users\/1775"}],"replies":[{"embeddable":true,"href":"https:\/\/www.uv.mx\/prensa\/wp-json\/wp\/v2\/comments?post=106528"}],"version-history":[{"count":1,"href":"https:\/\/www.uv.mx\/prensa\/wp-json\/wp\/v2\/posts\/106528\/revisions"}],"predecessor-version":[{"id":106854,"href":"https:\/\/www.uv.mx\/prensa\/wp-json\/wp\/v2\/posts\/106528\/revisions\/106854"}],"wp:featuredmedia":[{"embeddable":true,"href":"https:\/\/www.uv.mx\/prensa\/wp-json\/wp\/v2\/media\/104427"}],"wp:attachment":[{"href":"https:\/\/www.uv.mx\/prensa\/wp-json\/wp\/v2\/media?parent=106528"}],"wp:term":[{"taxonomy":"category","embeddable":true,"href":"https:\/\/www.uv.mx\/prensa\/wp-json\/wp\/v2\/categories?post=106528"},{"taxonomy":"post_tag","embeddable":true,"href":"https:\/\/www.uv.mx\/prensa\/wp-json\/wp\/v2\/tags?post=106528"}],"curies":[{"name":"wp","href":"https:\/\/api.w.org\/{rel}","templated":true}]}}