{"id":106584,"date":"2021-12-03T21:00:47","date_gmt":"2021-12-04T03:00:47","guid":{"rendered":"https:\/\/www.uv.mx\/prensa\/?p=106584"},"modified":"2021-12-07T19:59:38","modified_gmt":"2021-12-08T01:59:38","slug":"enfermeria-disciplina-de-gran-importancia-en-la-lucha-contra-covid-19","status":"publish","type":"post","link":"https:\/\/www.uv.mx\/prensa\/regiones\/poza-rica\/enfermeria-disciplina-de-gran-importancia-en-la-lucha-contra-covid-19\/","title":{"rendered":"Enfermer\u00eda, disciplina de gran importancia en la lucha contra Covid-19"},"content":{"rendered":"<ul>\n<li data-leveltext=\"\uf0b7\" data-font=\"Symbol\" data-listid=\"1\" data-aria-posinset=\"1\" data-aria-level=\"1\"><em>La vicerrectora de la regi\u00f3n Poza Rica-Tuxpan, Liliana Cuervo L\u00f3pez, inaugur\u00f3 el Congreso Internacional de Enfermer\u00eda: \u201cEl papel profesional en la pandemia y la pospandemia por Covid-19\u201d\u00a0<\/em><\/li>\n<li data-leveltext=\"\uf0b7\" data-font=\"Symbol\" data-listid=\"1\" data-aria-posinset=\"2\" data-aria-level=\"1\"><i><span data-contrast=\"auto\">Laura Elena Urbina S\u00e1nchez, directora de la Facultad de Enfermer\u00eda, puntualiz\u00f3 que el objetivo es conocer los principales retos\u00a0 y problemas que se han agudizado a partir de la Covid-19<\/span><\/i><span data-ccp-props=\"{&quot;134233279&quot;:true,&quot;201341983&quot;:0,&quot;335551550&quot;:6,&quot;335551620&quot;:6,&quot;335559739&quot;:160,&quot;335559740&quot;:259}\">\u00a0<\/span><\/li>\n<\/ul>\n<p>&nbsp;<\/p>\n<div id=\"attachment_106889\" style=\"width: 732px\" class=\"wp-caption aligncenter\"><a href=\"https:\/\/www.uv.mx\/prensa\/files\/2021\/12\/021221-ANIV-ENF-1.jpg\"><img aria-describedby=\"caption-attachment-106889\" decoding=\"async\" loading=\"lazy\" class=\"size-full wp-image-106889\" src=\"https:\/\/www.uv.mx\/prensa\/files\/2021\/12\/021221-ANIV-ENF-1.jpg\" alt=\"\" width=\"722\" height=\"481\" srcset=\"https:\/\/www.uv.mx\/prensa\/files\/2021\/12\/021221-ANIV-ENF-1.jpg 722w, https:\/\/www.uv.mx\/prensa\/files\/2021\/12\/021221-ANIV-ENF-1-300x200.jpg 300w\" sizes=\"(max-width: 722px) 100vw, 722px\" \/><\/a><p id=\"caption-attachment-106889\" class=\"wp-caption-text\">Inauguraci\u00f3n del 2\u00ba Congreso Internacional de Enfermer\u00eda<\/p><\/div>\n<p>&nbsp;<\/p>\n<p><b><i><span data-contrast=\"auto\">02\/12\/2021, Poza Rica, Ver.-<\/span><\/i><\/b><span data-contrast=\"auto\"> La vicerrectora de la regi\u00f3n Poza Rica-Tuxpan de la Universidad Veracruzana (UV), Liliana Cuervo L\u00f3pez, reconoci\u00f3 el trabajo realizado por la Facultad de Enfermer\u00eda para organizar el Congreso Internacional: \u201cEl papel profesional en la pandemia y la pospandemia por Covid-19\u201d.<\/span><span data-ccp-props=\"{&quot;134233279&quot;:true,&quot;201341983&quot;:0,&quot;335551550&quot;:6,&quot;335551620&quot;:6,&quot;335559685&quot;:720,&quot;335559739&quot;:160,&quot;335559740&quot;:259}\">\u00a0<\/span><\/p>\n<p><span data-contrast=\"auto\">Liliana Cuervo resalt\u00f3 la presencia de\u00a0 especialistas de instituciones nacionales y de pa\u00edses como Colombia, Ecuador y Chile, quienes abordaron los desaf\u00edos y lecciones que la crisis generada por la pandemia ha planteado a nivel mundial.<\/span><span data-ccp-props=\"{&quot;134233279&quot;:true,&quot;201341983&quot;:0,&quot;335551550&quot;:6,&quot;335551620&quot;:6,&quot;335559685&quot;:720,&quot;335559731&quot;:708,&quot;335559739&quot;:160,&quot;335559740&quot;:259}\">\u00a0<\/span><\/p>\n<p><span data-contrast=\"auto\">En este sentido, valor\u00f3 la labor del profesional de enfermer\u00eda, por su contribuci\u00f3n en la lucha contra esta enfermedad.<\/span><span data-ccp-props=\"{&quot;134233279&quot;:true,&quot;201341983&quot;:0,&quot;335551550&quot;:6,&quot;335551620&quot;:6,&quot;335559685&quot;:720,&quot;335559731&quot;:708,&quot;335559739&quot;:160,&quot;335559740&quot;:259}\">\u00a0<\/span><\/p>\n<p><span data-contrast=\"auto\">\u00a0De all\u00ed la importancia de que en la Facultad de Enfermer\u00eda se realicen eventos que ayudan a la interacci\u00f3n de los estudiantes con acad\u00e9micos de otras latitudes.<\/span><span data-ccp-props=\"{&quot;134233279&quot;:true,&quot;201341983&quot;:0,&quot;335551550&quot;:6,&quot;335551620&quot;:6,&quot;335559685&quot;:720,&quot;335559731&quot;:708,&quot;335559739&quot;:160,&quot;335559740&quot;:259}\">\u00a0<\/span><\/p>\n<p>&nbsp;<\/p>\n<div id=\"attachment_106888\" style=\"width: 732px\" class=\"wp-caption aligncenter\"><a href=\"https:\/\/www.uv.mx\/prensa\/files\/2021\/12\/021221-ANIV-ENF-2.jpg\"><img aria-describedby=\"caption-attachment-106888\" decoding=\"async\" loading=\"lazy\" class=\"size-full wp-image-106888\" src=\"https:\/\/www.uv.mx\/prensa\/files\/2021\/12\/021221-ANIV-ENF-2.jpg\" alt=\"\" width=\"722\" height=\"481\" srcset=\"https:\/\/www.uv.mx\/prensa\/files\/2021\/12\/021221-ANIV-ENF-2.jpg 722w, https:\/\/www.uv.mx\/prensa\/files\/2021\/12\/021221-ANIV-ENF-2-300x200.jpg 300w\" sizes=\"(max-width: 722px) 100vw, 722px\" \/><\/a><p id=\"caption-attachment-106888\" class=\"wp-caption-text\">Liliana Cuervo L\u00f3pez, vicerrectora de la regi\u00f3n Poza Rica-Tuxpan<\/p><\/div>\n<p>&nbsp;<\/p>\n<p><span data-contrast=\"auto\">\u201cEl cuidado del enfermero, los efectos de la Covid-19 y las afectaciones posteriores en los pacientes son temas que enriquecer\u00e1n, por un lado, el proceso de ense\u00f1anza aprendizaje de esta profesi\u00f3n y, por otro, los sistemas de salud y el tema de salud mental del personal sanitario\u201d.<\/span><span data-ccp-props=\"{&quot;134233279&quot;:true,&quot;201341983&quot;:0,&quot;335551550&quot;:6,&quot;335551620&quot;:6,&quot;335559685&quot;:720,&quot;335559731&quot;:708,&quot;335559739&quot;:160,&quot;335559740&quot;:259}\">\u00a0<\/span><\/p>\n<p><span data-contrast=\"auto\">Reconoci\u00f3 el esfuerzo y dedicaci\u00f3n de los cuerpos acad\u00e9micos (CA) Bienestar, Salud y Cuidado; Salud y Educaci\u00f3n de Grupos Vulnerables y Pr\u00e1cticas de Salud y Educaci\u00f3n para realizar el\u00a0 congreso, con el cual se celebra el LXIV aniversario de esta la Facultad.<\/span><span data-ccp-props=\"{&quot;134233279&quot;:true,&quot;201341983&quot;:0,&quot;335551550&quot;:6,&quot;335551620&quot;:6,&quot;335559685&quot;:720,&quot;335559731&quot;:708,&quot;335559739&quot;:160,&quot;335559740&quot;:259}\">\u00a0<\/span><\/p>\n<p><span data-contrast=\"auto\">Por su parte, la directora de la Facultad, Laura Elena Urbina S\u00e1nchez,\u00a0 puntualiz\u00f3 que el objetivo del congreso es conocer los principales retos\u00a0 y problemas que se han agudizado a partir de la Covid-19 en el \u00e1mbito hospitalario y las consecuencias que el personal de enfermer\u00eda ha venido enfrentando desde el inicio de la pandemia.<\/span><span data-ccp-props=\"{&quot;134233279&quot;:true,&quot;201341983&quot;:0,&quot;335551550&quot;:6,&quot;335551620&quot;:6,&quot;335559685&quot;:720,&quot;335559731&quot;:708,&quot;335559739&quot;:160,&quot;335559740&quot;:259}\">\u00a0<\/span><\/p>\n<p><span data-contrast=\"auto\">Agradeci\u00f3 el apoyo de las autoridades universitarias y la colaboraci\u00f3n de los CA para llevar a cabo el congreso, en el que participan acad\u00e9micos y especialistas de diferentes instituciones nacionales y extranjeras.<\/span><span data-ccp-props=\"{&quot;134233279&quot;:true,&quot;201341983&quot;:0,&quot;335551550&quot;:6,&quot;335551620&quot;:6,&quot;335559685&quot;:720,&quot;335559731&quot;:708,&quot;335559739&quot;:160,&quot;335559740&quot;:259}\">\u00a0<\/span><\/p>\n<p>&nbsp;<\/p>\n<div id=\"attachment_106886\" style=\"width: 732px\" class=\"wp-caption aligncenter\"><a href=\"https:\/\/www.uv.mx\/prensa\/files\/2021\/12\/021221-ANIV-ENF-4.jpg\"><img aria-describedby=\"caption-attachment-106886\" decoding=\"async\" loading=\"lazy\" class=\"size-full wp-image-106886\" src=\"https:\/\/www.uv.mx\/prensa\/files\/2021\/12\/021221-ANIV-ENF-4.jpg\" alt=\"\" width=\"722\" height=\"482\" srcset=\"https:\/\/www.uv.mx\/prensa\/files\/2021\/12\/021221-ANIV-ENF-4.jpg 722w, https:\/\/www.uv.mx\/prensa\/files\/2021\/12\/021221-ANIV-ENF-4-300x200.jpg 300w\" sizes=\"(max-width: 722px) 100vw, 722px\" \/><\/a><p id=\"caption-attachment-106886\" class=\"wp-caption-text\">Alexis Ruiz Hern\u00e1ndez, del Instituto Nacional de Pediatr\u00eda<\/p><\/div>\n<p>&nbsp;<\/p>\n<p>&nbsp;<\/p>\n<p><span data-contrast=\"auto\">Dentro de las actividades destacaron las conferencias: \u00ab<\/span>El cuidado del enfermero en tiempos de pandemia\u00bb,<span data-contrast=\"auto\"> a cargo de Alexis Ruiz Hern\u00e1ndez, jefe del servicio de Hemodinamia\u00a0 del Instituto Nacional de Pediatr\u00eda<\/span><i><span data-contrast=\"auto\">, \u00a0<\/span><\/i>\u00abLa enfermer\u00eda del futuro: los retos que deja la pandemia\u00bb,<span data-contrast=\"auto\">\u00a0por Olga Osorio Murillo, Directora del Programa de Enfermer\u00eda de la Universidad Javeriana de Cali, Colombia.<\/span><span data-ccp-props=\"{&quot;134233279&quot;:true,&quot;201341983&quot;:0,&quot;335551550&quot;:6,&quot;335551620&quot;:6,&quot;335559685&quot;:720,&quot;335559731&quot;:708,&quot;335559739&quot;:160,&quot;335559740&quot;:259}\">\u00a0<\/span><\/p>\n<p><span data-contrast=\"auto\">En el panel \u00abRetos y oportunidades en el \u00e1mbito laboral\u00bb destac\u00f3 la participaci\u00f3n de acad\u00e9micos e investigadores de la Universidad de Arturo Prat Iquique, Chile, el Hospital de Alta Especialidad de Emiliano Zapata, Morelos, y la Facultad de Enfermer\u00eda de la Universidad Nacional de Colombia.<\/span><span data-ccp-props=\"{&quot;134233279&quot;:true,&quot;201341983&quot;:0,&quot;335551550&quot;:6,&quot;335551620&quot;:6,&quot;335559685&quot;:720,&quot;335559731&quot;:708,&quot;335559739&quot;:160,&quot;335559740&quot;:259}\">\u00a0<\/span><\/p>\n<p><span data-contrast=\"auto\">Las actividades concluyeron con el panel \u00ab<\/span>La educaci\u00f3n en tiempos de pandemia desde la perspectiva del estudiante\u00bb<span data-contrast=\"auto\">, en el cual participaron alumnos de nuevo ingreso, nivel avanzado, de servicio social y egresadas.<\/span><span data-ccp-props=\"{&quot;134233279&quot;:true,&quot;201341983&quot;:0,&quot;335551550&quot;:6,&quot;335551620&quot;:6,&quot;335559685&quot;:720,&quot;335559731&quot;:708,&quot;335559739&quot;:160,&quot;335559740&quot;:259}\">\u00a0<\/span><\/p>\n<p><span data-contrast=\"auto\">Estuvieron presentes Aurora Edelmira Galicia Badillo y Rosa Aid\u00e9 Villalobos Betancourt secretarias Acad\u00e9mica y de Administraci\u00f3n y Finanzas en la regi\u00f3n, as\u00ed como las coordinadoras de los Cuerpos Acad\u00e9micos de la Facultad de Medicina.<\/span><span data-ccp-props=\"{&quot;134233279&quot;:true,&quot;201341983&quot;:0,&quot;335551550&quot;:6,&quot;335551620&quot;:6,&quot;335559685&quot;:720,&quot;335559731&quot;:708,&quot;335559739&quot;:160,&quot;335559740&quot;:259}\">\u00a0<\/span><\/p>\n<p>&nbsp;<\/p>\n<div id=\"attachment_106887\" style=\"width: 732px\" class=\"wp-caption aligncenter\"><a href=\"https:\/\/www.uv.mx\/prensa\/files\/2021\/12\/021221-ANIV-ENF-3.jpg\"><img aria-describedby=\"caption-attachment-106887\" decoding=\"async\" loading=\"lazy\" class=\"size-full wp-image-106887\" src=\"https:\/\/www.uv.mx\/prensa\/files\/2021\/12\/021221-ANIV-ENF-3.jpg\" alt=\"\" width=\"722\" height=\"482\" srcset=\"https:\/\/www.uv.mx\/prensa\/files\/2021\/12\/021221-ANIV-ENF-3.jpg 722w, https:\/\/www.uv.mx\/prensa\/files\/2021\/12\/021221-ANIV-ENF-3-300x200.jpg 300w\" sizes=\"(max-width: 722px) 100vw, 722px\" \/><\/a><p id=\"caption-attachment-106887\" class=\"wp-caption-text\">El cuidado del enfermero en tiempos de Pandemia: Alexis Ruiz<\/p><\/div>\n","protected":false},"excerpt":{"rendered":"<p>La vicerrectora de Poza Rica-Tuxpan, Liliana Cuervo L\u00f3pez, reconoci\u00f3 el esfuerzo y dedicaci\u00f3n de los Cuerpos Acad\u00e9micos Bienestar, Salud y Cuidado; Salud y Educaci\u00f3n de Grupos Vulnerables y Pr\u00e1cticas de Salud y Educaci\u00f3n <\/p>\n","protected":false},"author":1508,"featured_media":106889,"comment_status":"closed","ping_status":"closed","sticky":false,"template":"","format":"standard","meta":[],"categories":[54],"tags":[],"_links":{"self":[{"href":"https:\/\/www.uv.mx\/prensa\/wp-json\/wp\/v2\/posts\/106584"}],"collection":[{"href":"https:\/\/www.uv.mx\/prensa\/wp-json\/wp\/v2\/posts"}],"about":[{"href":"https:\/\/www.uv.mx\/prensa\/wp-json\/wp\/v2\/types\/post"}],"author":[{"embeddable":true,"href":"https:\/\/www.uv.mx\/prensa\/wp-json\/wp\/v2\/users\/1508"}],"replies":[{"embeddable":true,"href":"https:\/\/www.uv.mx\/prensa\/wp-json\/wp\/v2\/comments?post=106584"}],"version-history":[{"count":1,"href":"https:\/\/www.uv.mx\/prensa\/wp-json\/wp\/v2\/posts\/106584\/revisions"}],"predecessor-version":[{"id":106958,"href":"https:\/\/www.uv.mx\/prensa\/wp-json\/wp\/v2\/posts\/106584\/revisions\/106958"}],"wp:featuredmedia":[{"embeddable":true,"href":"https:\/\/www.uv.mx\/prensa\/wp-json\/wp\/v2\/media\/106889"}],"wp:attachment":[{"href":"https:\/\/www.uv.mx\/prensa\/wp-json\/wp\/v2\/media?parent=106584"}],"wp:term":[{"taxonomy":"category","embeddable":true,"href":"https:\/\/www.uv.mx\/prensa\/wp-json\/wp\/v2\/categories?post=106584"},{"taxonomy":"post_tag","embeddable":true,"href":"https:\/\/www.uv.mx\/prensa\/wp-json\/wp\/v2\/tags?post=106584"}],"curies":[{"name":"wp","href":"https:\/\/api.w.org\/{rel}","templated":true}]}}