{"id":106644,"date":"2021-12-03T21:42:38","date_gmt":"2021-12-04T03:42:38","guid":{"rendered":"https:\/\/www.uv.mx\/prensa\/?p=106644"},"modified":"2021-12-04T17:42:06","modified_gmt":"2021-12-04T23:42:06","slug":"voluntariado-uv-invita-a-la-campana-dona-un-juguete","status":"publish","type":"post","link":"https:\/\/www.uv.mx\/prensa\/banner\/voluntariado-uv-invita-a-la-campana-dona-un-juguete\/","title":{"rendered":"Voluntariado UV\u00a0invita a\u00a0la campa\u00f1a \u201cDona un juguete\u201d\u00a0"},"content":{"rendered":"<p>&nbsp;<\/p>\n<ul>\n<li data-leveltext=\"\uf0b7\" data-font=\"Symbol\" data-listid=\"5\" data-aria-posinset=\"1\" data-aria-level=\"1\"><i><span data-contrast=\"auto\">Estar\u00e1 vigente\u00a0hasta el 14 de enero\u00a0en las cinco regiones universitarias<\/span><\/i><span data-ccp-props=\"{}\">\u00a0<\/span><\/li>\n<li data-leveltext=\"\uf0b7\" data-font=\"Symbol\" data-listid=\"5\" data-aria-posinset=\"2\" data-aria-level=\"1\"><i><span data-contrast=\"auto\">Los donadores\u00a0participar\u00e1n en\u00a0una\u00a0rifa en la que podr\u00e1n ganar una cena, ropa deportiva o peluches de\u00a0<\/span><\/i><span data-contrast=\"auto\">Luzio<\/span><i><span data-contrast=\"auto\">, la mascota de la UV\u00a0<\/span><\/i><span data-ccp-props=\"{}\">\u00a0<\/span><\/li>\n<\/ul>\n<p>&nbsp;<\/p>\n<div id=\"attachment_106647\" style=\"width: 491px\" class=\"wp-caption aligncenter\"><img aria-describedby=\"caption-attachment-106647\" decoding=\"async\" loading=\"lazy\" class=\"size-full wp-image-106647\" src=\"https:\/\/www.uv.mx\/prensa\/files\/2021\/12\/021221-CARLOS-Dona-un-juguete-1-copia.jpg\" alt=\"\" width=\"481\" height=\"481\" srcset=\"https:\/\/www.uv.mx\/prensa\/files\/2021\/12\/021221-CARLOS-Dona-un-juguete-1-copia.jpg 481w, https:\/\/www.uv.mx\/prensa\/files\/2021\/12\/021221-CARLOS-Dona-un-juguete-1-copia-300x300.jpg 300w, https:\/\/www.uv.mx\/prensa\/files\/2021\/12\/021221-CARLOS-Dona-un-juguete-1-copia-150x150.jpg 150w, https:\/\/www.uv.mx\/prensa\/files\/2021\/12\/021221-CARLOS-Dona-un-juguete-1-copia-120x120.jpg 120w, https:\/\/www.uv.mx\/prensa\/files\/2021\/12\/021221-CARLOS-Dona-un-juguete-1-copia-360x360.jpg 360w\" sizes=\"(max-width: 481px) 100vw, 481px\" \/><p id=\"caption-attachment-106647\" class=\"wp-caption-text\">La campa\u00f1a \u201cDona un juguete\u201d complementa a la iniciativa \u201cApadrina una carta\u201d<\/p><\/div>\n<p><span data-ccp-props=\"{}\">\u00a0<\/span><\/p>\n<p><b><i><span data-contrast=\"auto\">Carlos Hugo Hermida Rosales<\/span><\/i><\/b><span data-ccp-props=\"{}\">\u00a0<\/span><\/p>\n<p><b><i><span data-contrast=\"auto\">03\/12\/2021, Xalapa, Ver. <\/span><\/i><\/b><span data-contrast=\"auto\">El Voluntariado de la Universidad Veracruzana (UV) invita a la comunidad universitaria y a la sociedad en general a participar en la campa\u00f1a \u201cDona un juguete\u201d, a trav\u00e9s de la cual se recaudar\u00e1n juguetes y cobijas que ser\u00e1n entregados a poblaci\u00f3n infantil de comunidades vulnerables, cercanas a las Casas UV.<\/span><span data-ccp-props=\"{}\">\u00a0<\/span><\/p>\n<p><span data-contrast=\"auto\">Elia Mar\u00eda Beltr\u00e1n\u00a0Coronel, titular del Voluntariado UV,\u00a0detall\u00f3\u00a0que\u00a0quienes\u00a0deseen participar pueden donar juguetes que no utilicen bater\u00edas,\u00a0como pelotas, coches, juegos de t\u00e9, art\u00edculos deportivos, libros para colorear, plastilinas no t\u00f3xicas, entre otros, adem\u00e1s de cobijas.\u00a0<\/span><span data-ccp-props=\"{&quot;335559731&quot;:708}\">\u00a0<\/span><\/p>\n<p><span data-contrast=\"auto\">Los centros de acopio est\u00e1n ubicados en la planta baja del edificio A de la Unidad Central de la UV y en la entrada del Gimnasio \u00ab<\/span><span data-contrast=\"none\">Miguel R\u00edos Torres\u00bb; las donaciones se reciben hasta el 21 de diciembre y continuar\u00e1n del 5 al 14 de enero, de lunes a viernes de 10:00 a 15:00 horas.<\/span><span data-ccp-props=\"{}\">\u00a0<\/span><\/p>\n<p>&nbsp;<\/p>\n<div id=\"attachment_106645\" style=\"width: 732px\" class=\"wp-caption aligncenter\"><img aria-describedby=\"caption-attachment-106645\" decoding=\"async\" loading=\"lazy\" class=\"size-full wp-image-106645\" src=\"https:\/\/www.uv.mx\/prensa\/files\/2021\/12\/021221-CARLOS-Dona-un-juguete-2.jpg\" alt=\"\" width=\"722\" height=\"336\" srcset=\"https:\/\/www.uv.mx\/prensa\/files\/2021\/12\/021221-CARLOS-Dona-un-juguete-2.jpg 722w, https:\/\/www.uv.mx\/prensa\/files\/2021\/12\/021221-CARLOS-Dona-un-juguete-2-300x140.jpg 300w\" sizes=\"(max-width: 722px) 100vw, 722px\" \/><p id=\"caption-attachment-106645\" class=\"wp-caption-text\">Elia Beltr\u00e1n\u00a0y miembros del Voluntariado UV en el centro de acopio\u00a0de la Unidad Central<\/p><\/div>\n<p>&nbsp;<\/p>\n<p><span data-contrast=\"auto\">En las regiones de Veracruz, Poza Rica-Tuxpan, Coatzacoalcos-Minatitl\u00e1n y Orizaba- C\u00f3rdoba, los centros de acopio se ubican en las Tiendas UV, en las fechas mencionadas y en horario de 9:00 a 13:00 y de 16:00 a 18:00 horas.<\/span><span data-ccp-props=\"{&quot;335559731&quot;:708}\">\u00a0<\/span><\/p>\n<p><span data-contrast=\"auto\">Beltr\u00e1n\u00a0Coronel\u00a0detall\u00f3\u00a0que los donadores\u00a0participar\u00e1n en una rifa,\u00a0a realizarse\u00a0el\u00a017 de enero a trav\u00e9s de la p\u00e1gina de\u00a0<\/span><a href=\"https:\/\/www.facebook.com\/uvvoluntariado\" target=\"_blank\" rel=\"noopener\"><i><span data-contrast=\"none\">Facebook<\/span><\/i><\/a><i><span data-contrast=\"auto\">\u00a0<\/span><\/i><span data-contrast=\"auto\">del Voluntariado UV; entre los premios se encuentran una cena para dos\u00a0personas\u00a0en el restaurante\u00a0Asadero\u202fCien, peluches de\u00a0<\/span><i><span data-contrast=\"auto\">Luzio<\/span><\/i><span data-contrast=\"auto\">, la mascota de la UV,<\/span><i><span data-contrast=\"auto\">\u00a0<\/span><\/i><span data-contrast=\"auto\">donados por el\u00a0Fondo de\u00a0Empresas de la Universidad Veracruzana, y ropa deportiva otorgada por la Direcci\u00f3n de Actividades Deportivas.<\/span><span data-ccp-props=\"{&quot;335559731&quot;:708}\">\u00a0<\/span><\/p>\n<p><span data-contrast=\"auto\">Ren\u00e9 Rivera \u00c1ngeles, coordinador general de Tienda UV, anunci\u00f3 que quienes participaron en la campa\u00f1a \u201cApadrina una carta\u201d obtendr\u00e1n un 20 por ciento de descuento en todos los productos, por lo cual deben presentar la carta del ahijado beneficiado. <\/span><span data-ccp-props=\"{&quot;335559731&quot;:708}\">\u00a0<\/span><\/p>\n<p><span data-ccp-props=\"{}\">\u00a0<\/span><\/p>\n<div id=\"attachment_106646\" style=\"width: 732px\" class=\"wp-caption aligncenter\"><img aria-describedby=\"caption-attachment-106646\" decoding=\"async\" loading=\"lazy\" class=\"size-full wp-image-106646\" src=\"https:\/\/www.uv.mx\/prensa\/files\/2021\/12\/021221-CARLOS-Dona-un-juguete-3.jpg\" alt=\"\" width=\"722\" height=\"338\" srcset=\"https:\/\/www.uv.mx\/prensa\/files\/2021\/12\/021221-CARLOS-Dona-un-juguete-3.jpg 722w, https:\/\/www.uv.mx\/prensa\/files\/2021\/12\/021221-CARLOS-Dona-un-juguete-3-300x140.jpg 300w\" sizes=\"(max-width: 722px) 100vw, 722px\" \/><p id=\"caption-attachment-106646\" class=\"wp-caption-text\">La rifa de premios para donadores se realizar\u00e1 el 17 de enero, a trav\u00e9s de la p\u00e1gina de Facebook del Voluntariado UV<\/p><\/div>\n","protected":false},"excerpt":{"rendered":"<p>La iniciativa beneficiar\u00e1 a ni\u00f1os de comunidades vulnerables; estar\u00e1 vigente hasta el 14 de enero en las cinco regiones universitarias<\/p>\n","protected":false},"author":1869,"featured_media":106648,"comment_status":"closed","ping_status":"closed","sticky":false,"template":"","format":"standard","meta":[],"categories":[61],"tags":[],"_links":{"self":[{"href":"https:\/\/www.uv.mx\/prensa\/wp-json\/wp\/v2\/posts\/106644"}],"collection":[{"href":"https:\/\/www.uv.mx\/prensa\/wp-json\/wp\/v2\/posts"}],"about":[{"href":"https:\/\/www.uv.mx\/prensa\/wp-json\/wp\/v2\/types\/post"}],"author":[{"embeddable":true,"href":"https:\/\/www.uv.mx\/prensa\/wp-json\/wp\/v2\/users\/1869"}],"replies":[{"embeddable":true,"href":"https:\/\/www.uv.mx\/prensa\/wp-json\/wp\/v2\/comments?post=106644"}],"version-history":[{"count":1,"href":"https:\/\/www.uv.mx\/prensa\/wp-json\/wp\/v2\/posts\/106644\/revisions"}],"predecessor-version":[{"id":106742,"href":"https:\/\/www.uv.mx\/prensa\/wp-json\/wp\/v2\/posts\/106644\/revisions\/106742"}],"wp:featuredmedia":[{"embeddable":true,"href":"https:\/\/www.uv.mx\/prensa\/wp-json\/wp\/v2\/media\/106648"}],"wp:attachment":[{"href":"https:\/\/www.uv.mx\/prensa\/wp-json\/wp\/v2\/media?parent=106644"}],"wp:term":[{"taxonomy":"category","embeddable":true,"href":"https:\/\/www.uv.mx\/prensa\/wp-json\/wp\/v2\/categories?post=106644"},{"taxonomy":"post_tag","embeddable":true,"href":"https:\/\/www.uv.mx\/prensa\/wp-json\/wp\/v2\/tags?post=106644"}],"curies":[{"name":"wp","href":"https:\/\/api.w.org\/{rel}","templated":true}]}}