{"id":106701,"date":"2021-12-04T08:00:19","date_gmt":"2021-12-04T14:00:19","guid":{"rendered":"https:\/\/www.uv.mx\/prensa\/?p=106701"},"modified":"2021-12-16T12:15:52","modified_gmt":"2021-12-16T18:15:52","slug":"violencia-de-genero-normalizada-en-la-sociedad-expertas-en-psicologia","status":"publish","type":"post","link":"https:\/\/www.uv.mx\/prensa\/banner\/violencia-de-genero-normalizada-en-la-sociedad-expertas-en-psicologia\/","title":{"rendered":"Violencia de g\u00e9nero, normalizada en la sociedad: expertas en psicolog\u00eda"},"content":{"rendered":"<ul>\n<li data-leveltext=\"\uf0b7\" data-font=\"Symbol\" data-listid=\"5\" data-aria-posinset=\"1\" data-aria-level=\"1\"><i><span data-contrast=\"auto\">\u201cSe encuentra\u00a0en el discurso y lenguaje sexista que predomina en el\u00a0entorno\u00a0social\u201d:\u00a0Xchel\u00a0Salmer\u00f3n<\/span><\/i><span data-ccp-props=\"{}\">\u00a0<\/span><\/li>\n<li data-leveltext=\"\uf0b7\" data-font=\"Symbol\" data-listid=\"5\" data-aria-posinset=\"2\" data-aria-level=\"1\"><i><span data-contrast=\"auto\">\u201cSe manifiesta a trav\u00e9s de la violencia f\u00edsica, sexual, psicol\u00f3gica, verbal, social y econ\u00f3mica\u201d:\u00a0Brissia\u00a0Pulido<\/span><\/i><\/li>\n<li data-leveltext=\"\uf0b7\" data-font=\"Symbol\" data-listid=\"5\" data-aria-posinset=\"2\" data-aria-level=\"1\"><i><span data-contrast=\"auto\">\u201cAbordarla desde el \u00e1mbito acad\u00e9mico tiene que ser una prioridad para los programas educativos de distintos niveles\u201d:\u00a0Sandra Soto<\/span><\/i><span data-ccp-props=\"{}\">\u00a0<\/span><\/li>\n<\/ul>\n<p>&nbsp;<\/p>\n<div id=\"attachment_106702\" style=\"width: 732px\" class=\"wp-caption aligncenter\"><a href=\"https:\/\/www.uv.mx\/prensa\/banner\/violencia-de-genero-normalizada-en-la-sociedad-expertas-en-psicologia\/attachment\/021221-conversatorio-violencia-1-100k\/\" rel=\"attachment wp-att-106702\"><img aria-describedby=\"caption-attachment-106702\" decoding=\"async\" loading=\"lazy\" class=\"size-full wp-image-106702\" src=\"https:\/\/www.uv.mx\/prensa\/files\/2021\/12\/021221-Conversatorio-violencia-1-100k.jpg\" alt=\"Xchel Salmer\u00f3n Quiroz \" width=\"722\" height=\"404\" srcset=\"https:\/\/www.uv.mx\/prensa\/files\/2021\/12\/021221-Conversatorio-violencia-1-100k.jpg 722w, https:\/\/www.uv.mx\/prensa\/files\/2021\/12\/021221-Conversatorio-violencia-1-100k-300x168.jpg 300w\" sizes=\"(max-width: 722px) 100vw, 722px\" \/><\/a><p id=\"caption-attachment-106702\" class=\"wp-caption-text\">Xchel Salmer\u00f3n Quiroz<\/p><\/div>\n<p>&nbsp;<\/p>\n<p><b><i><span data-contrast=\"auto\">Carlos Hugo Hermida Rosales<\/span><\/i><\/b><span data-ccp-props=\"{}\">\u00a0<\/span><\/p>\n<p><b><i><span data-contrast=\"auto\">04\/12\/2021,\u00a0Xalapa,\u00a0Ver.-\u00a0<\/span><\/i><\/b><span data-contrast=\"auto\">Profesionistas y expertas en\u00a0psicolog\u00eda dialogaron el 1 de diciembre sobre las diversas formas en que se expresa la violencia de g\u00e9nero en la sociedad, dentro del conversatorio 25N \u201cViolencia de g\u00e9nero. Estrategias para la prevenci\u00f3n\u201d, que fue organizado por la <a href=\"https:\/\/www.uv.mx\/veracruz\/psicologia\/\" target=\"_blank\" rel=\"noopener\">Facultad de Psicolog\u00eda<\/a> de la Universidad Veracruzana (UV).<\/span><span data-ccp-props=\"{}\">\u00a0<\/span><\/p>\n<p><span data-contrast=\"auto\">El evento cont\u00f3 con la participaci\u00f3n de\u00a0Xchel\u00a0Salmer\u00f3n Quiroz,\u00a0Brissia\u00a0Delil\u00a0Pulido\u00a0Ram\u00edrez, Marina Arag\u00f3n Caporal, Constanza Ram\u00edrez Sosa, Sandra Ang\u00e9lica Soto Rodr\u00edguez,\u00a0Ira\u00eds\u00a0Gabriela\u00a0De San\u00a0Mart\u00edn V\u00e1squez\u00a0y\u00a0Elsa Guadalupe Hern\u00e1ndez Garc\u00eda.<\/span><\/p>\n<div id=\"attachment_106703\" style=\"width: 732px\" class=\"wp-caption aligncenter\"><a href=\"https:\/\/www.uv.mx\/prensa\/banner\/violencia-de-genero-normalizada-en-la-sociedad-expertas-en-psicologia\/attachment\/021221-conversatorio-violencia-2-100k\/\" rel=\"attachment wp-att-106703\"><img aria-describedby=\"caption-attachment-106703\" decoding=\"async\" loading=\"lazy\" class=\"size-full wp-image-106703\" src=\"https:\/\/www.uv.mx\/prensa\/files\/2021\/12\/021221-Conversatorio-violencia-2-100k.jpg\" alt=\"Brissia Delil Pulido Ram\u00edrez \" width=\"722\" height=\"410\" srcset=\"https:\/\/www.uv.mx\/prensa\/files\/2021\/12\/021221-Conversatorio-violencia-2-100k.jpg 722w, https:\/\/www.uv.mx\/prensa\/files\/2021\/12\/021221-Conversatorio-violencia-2-100k-300x170.jpg 300w\" sizes=\"(max-width: 722px) 100vw, 722px\" \/><\/a><p id=\"caption-attachment-106703\" class=\"wp-caption-text\">Brissia Delil Pulido Ram\u00edrez<\/p><\/div>\n<p>&nbsp;<\/p>\n<p><span data-contrast=\"auto\">Constanza Ram\u00edrez\u00a0mencion\u00f3\u00a0que la perspectiva de g\u00e9nero,\u00a0adem\u00e1s de acompa\u00f1arnos en todo lo que hacemos d\u00eda a d\u00eda,\u00a0puede ayudar en la construcci\u00f3n de una ciudad\u00a0al enfocarse en que todas las personas se sientan seguras\u00a0dentro de ella.\u00a0<\/span><span data-ccp-props=\"{&quot;335559731&quot;:708}\">\u00a0<\/span><\/p>\n<p><span data-contrast=\"auto\">\u201cA veces tenemos la idea de que la perspectiva de g\u00e9nero es algo que se quita y pone para ciertas actividades,\u00a0pero si no permea en todo lo que hacemos, omitimos que existen diferencias entre hombres y mujeres y podemos violentar los derechos\u00a0de estas \u00faltimas\u201d, puntualiz\u00f3.\u00a0<\/span><\/p>\n<div id=\"attachment_106704\" style=\"width: 732px\" class=\"wp-caption aligncenter\"><a href=\"https:\/\/www.uv.mx\/prensa\/banner\/violencia-de-genero-normalizada-en-la-sociedad-expertas-en-psicologia\/attachment\/021221-conversatorio-violencia-3-100k\/\" rel=\"attachment wp-att-106704\"><img aria-describedby=\"caption-attachment-106704\" decoding=\"async\" loading=\"lazy\" class=\"size-full wp-image-106704\" src=\"https:\/\/www.uv.mx\/prensa\/files\/2021\/12\/021221-Conversatorio-violencia-3-100k.jpg\" alt=\"Marina Arag\u00f3n Caporal \" width=\"722\" height=\"405\" srcset=\"https:\/\/www.uv.mx\/prensa\/files\/2021\/12\/021221-Conversatorio-violencia-3-100k.jpg 722w, https:\/\/www.uv.mx\/prensa\/files\/2021\/12\/021221-Conversatorio-violencia-3-100k-300x168.jpg 300w\" sizes=\"(max-width: 722px) 100vw, 722px\" \/><\/a><p id=\"caption-attachment-106704\" class=\"wp-caption-text\">Marina Arag\u00f3n Caporal<\/p><\/div>\n<p>&nbsp;<\/p>\n<p><span data-contrast=\"auto\">Xchel\u00a0Salmer\u00f3n afirm\u00f3 que\u00a0es\u00a0muy dif\u00edcil enmarcar la violencia de g\u00e9nero en un rubro, ya que\u00a0engloba\u00a0todo el impacto que causa la estructura social en que est\u00e1n inmersos hombres\u00a0y mujeres.<\/span><span data-ccp-props=\"{&quot;335559731&quot;:708}\">\u00a0<\/span><\/p>\n<p><span data-contrast=\"auto\">Explic\u00f3 que este tipo de violencia\u00a0est\u00e1 presente\u00a0en el discurso y lenguaje sexista que predomina en el\u00a0entorno\u00a0social, lo que acarrea dificultades, opresi\u00f3n y limitaciones para las mujeres.\u00a0\u00a0<\/span><\/p>\n<div id=\"attachment_106705\" style=\"width: 732px\" class=\"wp-caption aligncenter\"><a href=\"https:\/\/www.uv.mx\/prensa\/banner\/violencia-de-genero-normalizada-en-la-sociedad-expertas-en-psicologia\/attachment\/021221-conversatorio-violencia-4-100k\/\" rel=\"attachment wp-att-106705\"><img aria-describedby=\"caption-attachment-106705\" decoding=\"async\" loading=\"lazy\" class=\"size-full wp-image-106705\" src=\"https:\/\/www.uv.mx\/prensa\/files\/2021\/12\/021221-Conversatorio-violencia-4-100k.jpg\" alt=\"Constanza Ram\u00edrez Sosa \" width=\"722\" height=\"399\" srcset=\"https:\/\/www.uv.mx\/prensa\/files\/2021\/12\/021221-Conversatorio-violencia-4-100k.jpg 722w, https:\/\/www.uv.mx\/prensa\/files\/2021\/12\/021221-Conversatorio-violencia-4-100k-300x166.jpg 300w\" sizes=\"(max-width: 722px) 100vw, 722px\" \/><\/a><p id=\"caption-attachment-106705\" class=\"wp-caption-text\">Constanza Ram\u00edrez Sosa<\/p><\/div>\n<p>&nbsp;<\/p>\n<p><span data-contrast=\"auto\">Brissia\u00a0Pulido\u00a0record\u00f3\u00a0que la violencia de g\u00e9nero\u00a0se da de forma\u00a0f\u00edsica, sexual, psicol\u00f3gica, verbal, social y econ\u00f3mica, entre otras, y que\u00a0se\u00a0caracteriza\u00a0porque es ejecutada a trav\u00e9s de un ejercicio de poder hacia las mujeres, por la \u00fanica condici\u00f3n de serlo.\u00a0<\/span><span data-ccp-props=\"{&quot;335559731&quot;:708}\">\u00a0<\/span><\/p>\n<p><span data-contrast=\"auto\">Sandra Soto manifest\u00f3 que queda claro que el trabajo para prevenir la violencia de g\u00e9nero se debe llevar a cabo en todo\u00a0momento y\u00a0lugar, y asegur\u00f3 que abordarla desde el \u00e1mbito acad\u00e9mico\u00a0tiene que\u00a0ser una prioridad para los programas educativos de distintos niveles.\u00a0<\/span><\/p>\n<div id=\"attachment_106706\" style=\"width: 732px\" class=\"wp-caption aligncenter\"><a href=\"https:\/\/www.uv.mx\/prensa\/banner\/violencia-de-genero-normalizada-en-la-sociedad-expertas-en-psicologia\/attachment\/021221-conversatorio-violencia-5-100k\/\" rel=\"attachment wp-att-106706\"><img aria-describedby=\"caption-attachment-106706\" decoding=\"async\" loading=\"lazy\" class=\"size-full wp-image-106706\" src=\"https:\/\/www.uv.mx\/prensa\/files\/2021\/12\/021221-Conversatorio-violencia-5-100k.jpg\" alt=\"Sandra Ang\u00e9lica Soto Rodr\u00edguez \" width=\"722\" height=\"405\" srcset=\"https:\/\/www.uv.mx\/prensa\/files\/2021\/12\/021221-Conversatorio-violencia-5-100k.jpg 722w, https:\/\/www.uv.mx\/prensa\/files\/2021\/12\/021221-Conversatorio-violencia-5-100k-300x168.jpg 300w\" sizes=\"(max-width: 722px) 100vw, 722px\" \/><\/a><p id=\"caption-attachment-106706\" class=\"wp-caption-text\">Sandra Ang\u00e9lica Soto Rodr\u00edguez<\/p><\/div>\n<p>&nbsp;<\/p>\n<p><span data-contrast=\"auto\">\u201cSe dej\u00f3\u00a0de hacer prevenci\u00f3n\u00a0contra la violencia\u00a0en todos lados,\u00a0lo que ocasion\u00f3 que\u00a0las\u00a0cifras\u00a0de\u00a0casos\u00a0se incrementaran y\u00a0que\u00a0cada\u00a0d\u00eda\u00a0existan m\u00e1s\u00a0tipificaciones\u00a0en torno a ella\u201d, resalt\u00f3.<\/span><span data-ccp-props=\"{&quot;335559731&quot;:708}\">\u00a0<\/span><\/p>\n<p><span data-contrast=\"auto\">Ira\u00eds\u202fDe San\u202fMart\u00edn\u00a0coment\u00f3 que el sistema ideol\u00f3gico de las culturas mexicana y latinoamericana en general, ocasiona que se normalicen ciertas conductas o acciones que muchas veces afectan a otras personas.\u00a0\u00a0<\/span><\/p>\n<div id=\"attachment_106707\" style=\"width: 732px\" class=\"wp-caption aligncenter\"><a href=\"https:\/\/www.uv.mx\/prensa\/banner\/violencia-de-genero-normalizada-en-la-sociedad-expertas-en-psicologia\/attachment\/021221-conversatorio-violencia-6-100k\/\" rel=\"attachment wp-att-106707\"><img aria-describedby=\"caption-attachment-106707\" decoding=\"async\" loading=\"lazy\" class=\"size-full wp-image-106707\" src=\"https:\/\/www.uv.mx\/prensa\/files\/2021\/12\/021221-Conversatorio-violencia-6-100k.jpg\" alt=\"Ira\u00eds Gabriela\u202fDe San\u202fMart\u00edn V\u00e1squez \" width=\"722\" height=\"544\" srcset=\"https:\/\/www.uv.mx\/prensa\/files\/2021\/12\/021221-Conversatorio-violencia-6-100k.jpg 722w, https:\/\/www.uv.mx\/prensa\/files\/2021\/12\/021221-Conversatorio-violencia-6-100k-300x226.jpg 300w\" sizes=\"(max-width: 722px) 100vw, 722px\" \/><\/a><p id=\"caption-attachment-106707\" class=\"wp-caption-text\">Ira\u00eds Gabriela\u202fDe San\u202fMart\u00edn V\u00e1squez<\/p><\/div>\n<p>&nbsp;<\/p>\n<p><span data-contrast=\"auto\">\u201cEs fundamental recalcar que cualquier cosa que nos da\u00f1a y hace sentir inc\u00f3modos tiene\u00a0que ver con una situaci\u00f3n de violencia, por lo que se debe reflexionar en torno a ello para encontrar la forma de prevenirlo\u201d, enfatiz\u00f3.\u00a0<\/span><span data-ccp-props=\"{&quot;335559731&quot;:708}\">\u00a0<\/span><\/p>\n<p><span data-contrast=\"auto\">Elsa Hern\u00e1ndez\u00a0declar\u00f3 que los roles que la sociedad asign\u00f3 a trav\u00e9s del tiempo a hombres y mujeres\u00a0hicieron\u00a0creer que algunas\u00a0acciones violentas eran normales, aunque muchas veces resultaran contradictorias.\u00a0<\/span><\/p>\n<div id=\"attachment_106708\" style=\"width: 732px\" class=\"wp-caption aligncenter\"><a href=\"https:\/\/www.uv.mx\/prensa\/banner\/violencia-de-genero-normalizada-en-la-sociedad-expertas-en-psicologia\/attachment\/021221-conversatorio-violencia-7-100k\/\" rel=\"attachment wp-att-106708\"><img aria-describedby=\"caption-attachment-106708\" decoding=\"async\" loading=\"lazy\" class=\"size-full wp-image-106708\" src=\"https:\/\/www.uv.mx\/prensa\/files\/2021\/12\/021221-Conversatorio-violencia-7-100k.jpg\" alt=\"Elsa Guadalupe Hern\u00e1ndez Garc\u00eda \" width=\"722\" height=\"380\" srcset=\"https:\/\/www.uv.mx\/prensa\/files\/2021\/12\/021221-Conversatorio-violencia-7-100k.jpg 722w, https:\/\/www.uv.mx\/prensa\/files\/2021\/12\/021221-Conversatorio-violencia-7-100k-300x158.jpg 300w\" sizes=\"(max-width: 722px) 100vw, 722px\" \/><\/a><p id=\"caption-attachment-106708\" class=\"wp-caption-text\">Elsa Guadalupe Hern\u00e1ndez Garc\u00eda<\/p><\/div>\n<p>&nbsp;<\/p>\n<p><span data-contrast=\"auto\">\u201cToda la poblaci\u00f3n debe entender que el hecho de que una mujer se encuentre en una situaci\u00f3n vulnerable no le da derecho a nadie de aprovecharse de ello\u201d, enunci\u00f3.\u00a0<\/span><span data-ccp-props=\"{&quot;335559731&quot;:708}\">\u00a0<\/span><\/p>\n<p><span data-ccp-props=\"{}\">\u00a0<\/span><\/p>\n","protected":false},"excerpt":{"rendered":"<p>Xchel Salmer\u00f3n afirm\u00f3 que es muy dif\u00edcil enmarcar la violencia de g\u00e9nero en un rubro, ya que engloba todo el impacto que causa la estructura social en que est\u00e1n inmersos hombres y mujeres <\/p>\n","protected":false},"author":1775,"featured_media":106709,"comment_status":"closed","ping_status":"closed","sticky":false,"template":"","format":"standard","meta":[],"categories":[61],"tags":[5846,5848,4161,5850,813,5853,953,5852,5849,5851,742,5847],"_links":{"self":[{"href":"https:\/\/www.uv.mx\/prensa\/wp-json\/wp\/v2\/posts\/106701"}],"collection":[{"href":"https:\/\/www.uv.mx\/prensa\/wp-json\/wp\/v2\/posts"}],"about":[{"href":"https:\/\/www.uv.mx\/prensa\/wp-json\/wp\/v2\/types\/post"}],"author":[{"embeddable":true,"href":"https:\/\/www.uv.mx\/prensa\/wp-json\/wp\/v2\/users\/1775"}],"replies":[{"embeddable":true,"href":"https:\/\/www.uv.mx\/prensa\/wp-json\/wp\/v2\/comments?post=106701"}],"version-history":[{"count":1,"href":"https:\/\/www.uv.mx\/prensa\/wp-json\/wp\/v2\/posts\/106701\/revisions"}],"predecessor-version":[{"id":107536,"href":"https:\/\/www.uv.mx\/prensa\/wp-json\/wp\/v2\/posts\/106701\/revisions\/107536"}],"wp:featuredmedia":[{"embeddable":true,"href":"https:\/\/www.uv.mx\/prensa\/wp-json\/wp\/v2\/media\/106709"}],"wp:attachment":[{"href":"https:\/\/www.uv.mx\/prensa\/wp-json\/wp\/v2\/media?parent=106701"}],"wp:term":[{"taxonomy":"category","embeddable":true,"href":"https:\/\/www.uv.mx\/prensa\/wp-json\/wp\/v2\/categories?post=106701"},{"taxonomy":"post_tag","embeddable":true,"href":"https:\/\/www.uv.mx\/prensa\/wp-json\/wp\/v2\/tags?post=106701"}],"curies":[{"name":"wp","href":"https:\/\/api.w.org\/{rel}","templated":true}]}}