{"id":106897,"date":"2021-12-07T08:00:54","date_gmt":"2021-12-07T14:00:54","guid":{"rendered":"https:\/\/www.uv.mx\/prensa\/?p=106897"},"modified":"2021-12-07T12:41:54","modified_gmt":"2021-12-07T18:41:54","slug":"premio-arte-ciencia-luz-motor-de-ilusion-y-confianza-para-el-egresado","status":"publish","type":"post","link":"https:\/\/www.uv.mx\/prensa\/banner\/premio-arte-ciencia-luz-motor-de-ilusion-y-confianza-para-el-egresado\/","title":{"rendered":"Premio \u201cArte, Ciencia, Luz\u201d, motor de ilusi\u00f3n y confianza para el egresado"},"content":{"rendered":"<style type=\"text\/css\">\n  blockquote p { color: #28519b; font-family: helvetica; font-size: 1.4em; }<br \/><\/style>\n<ul>\n<li data-leveltext=\"\uf0b7\" data-font=\"Symbol\" data-listid=\"2\" data-aria-posinset=\"0\" data-aria-level=\"1\"><i><span data-contrast=\"auto\">Es relevante porque muestra la calidad del trabajo de investigaci\u00f3n que se desarrolla en la Universidad, asegur\u00f3 el ganador en el nivel de Licenciatura<\/span><\/i><span data-ccp-props=\"{&quot;134233117&quot;:true,&quot;134233118&quot;:true,&quot;201341983&quot;:0,&quot;335559740&quot;:240}\">\u00a0<\/span><\/li>\n<\/ul>\n<p>&nbsp;<\/p>\n<div id=\"attachment_106898\" style=\"width: 732px\" class=\"wp-caption aligncenter\"><a href=\"https:\/\/www.uv.mx\/prensa\/files\/2021\/12\/071221-Premio-ACL.jpg\"><img aria-describedby=\"caption-attachment-106898\" decoding=\"async\" loading=\"lazy\" class=\"size-full wp-image-106898\" src=\"https:\/\/www.uv.mx\/prensa\/files\/2021\/12\/071221-Premio-ACL.jpg\" alt=\"\" width=\"722\" height=\"481\" srcset=\"https:\/\/www.uv.mx\/prensa\/files\/2021\/12\/071221-Premio-ACL.jpg 722w, https:\/\/www.uv.mx\/prensa\/files\/2021\/12\/071221-Premio-ACL-300x200.jpg 300w\" sizes=\"(max-width: 722px) 100vw, 722px\" \/><\/a><p id=\"caption-attachment-106898\" class=\"wp-caption-text\">Francisco Javier V\u00e1zquez Ponce, ganador del Premio \u201cArte, Ciencia, Luz\u201d 2021 en el nivel de Licenciatura<\/p><\/div>\n<p>&nbsp;<\/p>\n<blockquote><p><span class=\"NormalTextRun BCX4 SCXW205092929\" data-ccp-parastyle=\"Normal (Web)\">El <\/span><span class=\"NormalTextRun BCX4 SCXW205092929\" data-ccp-parastyle=\"Normal (Web)\">estudiante galardonado se\u00f1al\u00f3 que <\/span><span class=\"NormalTextRun BCX4 SCXW205092929\" data-ccp-parastyle=\"Normal (Web)\">su<\/span><span class=\"NormalTextRun BCX4 SCXW205092929\" data-ccp-parastyle=\"Normal (Web)\"> investigaci\u00f3n representa un antecedente para los an\u00e1lisis <\/span><span class=\"NormalTextRun BCX4 SCXW205092929\" data-ccp-parastyle=\"Normal (Web)\">filogeogr\u00e1ficos<\/span><span class=\"NormalTextRun BCX4 SCXW205092929\" data-ccp-parastyle=\"Normal (Web)\"> de mam\u00edferos mexicanos, y es el primer estudio de este tipo en musara\u00f1as mexicanas<\/span><span class=\"NormalTextRun BCX4 SCXW205092929\" data-ccp-parastyle=\"Normal (Web)\"> que complementa el conocimiento actual sobre el papel de las fluctuaciones clim\u00e1ticas <\/span><span class=\"NormalTextRun BCX4 SCXW205092929\" data-ccp-parastyle=\"Normal (Web)\">de<\/span><span class=\"NormalTextRun BCX4 SCXW205092929\" data-ccp-parastyle=\"Normal (Web)\"> los ecosistemas monta\u00f1osos, as\u00ed como el impacto de ciertas barreras geogr\u00e1ficas <\/span><span class=\"NormalTextRun BCX4 SCXW205092929\" data-ccp-parastyle=\"Normal (Web)\">en<\/span><span class=\"NormalTextRun BCX4 SCXW205092929\" data-ccp-parastyle=\"Normal (Web)\"> la biodiversidad mexicana<\/span><\/p><\/blockquote>\n<p>&nbsp;<\/p>\n<p><b><i><span data-contrast=\"auto\">Jos\u00e9 Luis Couttolenc Soto<\/span><\/i><\/b><span data-ccp-props=\"{&quot;134233117&quot;:true,&quot;134233118&quot;:true,&quot;201341983&quot;:0,&quot;335559740&quot;:240}\">\u00a0<\/span><\/p>\n<p><b><i><span data-contrast=\"auto\">07\/12\/2021, Xalapa, Ver.-<\/span><\/i><\/b> <span data-contrast=\"auto\">Para Francisco Javier V\u00e1zquez Ponce, ganador del <a href=\"https:\/\/www.uv.mx\/secretariaacademica\/premios-y-reconocimientos\/arte-ciencia-luz\/\" target=\"_blank\" rel=\"noopener\">Premio \u201cArte, Ciencia, Luz\u201d<\/a> 2021 en el nivel de Licenciatura del \u00c1rea Acad\u00e9mica de Ciencias Biol\u00f3gicas y Agropecuarias, el galard\u00f3n representa \u201cun motor de ilusi\u00f3n y confianza para lo que uno como reci\u00e9n egresado realiza, y es relevante porque muestra la calidad del trabajo de investigaci\u00f3n que se desarrolla en la Universidad\u201d.<\/span><span data-ccp-props=\"{&quot;134233117&quot;:true,&quot;134233118&quot;:true,&quot;201341983&quot;:0,&quot;335559740&quot;:240}\">\u00a0<\/span><\/p>\n<p><span data-contrast=\"auto\">Originario de la Ciudad de M\u00e9xico, el joven universitario se hizo acreedor a este premio con su trabajo recepcional \u201cPatrones filogeogr\u00e1ficos de musara\u00f1as (<\/span><i><span data-contrast=\"auto\">Mammalia, Soricidae<\/span><\/i><span data-contrast=\"auto\">) de bosques mes\u00f3filos de monta\u00f1a en M\u00e9xico\u201d, con el que obtuvo el grado de Licenciado en Biolog\u00eda.<\/span><span data-ccp-props=\"{&quot;134233117&quot;:true,&quot;134233118&quot;:true,&quot;201341983&quot;:0,&quot;335559740&quot;:240}\">\u00a0<\/span><\/p>\n<p><span data-contrast=\"auto\">\u201cMe parece bien que se reconozca a los estudiantes por el trabajo que hacen, adem\u00e1s de que es agradable saber que una tesis no se queda s\u00f3lo ah\u00ed, sino que alguien m\u00e1s la ley\u00f3, porque es producto de un gran esfuerzo. Lo mejor es que no quede s\u00f3lo en la obtenci\u00f3n de un t\u00edtulo, sino que busque generar un impacto real y ben\u00e9fico en la sociedad.\u201d<\/span><span data-ccp-props=\"{&quot;134233117&quot;:true,&quot;134233118&quot;:true,&quot;201341983&quot;:0,&quot;335559731&quot;:708,&quot;335559740&quot;:240}\">\u00a0<\/span><\/p>\n<p><span data-contrast=\"auto\">Sobre c\u00f3mo se enter\u00f3 que era ganador del reconocimiento, V\u00e1zquez Ponce dijo que se encontraba \u201ccurioseando\u201d en las redes sociales \u201ccuando me encontr\u00e9 una felicitaci\u00f3n que me hac\u00eda mi Facultad por haber obtenido el Premio \u2018Arte, Ciencia, Luz\u2019; mi primer impacto fue de incredulidad, luego pas\u00e9 a la sorpresa porque no me lo esperaba, me gan\u00f3 la emoci\u00f3n, no me pude contener y empec\u00e9 a llorar\u201d.<\/span><span data-ccp-props=\"{&quot;134233117&quot;:true,&quot;134233118&quot;:true,&quot;201341983&quot;:0,&quot;335559731&quot;:708,&quot;335559740&quot;:240}\">\u00a0<\/span><\/p>\n<p><span data-contrast=\"auto\">A\u00fan con la sorpresa, ingres\u00f3 al portal de la UV y comprob\u00f3 que su nombre estaba inscrito entre los ganadores.<\/span><span data-ccp-props=\"{&quot;134233117&quot;:true,&quot;134233118&quot;:true,&quot;201341983&quot;:0,&quot;335559731&quot;:708,&quot;335559740&quot;:240}\">\u00a0<\/span><\/p>\n<p><span data-contrast=\"auto\">Al recordar c\u00f3mo fue su ingreso a la Universidad Veracruzana, indic\u00f3 que radicaba en la Ciudad de M\u00e9xico y cursaba otra carrera, pero su familia tuvo que trasladarse al estado de Veracruz y \u00e9l busc\u00f3 opciones para continuar sus estudios.<\/span><span data-ccp-props=\"{&quot;134233117&quot;:true,&quot;134233118&quot;:true,&quot;201341983&quot;:0,&quot;335559731&quot;:708,&quot;335559740&quot;:240}\">\u00a0<\/span><\/p>\n<p><span data-contrast=\"auto\">\u201cBusqu\u00e9 y encontr\u00e9 que la UV ten\u00eda presencia en la regi\u00f3n de C\u00f3rdoba y su oferta educativa inclu\u00eda la carrera de Biolog\u00eda, de inmediato me imagin\u00e9 en las monta\u00f1as, en la vegetaci\u00f3n observando y estudiando animales, me encant\u00f3 visualizarme as\u00ed y decid\u00ed ser bi\u00f3logo; siempre albergu\u00e9 la ilusi\u00f3n de ser cient\u00edfico, trabajar con la naturaleza, y creo que mi decisi\u00f3n fue acertada.\u201d<\/span><span data-ccp-props=\"{&quot;134233117&quot;:true,&quot;134233118&quot;:true,&quot;201341983&quot;:0,&quot;335559731&quot;:708,&quot;335559740&quot;:240}\">\u00a0<\/span><\/p>\n<p><span data-contrast=\"auto\">En la elaboraci\u00f3n de su tesis de licenciatura, Francisco Javier V\u00e1zquez cont\u00f3 con el apoyo de Mart\u00edn Roberto G\u00e1mez y L\u00e1zaro Guevara L\u00f3pez, director y codirector, respectivamente; obtuvo una beca para estancia de movilidad de investigaci\u00f3n en el Instituto de Biolog\u00eda de la Universidad Nacional Aut\u00f3noma de M\u00e9xico (UNAM), en donde actualmente cursa la Maestr\u00eda en Ciencias Biol\u00f3gicas, en Biolog\u00eda Evolutiva.<\/span><span data-ccp-props=\"{&quot;134233117&quot;:true,&quot;134233118&quot;:true,&quot;201341983&quot;:0,&quot;335559731&quot;:708,&quot;335559740&quot;:240}\">\u00a0<\/span><\/p>\n<p><span data-ccp-props=\"{&quot;134233117&quot;:true,&quot;134233118&quot;:true,&quot;201341983&quot;:0,&quot;335559740&quot;:240}\">\u00a0<\/span><\/p>\n<p><b><span data-contrast=\"auto\">Estudio filogeogr\u00e1fico de musara\u00f1as mexicanas, primero en su tipo<\/span><\/b><span data-ccp-props=\"{&quot;134233117&quot;:true,&quot;134233118&quot;:true,&quot;201341983&quot;:0,&quot;335559740&quot;:240}\">\u00a0<\/span><\/p>\n<p><span data-contrast=\"auto\">El estudiante galardonado se\u00f1al\u00f3 que su investigaci\u00f3n representa un antecedente para los an\u00e1lisis filogeogr\u00e1ficos de mam\u00edferos mexicanos, y es el primer estudio de este tipo en musara\u00f1as mexicanas que complementa el conocimiento actual sobre el papel de las fluctuaciones clim\u00e1ticas de los ecosistemas monta\u00f1osos, as\u00ed como el impacto de ciertas barreras geogr\u00e1ficas en la biodiversidad mexicana.<\/span><span data-ccp-props=\"{&quot;134233117&quot;:true,&quot;134233118&quot;:true,&quot;201341983&quot;:0,&quot;335559740&quot;:240}\">\u00a0<\/span><\/p>\n<p><span data-contrast=\"auto\">Explic\u00f3 que <\/span><span data-contrast=\"none\">las musara\u00f1as son mam\u00edferos diminutos que se caracterizan por una alta voracidad, alta tasa metab\u00f3lica y tiempos de reproducci\u00f3n cortos.<\/span><span data-ccp-props=\"{&quot;134233117&quot;:true,&quot;134233118&quot;:true,&quot;201341983&quot;:0,&quot;335559740&quot;:240}\">\u00a0<\/span><\/p>\n<p><span data-contrast=\"none\">Dentro de este grupo existe un subgrupo de especies de musara\u00f1as morfol\u00f3gica y ecol\u00f3gicamente semejantes, que dificulta su clasificaci\u00f3n taxon\u00f3mica: <\/span><i><span data-contrast=\"none\">Cryptotis mexicanus<\/span><\/i><span data-contrast=\"none\">, <\/span><i><span data-contrast=\"none\">Cryptotis obscurus<\/span><\/i><span data-contrast=\"none\"> y <\/span><i><span data-contrast=\"none\">Cryptotis nelsoni<\/span><\/i><span data-contrast=\"none\">. Este grupo se distribuye en bosques mes\u00f3filos de monta\u00f1a aislados desde el sur de Tamaulipas hasta los Altos de Chiapas, pasando por la Sierra Madre Oriental, la Faja Volc\u00e1nica Transmexicana, la Sierra Madre del Sur y la Sierra de Los Tuxtlas.<\/span><span data-ccp-props=\"{&quot;134233117&quot;:true,&quot;134233118&quot;:true,&quot;201341983&quot;:0,&quot;335559740&quot;:240}\">\u00a0<\/span><\/p>\n<p><span data-contrast=\"none\">El estudio que realiz\u00f3 dio paso a considerar que en lugar de tener s\u00f3lo tres grupos reconocidos podr\u00eda haber una serie de barreras geogr\u00e1ficas que favorecer\u00edan hasta siete grupos, por lo que para corroborar con evidencia gen\u00e9tica dichas sugerencias decidi\u00f3 analizar un gen ubicado en las mitocondrias de estos animales para estudiar la historia evolutiva reciente de las tres especies del complejo.<\/span><span data-ccp-props=\"{&quot;134233117&quot;:true,&quot;134233118&quot;:true,&quot;201341983&quot;:0,&quot;335559740&quot;:240}\">\u00a0<\/span><\/p>\n<p><span data-contrast=\"none\">Su trabajo tuvo frutos al encontrar que no son tres ni siete los grupos, como se cre\u00eda anteriormente, en realidad son cuatro grupos; \u201cno nos qued\u00f3 duda de que esta especie altamente vulnerable y aislada merec\u00eda no s\u00f3lo reconocimiento como especie v\u00e1lida, sino que hist\u00f3ricamente estuvo aislada y podr\u00eda ser susceptible al cambio clim\u00e1tico presente y futuro.<\/span><span data-ccp-props=\"{&quot;134233117&quot;:true,&quot;134233118&quot;:true,&quot;201341983&quot;:0,&quot;335559740&quot;:240}\">\u00a0<\/span><\/p>\n<p><span data-contrast=\"none\">\u201dA trav\u00e9s del estudio de genes mitocondriales pudimos evaluar la historia filogen\u00e9tica (relaciones ancestr\u00eda-descendencia) del grupo de musara\u00f1as, e identificamos qu\u00e9 accidentes geogr\u00e1ficos impiden el flujo de genes entre sus grupos y que est\u00e1n favoreciendo su diversificaci\u00f3n y especiaci\u00f3n.\u201d<\/span><span data-ccp-props=\"{&quot;134233117&quot;:true,&quot;134233118&quot;:true,&quot;201341983&quot;:0,&quot;335559731&quot;:708,&quot;335559740&quot;:240}\">\u00a0<\/span><\/p>\n<p><span data-contrast=\"none\">Sabedor de la importancia de su investigaci\u00f3n, V\u00e1zquez Ponce considera que el estudio no s\u00f3lo implica conocer la historia evolutiva de un grupo de mam\u00edferos peque\u00f1os, sino que aporta informaci\u00f3n relevante para la toma de decisiones sobre grupos de prioridad para la conservaci\u00f3n biol\u00f3gica.<\/span><span data-ccp-props=\"{&quot;134233117&quot;:true,&quot;134233118&quot;:true,&quot;201341983&quot;:0,&quot;335559740&quot;:240}\">\u00a0<\/span><\/p>\n","protected":false},"excerpt":{"rendered":"<p>Francisco Javier V\u00e1zquez Ponce gan\u00f3 este premio con su trabajo recepcional \u201cPatrones filogeogr\u00e1ficos de musara\u00f1as (<em>Mammalia<\/em>, <em>Soricidae<\/em>) de bosques mes\u00f3filos de monta\u00f1a en M\u00e9xico\u201d <\/p>\n","protected":false},"author":1508,"featured_media":106899,"comment_status":"closed","ping_status":"closed","sticky":false,"template":"","format":"standard","meta":[],"categories":[61],"tags":[],"_links":{"self":[{"href":"https:\/\/www.uv.mx\/prensa\/wp-json\/wp\/v2\/posts\/106897"}],"collection":[{"href":"https:\/\/www.uv.mx\/prensa\/wp-json\/wp\/v2\/posts"}],"about":[{"href":"https:\/\/www.uv.mx\/prensa\/wp-json\/wp\/v2\/types\/post"}],"author":[{"embeddable":true,"href":"https:\/\/www.uv.mx\/prensa\/wp-json\/wp\/v2\/users\/1508"}],"replies":[{"embeddable":true,"href":"https:\/\/www.uv.mx\/prensa\/wp-json\/wp\/v2\/comments?post=106897"}],"version-history":[{"count":2,"href":"https:\/\/www.uv.mx\/prensa\/wp-json\/wp\/v2\/posts\/106897\/revisions"}],"predecessor-version":[{"id":106925,"href":"https:\/\/www.uv.mx\/prensa\/wp-json\/wp\/v2\/posts\/106897\/revisions\/106925"}],"wp:featuredmedia":[{"embeddable":true,"href":"https:\/\/www.uv.mx\/prensa\/wp-json\/wp\/v2\/media\/106899"}],"wp:attachment":[{"href":"https:\/\/www.uv.mx\/prensa\/wp-json\/wp\/v2\/media?parent=106897"}],"wp:term":[{"taxonomy":"category","embeddable":true,"href":"https:\/\/www.uv.mx\/prensa\/wp-json\/wp\/v2\/categories?post=106897"},{"taxonomy":"post_tag","embeddable":true,"href":"https:\/\/www.uv.mx\/prensa\/wp-json\/wp\/v2\/tags?post=106897"}],"curies":[{"name":"wp","href":"https:\/\/api.w.org\/{rel}","templated":true}]}}