{"id":107183,"date":"2021-12-10T13:16:16","date_gmt":"2021-12-10T19:16:16","guid":{"rendered":"https:\/\/www.uv.mx\/prensa\/?p=107183"},"modified":"2021-12-13T12:58:37","modified_gmt":"2021-12-13T18:58:37","slug":"osx-y-maria-katzarava-convocan-a-concurso-nacional-de-canto","status":"publish","type":"post","link":"https:\/\/www.uv.mx\/prensa\/cultura\/osx-y-maria-katzarava-convocan-a-concurso-nacional-de-canto\/","title":{"rendered":"OSX y\u00a0Mar\u00eda\u00a0Katzarava\u00a0convocan\u00a0a\u00a0Concurso\u00a0Nacional de Canto\u00a0"},"content":{"rendered":"<p>&nbsp;<\/p>\n<ul>\n<li data-leveltext=\"\uf0b7\" data-font=\"Symbol\" data-listid=\"5\" data-aria-posinset=\"1\" data-aria-level=\"1\"><i><span data-contrast=\"auto\">Est\u00e1 dirigido\u00a0a profesionales y semiprofesionales de nacionalidad mexicana<\/span><\/i><span data-ccp-props=\"{&quot;134233279&quot;:true}\">\u00a0<\/span><\/li>\n<\/ul>\n<p>&nbsp;<\/p>\n<div id=\"attachment_107187\" style=\"width: 381px\" class=\"wp-caption aligncenter\"><img aria-describedby=\"caption-attachment-107187\" decoding=\"async\" loading=\"lazy\" class=\"size-full wp-image-107187\" src=\"https:\/\/www.uv.mx\/prensa\/files\/2021\/12\/101221-Concurso-de-canto.jpg\" alt=\"\" width=\"371\" height=\"481\" srcset=\"https:\/\/www.uv.mx\/prensa\/files\/2021\/12\/101221-Concurso-de-canto.jpg 371w, https:\/\/www.uv.mx\/prensa\/files\/2021\/12\/101221-Concurso-de-canto-231x300.jpg 231w\" sizes=\"(max-width: 371px) 100vw, 371px\" \/><p id=\"caption-attachment-107187\" class=\"wp-caption-text\">El jurado estar\u00e1 integrado por personalidades de la \u00f3pera y la zarzuela<\/p><\/div>\n<p><span data-ccp-props=\"{}\">\u00a0<\/span><\/p>\n<p><b><i><span data-contrast=\"auto\">Carlos Hugo Hermida Rosales<\/span><\/i><\/b><span data-ccp-props=\"{}\">\u00a0<\/span><\/p>\n<p><b><i><span data-contrast=\"auto\">10\/12\/2021,\u00a0Xalapa,\u00a0Ver.-\u00a0<\/span><\/i><\/b><span data-contrast=\"auto\">La <a href=\"https:\/\/www.orquestasinfonicadexalapa.com\/\" target=\"_blank\" rel=\"noopener\">Orquesta Sinf\u00f3nica de Xalapa<\/a> (OSX) de la Universidad Veracruzana (UV)\u00a0y la\u00a0soprano Mar\u00eda\u00a0Katzarava\u00a0invitan a cantantes profesionales y semiprofesionales\u00a0de nacionalidad mexicana\u00a0a participar en\u00a0la\u00a0primera edici\u00f3n del Concurso Nacional de Canto \u201cMar\u00eda\u00a0Katzarava\u201d,\u00a0que\u00a0se llevar\u00e1 a cabo del 24 al 29 de enero de 2022.<\/span><span data-ccp-props=\"{}\">\u00a0<\/span><\/p>\n<p><span data-contrast=\"auto\">Los objetivos son\u00a0contribuir a la salvaguarda del patrimonio cultural de\u00a0Xalapa en materia de canto l\u00edrico e\u00a0impulsar las carreras de los\u00a0int\u00e9rpretes\u00a0del g\u00e9nero, desde un enfoque inclusivo y de alto desempe\u00f1o art\u00edstico.<\/span><span data-ccp-props=\"{&quot;335559731&quot;:708}\">\u00a0<\/span><\/p>\n<p><span data-contrast=\"auto\">El certamen\u00a0se realizar\u00e1 en las\u00a0categor\u00edas \u00d3pera y\u00a0Zarzuel;\u00a0el jurado estar\u00e1 integrado por personalidades\u00a0como\u00a0Enrique Patr\u00f3n de Rueda, Polo Falc\u00f3n, Carlos\u00a0Aransay, Gabriel Mijares y Genaro\u00a0Sulvar\u00e1n.<\/span><span data-ccp-props=\"{&quot;335559731&quot;:708}\">\u00a0<\/span><\/p>\n<p><span data-contrast=\"auto\">Las inscripciones inician este viernes y los detalles se pueden consultar en la p\u00e1gina de\u00a0<\/span><a href=\"https:\/\/www.facebook.com\/Concurso-Nacional-de-Canto-Mar%C3%ADa-Katzarava-108603861665101\/\"><i><span data-contrast=\"none\">Facebook<\/span><\/i><\/a><span data-contrast=\"auto\">\u00a0del evento y en el sitio\u00a0<\/span><i><span data-contrast=\"auto\">web<\/span><\/i><span data-contrast=\"auto\">\u00a0de la\u00a0<\/span><a href=\"https:\/\/www.orquestasinfonicadexalapa.com\/Code\/templates\/images\/convocatorias\/CONVOCATORIA_MK.pdf?fbclid=IwAR1zHKQ9TqwXc3HYoulG6GOenm_z57O1pvM3IVUzUFpuoM1IajXMbJyE4-M\"><span data-contrast=\"none\">OSX<\/span><\/a><span data-contrast=\"auto\">.<\/span><span data-ccp-props=\"{&quot;335559731&quot;:708}\">\u00a0<\/span><\/p>\n","protected":false},"excerpt":{"rendered":"<p>Las inscripciones inician este viernes; los detalles se pueden consultar\u00a0en la p\u00e1gina de\u00a0Facebook\u00a0del evento y en el sitio\u00a0web\u00a0de la\u00a0OSX\u00a0<\/p>\n","protected":false},"author":1869,"featured_media":107187,"comment_status":"closed","ping_status":"closed","sticky":false,"template":"","format":"standard","meta":[],"categories":[11,47],"tags":[],"_links":{"self":[{"href":"https:\/\/www.uv.mx\/prensa\/wp-json\/wp\/v2\/posts\/107183"}],"collection":[{"href":"https:\/\/www.uv.mx\/prensa\/wp-json\/wp\/v2\/posts"}],"about":[{"href":"https:\/\/www.uv.mx\/prensa\/wp-json\/wp\/v2\/types\/post"}],"author":[{"embeddable":true,"href":"https:\/\/www.uv.mx\/prensa\/wp-json\/wp\/v2\/users\/1869"}],"replies":[{"embeddable":true,"href":"https:\/\/www.uv.mx\/prensa\/wp-json\/wp\/v2\/comments?post=107183"}],"version-history":[{"count":1,"href":"https:\/\/www.uv.mx\/prensa\/wp-json\/wp\/v2\/posts\/107183\/revisions"}],"predecessor-version":[{"id":107333,"href":"https:\/\/www.uv.mx\/prensa\/wp-json\/wp\/v2\/posts\/107183\/revisions\/107333"}],"wp:featuredmedia":[{"embeddable":true,"href":"https:\/\/www.uv.mx\/prensa\/wp-json\/wp\/v2\/media\/107187"}],"wp:attachment":[{"href":"https:\/\/www.uv.mx\/prensa\/wp-json\/wp\/v2\/media?parent=107183"}],"wp:term":[{"taxonomy":"category","embeddable":true,"href":"https:\/\/www.uv.mx\/prensa\/wp-json\/wp\/v2\/categories?post=107183"},{"taxonomy":"post_tag","embeddable":true,"href":"https:\/\/www.uv.mx\/prensa\/wp-json\/wp\/v2\/tags?post=107183"}],"curies":[{"name":"wp","href":"https:\/\/api.w.org\/{rel}","templated":true}]}}