{"id":107288,"date":"2021-12-12T07:05:56","date_gmt":"2021-12-12T13:05:56","guid":{"rendered":"https:\/\/www.uv.mx\/prensa\/?p=107288"},"modified":"2021-12-13T12:21:50","modified_gmt":"2021-12-13T18:21:50","slug":"clinicas-juridicas-promueven-la-practica-del-derecho","status":"publish","type":"post","link":"https:\/\/www.uv.mx\/prensa\/regiones\/poza-rica\/clinicas-juridicas-promueven-la-practica-del-derecho\/","title":{"rendered":"Cl\u00ednicas jur\u00eddicas promueven la pr\u00e1ctica del derecho"},"content":{"rendered":"<ul>\n<li data-leveltext=\"\uf0b7\" data-font=\"Symbol\" data-listid=\"4\" data-aria-posinset=\"1\" data-aria-level=\"1\"><i><span data-contrast=\"none\">Acad\u00e9micos de la Licenciatura en Derecho del SEA participaron en<\/span><\/i> <i><span data-contrast=\"none\">las II Jornadas Nacionales de Ense\u00f1anza de Derecho, organizadas por la Pontificia Universidad Cat\u00f3lica de Chile<\/span><\/i><span data-ccp-props=\"{}\">\u00a0<\/span><\/li>\n<\/ul>\n<p>&nbsp;<\/p>\n<div id=\"attachment_107289\" style=\"width: 732px\" class=\"wp-caption aligncenter\"><a href=\"https:\/\/www.uv.mx\/prensa\/files\/2021\/12\/121221-SEA-Poza-Rica-1.jpg\"><img aria-describedby=\"caption-attachment-107289\" decoding=\"async\" loading=\"lazy\" class=\"size-full wp-image-107289\" src=\"https:\/\/www.uv.mx\/prensa\/files\/2021\/12\/121221-SEA-Poza-Rica-1.jpg\" alt=\"\" width=\"722\" height=\"481\" srcset=\"https:\/\/www.uv.mx\/prensa\/files\/2021\/12\/121221-SEA-Poza-Rica-1.jpg 722w, https:\/\/www.uv.mx\/prensa\/files\/2021\/12\/121221-SEA-Poza-Rica-1-300x200.jpg 300w\" sizes=\"(max-width: 722px) 100vw, 722px\" \/><\/a><p id=\"caption-attachment-107289\" class=\"wp-caption-text\">Las nuevas circunstancias obligaron a las instituciones a realizar adecuaciones, afirm\u00f3 Eduardo Sergio Jaramillo de la Torre<\/p><\/div>\n<p>&nbsp;<\/p>\n<p><b><i><span data-contrast=\"none\">Alma Celia San Mart\u00edn Cruz<\/span><\/i><\/b><span data-ccp-props=\"{}\">\u00a0<\/span><\/p>\n<p><b><i><span data-contrast=\"none\">12\/12\/2021, Poza Rica, Ver.- <\/span><\/i><\/b><span data-contrast=\"none\">Acad\u00e9micos del programa educativo (PE) de <a href=\"https:\/\/www.uv.mx\/pozarica\/sea\/derecho\/\" target=\"_blank\" rel=\"noopener\">Derecho del Sistema de Ense\u00f1anza Abierta<\/a> (SEA) de la Universidad Veracruzana (UV) presentaron una propuesta para promover la doctrina jur\u00eddica y la pr\u00e1ctica del derecho en las cl\u00ednicas jur\u00eddicas.<\/span><span data-ccp-props=\"{}\">\u00a0<\/span><\/p>\n<p><span data-contrast=\"none\">Las II Jornadas Nacionales de Ense\u00f1anza de Derecho \u201cExperiencias y desaf\u00edos de las cl\u00ednicas jur\u00eddicas en la ense\u00f1anza cl\u00ednica, la interdisciplina en el contexto jur\u00eddico y el acceso a la justicia de grupos vulnerables\u201d, fueron organizadas por la Facultad de Derecho de la Pontificia Universidad Cat\u00f3lica de Chile y se realizaron a trav\u00e9s de la plataforma <\/span><i><span data-contrast=\"none\">Zoom<\/span><\/i><span data-contrast=\"none\">.<\/span><span data-ccp-props=\"{&quot;335559731&quot;:720}\">\u00a0<\/span><\/p>\n<p><span data-contrast=\"none\">El objetivo fue promover el estudio y la discusi\u00f3n de temas relevantes para los profesionales vinculados a las cl\u00ednicas jur\u00eddicas de los pa\u00edses relacionados en el tema, adem\u00e1s de compartir experiencias y analizar la realidad actual del trabajo formativo y de servicio que realizan, poniendo \u00e9nfasis en los desaf\u00edos que se presentar\u00e1n en el futuro.<\/span><span data-ccp-props=\"{&quot;335559731&quot;:720}\">\u00a0<\/span><\/p>\n<p><span data-contrast=\"none\">La propuesta presentada por Dora Alicia Daza Ponce y Eduardo Sergio de la Torre Jaramillo promueve la doctrina jur\u00eddica y la pr\u00e1ctica del derecho, as\u00ed como el desarrollo de competencias profesionales, a trav\u00e9s de estrategias acad\u00e9micas.<\/span><span data-ccp-props=\"{&quot;335559731&quot;:720}\">\u00a0<\/span><\/p>\n<p><span data-contrast=\"none\">Dora Alicia Daza, coordinadora del SEA Poza Rica, se\u00f1al\u00f3 que la creaci\u00f3n de la cl\u00ednica jur\u00eddica como estrategia que promueva un aprendizaje pertinente y significativo tiene mucho que ver con el liderazgo y compromiso de la Universidad, as\u00ed como la apertura que brinda para facilitar procesos innovadores.<\/span><\/p>\n<p>&nbsp;<\/p>\n<div id=\"attachment_107291\" style=\"width: 732px\" class=\"wp-caption aligncenter\"><a href=\"https:\/\/www.uv.mx\/prensa\/files\/2021\/12\/121221-SEA-Poza-Rica-2.jpg\"><img aria-describedby=\"caption-attachment-107291\" decoding=\"async\" loading=\"lazy\" class=\"size-full wp-image-107291\" src=\"https:\/\/www.uv.mx\/prensa\/files\/2021\/12\/121221-SEA-Poza-Rica-2.jpg\" alt=\"\" width=\"722\" height=\"481\" srcset=\"https:\/\/www.uv.mx\/prensa\/files\/2021\/12\/121221-SEA-Poza-Rica-2.jpg 722w, https:\/\/www.uv.mx\/prensa\/files\/2021\/12\/121221-SEA-Poza-Rica-2-300x200.jpg 300w\" sizes=\"(max-width: 722px) 100vw, 722px\" \/><\/a><p id=\"caption-attachment-107291\" class=\"wp-caption-text\">\u201cSe debe promover la doctrina jur\u00eddica y la pr\u00e1ctica del derecho\u201d: Dora Alicia Daza<\/p><\/div>\n<p><span data-ccp-props=\"{&quot;469777462&quot;:[708,1416,2124,2832,3540,4248,4956,5664,6372,7080,7788,8496,9204],&quot;469777927&quot;:[0,0,0,0,0,0,0,0,0,0,0,0,0],&quot;469777928&quot;:[1,1,1,1,1,1,1,1,1,1,1,1,1]}\">\u00a0<\/span><\/p>\n<p><span data-contrast=\"none\">Por otro lado, la pandemia ha permitido ser solidarios y suscitar procesos de ayuda, establecer vinculaci\u00f3n con la sociedad vulnerable con \u00e9nfasis en las diversas regiones ind\u00edgenas del norte de Veracruz.<\/span><span data-ccp-props=\"{&quot;469777462&quot;:[708,1416,2124,2832,3540,4248,4956,5664,6372,7080,7788,8496,9204],&quot;469777927&quot;:[0,0,0,0,0,0,0,0,0,0,0,0,0],&quot;469777928&quot;:[1,1,1,1,1,1,1,1,1,1,1,1,1]}\">\u00a0<\/span><\/p>\n<p><span data-contrast=\"none\">La idea es transformar la educaci\u00f3n cl\u00e1sica que se imparte en las facultades de Derecho, en donde el maestro es el centro de la atenci\u00f3n a trav\u00e9s de las tradicionales c\u00e1tedras y el alumno no tiene ning\u00fan ejercicio pr\u00e1ctico de la profesi\u00f3n; la idea es cambiar ese enfoque, lo que implica un nuevo modelo de ense\u00f1anza-aprendizaje.<\/span><span data-ccp-props=\"{&quot;335559731&quot;:720}\">\u00a0<\/span><\/p>\n<p><span data-contrast=\"none\">En tanto, Eduardo Sergio de la Torre dijo que las nuevas circunstancias obligaron a las instituciones de educaci\u00f3n superior a realizar adecuaciones, y en este contexto la UV respondi\u00f3 a las nuevas exigencias con las asesor\u00edas jur\u00eddicas en materia familiar, laboral, penal, fiscal, administrativo y civil, a trav\u00e9s del desarrollo de un proyecto de Sistema de Informaci\u00f3n y Vinculaci\u00f3n Universitaria (SIVU) centrado en la cl\u00ednica jur\u00eddica y respaldado por docentes especialistas.<\/span><span data-ccp-props=\"{&quot;469777462&quot;:[708,1416,2124,2832,3540,4248,4956,5664,6372,7080,7788,8496,9204],&quot;469777927&quot;:[0,0,0,0,0,0,0,0,0,0,0,0,0],&quot;469777928&quot;:[1,1,1,1,1,1,1,1,1,1,1,1,1]}\">\u00a0<\/span><\/p>\n<p><span data-contrast=\"none\">Expuso que la metodolog\u00eda utilizada en la cl\u00ednica jur\u00eddica se traduce en: identificar la problem\u00e1tica legal para su correspondiente clasificaci\u00f3n, diagn\u00f3stico y an\u00e1lisis; someter a validaci\u00f3n con el tutor las propuestas resolutivas presentadas por el prestador de servicio social; analizar acad\u00e9micamente los casos para observar el marco te\u00f3rico jur\u00eddico, as\u00ed como las estrategias que se utilizaron para su resoluci\u00f3n; promover la colaboraci\u00f3n entre la Universidad e instituciones acad\u00e9micas y organizaciones sociales.<\/span><span data-ccp-props=\"{&quot;469777462&quot;:[708,1416,2124,2832,3540,4248,4956,5664,6372,7080,7788,8496,9204],&quot;469777927&quot;:[0,0,0,0,0,0,0,0,0,0,0,0,0],&quot;469777928&quot;:[1,1,1,1,1,1,1,1,1,1,1,1,1]}\">\u00a0<\/span><\/p>\n<p><span data-contrast=\"none\">En esta jornada participaron acad\u00e9micos y especialistas de universidades de Chile, as\u00ed como la coordinadora de la cl\u00ednica jur\u00eddica de la UNAM, Carina Botta.<\/span><span data-ccp-props=\"{&quot;469777462&quot;:[708,1416,2124,2832,3540,4248,4956,5664,6372,7080,7788,8496,9204],&quot;469777927&quot;:[0,0,0,0,0,0,0,0,0,0,0,0,0],&quot;469777928&quot;:[1,1,1,1,1,1,1,1,1,1,1,1,1]}\">\u00a0<\/span><\/p>\n<p>&nbsp;<\/p>\n<div id=\"attachment_107290\" style=\"width: 732px\" class=\"wp-caption aligncenter\"><a href=\"https:\/\/www.uv.mx\/prensa\/files\/2021\/12\/121221-SEA-Poza-Rica-3.jpg\"><img aria-describedby=\"caption-attachment-107290\" decoding=\"async\" loading=\"lazy\" class=\"size-full wp-image-107290\" src=\"https:\/\/www.uv.mx\/prensa\/files\/2021\/12\/121221-SEA-Poza-Rica-3.jpg\" alt=\"\" width=\"722\" height=\"481\" srcset=\"https:\/\/www.uv.mx\/prensa\/files\/2021\/12\/121221-SEA-Poza-Rica-3.jpg 722w, https:\/\/www.uv.mx\/prensa\/files\/2021\/12\/121221-SEA-Poza-Rica-3-300x200.jpg 300w\" sizes=\"(max-width: 722px) 100vw, 722px\" \/><\/a><p id=\"caption-attachment-107290\" class=\"wp-caption-text\">Acad\u00e9micos de Derecho del SEA Poza Rica participaron en las II Jornadas Nacionales de Ense\u00f1anza de Derecho<\/p><\/div>\n","protected":false},"excerpt":{"rendered":"<p>Acad\u00e9micos de la Licenciatura en Derecho del SEA participaron en las II Jornadas Nacionales de Ense\u00f1anza de Derecho, organizadas por la Pontificia Universidad Cat\u00f3lica de Chile <\/p>\n","protected":false},"author":1508,"featured_media":0,"comment_status":"closed","ping_status":"closed","sticky":false,"template":"","format":"standard","meta":[],"categories":[54],"tags":[],"_links":{"self":[{"href":"https:\/\/www.uv.mx\/prensa\/wp-json\/wp\/v2\/posts\/107288"}],"collection":[{"href":"https:\/\/www.uv.mx\/prensa\/wp-json\/wp\/v2\/posts"}],"about":[{"href":"https:\/\/www.uv.mx\/prensa\/wp-json\/wp\/v2\/types\/post"}],"author":[{"embeddable":true,"href":"https:\/\/www.uv.mx\/prensa\/wp-json\/wp\/v2\/users\/1508"}],"replies":[{"embeddable":true,"href":"https:\/\/www.uv.mx\/prensa\/wp-json\/wp\/v2\/comments?post=107288"}],"version-history":[{"count":1,"href":"https:\/\/www.uv.mx\/prensa\/wp-json\/wp\/v2\/posts\/107288\/revisions"}],"predecessor-version":[{"id":107318,"href":"https:\/\/www.uv.mx\/prensa\/wp-json\/wp\/v2\/posts\/107288\/revisions\/107318"}],"wp:attachment":[{"href":"https:\/\/www.uv.mx\/prensa\/wp-json\/wp\/v2\/media?parent=107288"}],"wp:term":[{"taxonomy":"category","embeddable":true,"href":"https:\/\/www.uv.mx\/prensa\/wp-json\/wp\/v2\/categories?post=107288"},{"taxonomy":"post_tag","embeddable":true,"href":"https:\/\/www.uv.mx\/prensa\/wp-json\/wp\/v2\/tags?post=107288"}],"curies":[{"name":"wp","href":"https:\/\/api.w.org\/{rel}","templated":true}]}}