{"id":107381,"date":"2021-12-10T09:30:13","date_gmt":"2021-12-10T15:30:13","guid":{"rendered":"https:\/\/www.uv.mx\/prensa\/?p=107381"},"modified":"2021-12-14T11:56:26","modified_gmt":"2021-12-14T17:56:26","slug":"investigadores-abordaron-retos-y-expectativas-de-los-posgrados-en-mexico","status":"publish","type":"post","link":"https:\/\/www.uv.mx\/prensa\/general\/investigadores-abordaron-retos-y-expectativas-de-los-posgrados-en-mexico\/","title":{"rendered":"Investigadores abordaron retos y expectativas de los posgrados en M\u00e9xico\u00a0"},"content":{"rendered":"<p>&nbsp;<\/p>\n<ul>\n<li data-leveltext=\"\uf0b7\" data-font=\"Symbol\" data-listid=\"5\" data-aria-posinset=\"1\" data-aria-level=\"1\"><i><span data-contrast=\"auto\">\u201cHoy en d\u00eda,\u00a0una maestr\u00eda o doctorado no garantizan una posici\u00f3n laboral\u201d:\u00a0Alma Maldonado<\/span><\/i><span data-ccp-props=\"{}\">\u00a0<\/span><\/li>\n<li data-leveltext=\"\uf0b7\" data-font=\"Symbol\" data-listid=\"5\" data-aria-posinset=\"2\" data-aria-level=\"1\"><i><span data-contrast=\"auto\">\u201cEs fundamental que estudiantes de posgrado cuenten con una\u00a0<\/span><\/i><i><span data-contrast=\"auto\">\u00f3ptima comprensi\u00f3n lectora y el dominio de una corr<\/span><\/i><i><span data-contrast=\"auto\">ecta articulaci\u00f3n de preguntas\u201d:\u00a0Gloria del Castillo<\/span><\/i><span data-ccp-props=\"{}\">\u00a0<\/span><\/li>\n<li data-leveltext=\"\uf0b7\" data-font=\"Symbol\" data-listid=\"5\" data-aria-posinset=\"3\" data-aria-level=\"1\"><i><span data-contrast=\"auto\">\u201cAlgunas\u00a0instituciones de\u00a0educaci\u00f3n\u00a0superior han construido a trav\u00e9s de d\u00e9cadas proyectos institucionales que tienen la capacidad de atender las problem\u00e1ticas del pa\u00eds\u201d:\u00a0Luis\u00a0Arrioja<\/span><\/i><span data-ccp-props=\"{}\">\u00a0<\/span><\/li>\n<\/ul>\n<p><span data-ccp-props=\"{}\">\u00a0<\/span><\/p>\n<div id=\"attachment_107382\" style=\"width: 732px\" class=\"wp-caption aligncenter\"><img aria-describedby=\"caption-attachment-107382\" decoding=\"async\" loading=\"lazy\" class=\"size-full wp-image-107382\" src=\"https:\/\/www.uv.mx\/prensa\/files\/2021\/12\/091221-Formacion-de-investigadores-1.jpg\" alt=\"\" width=\"722\" height=\"481\" srcset=\"https:\/\/www.uv.mx\/prensa\/files\/2021\/12\/091221-Formacion-de-investigadores-1.jpg 722w, https:\/\/www.uv.mx\/prensa\/files\/2021\/12\/091221-Formacion-de-investigadores-1-300x200.jpg 300w\" sizes=\"(max-width: 722px) 100vw, 722px\" \/><p id=\"caption-attachment-107382\" class=\"wp-caption-text\">Alma Maldonado\u00a0Maldonado<\/p><\/div>\n<p><span data-ccp-props=\"{}\">\u00a0<\/span><\/p>\n<p><b><i><span data-contrast=\"auto\">Carlos Hugo Hermida Rosales<\/span><\/i><\/b><span data-ccp-props=\"{}\">\u00a0<\/span><\/p>\n<p><span data-ccp-props=\"{}\">\u00a0<\/span><\/p>\n<p><b><i><span data-contrast=\"auto\">10\/12\/2021,\u00a0Xalapa, Ver.-\u00a0<\/span><\/i><\/b><span data-contrast=\"auto\">Investigadores de distintas\u00a0instituciones de\u00a0educaci\u00f3n\u00a0superior abordaron retos y algunas cuestiones que afectan a los estudios de posgrado que se ofertan a nivel nacional, dentro de un conversatorio virtual organizado por el\u00a0<a href=\"https:\/\/www.uv.mx\/iihs\/\" target=\"_blank\" rel=\"noopener\">Instituto de Investigaciones Hist\u00f3rico-Sociales<\/a> (IIH-S) de la Universidad Veracruzana (UV), la tarde del 8 de diciembre.<\/span><span data-ccp-props=\"{}\">\u00a0<\/span><\/p>\n<p><span data-contrast=\"auto\">El evento\u00a0\u201cLa formaci\u00f3n de investigadores en M\u00e9xico. Tendencias, retos y expectativas para los posgrados en\u00a0ciencias\u00a0sociales y\u00a0humanidades\u201d, cont\u00f3 con la participaci\u00f3n de\u00a0Alma Maldonado\u00a0Maldonado,\u00a0del Centro de Investigaci\u00f3n y de Estudios Avanzados (<\/span><i><span data-contrast=\"auto\">Cinvestav<\/span><\/i><span data-contrast=\"auto\">) del Instituto Polit\u00e9cnico Nacional;\u00a0Gloria del Castillo Alem\u00e1n, investigadora de la Facultad Latinoamericana de Ciencias Sociales (<\/span><i><span data-contrast=\"auto\">Flacso<\/span><\/i><span data-contrast=\"auto\">),\u00a0y\u00a0Luis\u00a0Alberto\u00a0Arrioja\u00a0D\u00edaz\u00a0Viruell, presidente del\u00a0Colegio de Michoac\u00e1n (<\/span><i><span data-contrast=\"auto\">Colmich<\/span><\/i><span data-contrast=\"auto\">).<\/span><span data-ccp-props=\"{&quot;335559731&quot;:708}\">\u00a0<\/span><\/p>\n<p><span data-contrast=\"auto\">Ernesto Trevi\u00f1o Ronz\u00f3n, investigador del IIH-S, fungi\u00f3 como moderador del conversatorio.\u00a0<\/span><span data-ccp-props=\"{&quot;335559731&quot;:708}\">\u00a0<\/span><\/p>\n<p><span data-contrast=\"auto\">Alma\u00a0Maldonado\u00a0destac\u00f3 que el n\u00famero de estudiantes que cursan un posgrado en M\u00e9xico ha dado un salto impresionante a trav\u00e9s de los a\u00f1os, ya que mientras en 1994 s<\/span><span data-contrast=\"auto\">\u00f3<\/span><span data-contrast=\"auto\">lo\u00a0hab\u00eda alrededor de\u00a0mil 500, en la actualidad existen\u00a0decenas\u00a0de\u00a0miles, tanto en universidades p\u00fablicas como en privadas.\u00a0<\/span><span data-ccp-props=\"{&quot;335559731&quot;:708}\">\u00a0<\/span><\/p>\n<p><span data-contrast=\"auto\">Los posgrados que m<\/span><span data-contrast=\"auto\">\u00e1<\/span><span data-contrast=\"auto\">s han crecido en n\u00famero son aquellos relacionados con la educaci\u00f3n, ya que representan una salida profesional para\u00a0quienes\u00a0desean incursionar o se desempe\u00f1an en la docencia.\u00a0<\/span><span data-ccp-props=\"{&quot;335559731&quot;:708}\">\u00a0<\/span><\/p>\n<p><span data-contrast=\"auto\">La investigadora mencion\u00f3 que debido a la gran\u00a0cantidad\u00a0de egresados y estudiantes de posgrado que existen, una maestr\u00eda o doctorado ya no garantizan una posici\u00f3n laboral hoy en d\u00eda.<\/span><span data-ccp-props=\"{&quot;335559731&quot;:708}\">\u00a0<\/span><\/p>\n<p>&nbsp;<\/p>\n<div id=\"attachment_107383\" style=\"width: 732px\" class=\"wp-caption aligncenter\"><img aria-describedby=\"caption-attachment-107383\" decoding=\"async\" loading=\"lazy\" class=\"size-full wp-image-107383\" src=\"https:\/\/www.uv.mx\/prensa\/files\/2021\/12\/091221-Formacion-de-investigadores-2.jpg\" alt=\"\" width=\"722\" height=\"481\" srcset=\"https:\/\/www.uv.mx\/prensa\/files\/2021\/12\/091221-Formacion-de-investigadores-2.jpg 722w, https:\/\/www.uv.mx\/prensa\/files\/2021\/12\/091221-Formacion-de-investigadores-2-300x200.jpg 300w\" sizes=\"(max-width: 722px) 100vw, 722px\" \/><p id=\"caption-attachment-107383\" class=\"wp-caption-text\">Gloria del Castillo Alem\u00e1n<\/p><\/div>\n<p>&nbsp;<\/p>\n<p><span data-contrast=\"auto\">\u201cEn la actualidad es dif\u00edcil encontrar un trabajo estable donde los estudiantes de posgrado puedan aplicar los conocimientos aprendidos, y en el que\u00a0logren\u00a0utilizar su nivel de especializaci\u00f3n\u201d, puntualiz\u00f3.<\/span><span data-ccp-props=\"{&quot;335559731&quot;:708}\">\u00a0<\/span><\/p>\n<p><span data-contrast=\"auto\">Gloria\u00a0del Castillo declar\u00f3 que es fundamental que los\u00a0alumnos\u00a0de posgrado desarrollen habilidades cognitivas que les ayuden en su labor de investigadores, entre las que se encuentran una \u00f3ptima comprensi\u00f3n lectora y el dominio de una correcta articulaci\u00f3n de preguntas de investigaci\u00f3n.\u00a0<\/span><span data-ccp-props=\"{&quot;335559731&quot;:708}\">\u00a0<\/span><\/p>\n<p><span data-contrast=\"auto\">\u201cQuienes cursan una maestr\u00eda, especialidad o doctorado deben saber c\u00f3mo buscar informaci\u00f3n en funci\u00f3n de su tema de investigaci\u00f3n, pero sobre todo del problema que aborda ese tema.\u201d\u00a0<\/span><span data-ccp-props=\"{&quot;335559731&quot;:708}\">\u00a0<\/span><\/p>\n<p><span data-contrast=\"auto\">Enfatiz\u00f3 que deben ser anal\u00edticos y aprender a rescatar la informaci\u00f3n que otros\u00a0autores desde\u00f1an para construir su propia investigaci\u00f3n.\u00a0<\/span><span data-ccp-props=\"{&quot;335559731&quot;:708}\">\u00a0<\/span><\/p>\n<p><span data-contrast=\"auto\">Luis\u00a0Arrioja\u00a0asegur\u00f3 que\u00a0algunas\u00a0instituciones de\u00a0educaci\u00f3n\u00a0superior han construido a trav\u00e9s de d\u00e9cadas proyectos institucionales que tienen la capacidad de atender las problem\u00e1ticas del pa\u00eds y a la vez de absorber el talento, inquietud e iniciativas en el plano individual de los estudiantes.\u00a0<\/span><span data-ccp-props=\"{&quot;335559731&quot;:708}\">\u00a0<\/span><\/p>\n<p><span data-contrast=\"auto\">Comparti\u00f3 que en el\u00a0<\/span><i><span data-contrast=\"auto\">Colmich<\/span><\/i><span data-contrast=\"auto\">\u00a0manejan una l\u00ednea de investigaci\u00f3n que aborda la violencia\u00a0que impera en Michoac\u00e1n, as\u00ed como\u00a0sus alcances,\u00a0la cual\u00a0permite reflexionar\u00a0en torno a la construcci\u00f3n de una pol\u00edtica\u00a0p\u00fablica\u00a0que\u00a0logre\u00a0contenerla, pero tambi\u00e9n desde un escenario para\u00a0sobrellevar esta situaci\u00f3n\u00a0que\u00a0es parte de la realidad\u00a0de esa entidad federativa.<\/span><span data-ccp-props=\"{&quot;335559731&quot;:708}\">\u00a0<\/span><\/p>\n<p><span data-ccp-props=\"{}\">\u00a0<\/span><\/p>\n<div id=\"attachment_107384\" style=\"width: 732px\" class=\"wp-caption aligncenter\"><img aria-describedby=\"caption-attachment-107384\" decoding=\"async\" loading=\"lazy\" class=\"size-full wp-image-107384\" src=\"https:\/\/www.uv.mx\/prensa\/files\/2021\/12\/091221-Formacion-de-investigadores-3.jpg\" alt=\"\" width=\"722\" height=\"481\" srcset=\"https:\/\/www.uv.mx\/prensa\/files\/2021\/12\/091221-Formacion-de-investigadores-3.jpg 722w, https:\/\/www.uv.mx\/prensa\/files\/2021\/12\/091221-Formacion-de-investigadores-3-300x200.jpg 300w\" sizes=\"(max-width: 722px) 100vw, 722px\" \/><p id=\"caption-attachment-107384\" class=\"wp-caption-text\">Luis Alberto Arrioja D\u00edaz Viruell<\/p><\/div>\n","protected":false},"excerpt":{"rendered":"<p>Los posgrados que m\u00e1s han crecido en n\u00famero son aquellos relacionados con la educaci\u00f3n, ya que representan una salida profesional para quienes se desempe\u00f1an en la docencia.\u00a0<\/p>\n","protected":false},"author":1869,"featured_media":0,"comment_status":"closed","ping_status":"closed","sticky":false,"template":"","format":"standard","meta":[],"categories":[1],"tags":[],"_links":{"self":[{"href":"https:\/\/www.uv.mx\/prensa\/wp-json\/wp\/v2\/posts\/107381"}],"collection":[{"href":"https:\/\/www.uv.mx\/prensa\/wp-json\/wp\/v2\/posts"}],"about":[{"href":"https:\/\/www.uv.mx\/prensa\/wp-json\/wp\/v2\/types\/post"}],"author":[{"embeddable":true,"href":"https:\/\/www.uv.mx\/prensa\/wp-json\/wp\/v2\/users\/1869"}],"replies":[{"embeddable":true,"href":"https:\/\/www.uv.mx\/prensa\/wp-json\/wp\/v2\/comments?post=107381"}],"version-history":[{"count":1,"href":"https:\/\/www.uv.mx\/prensa\/wp-json\/wp\/v2\/posts\/107381\/revisions"}],"predecessor-version":[{"id":107388,"href":"https:\/\/www.uv.mx\/prensa\/wp-json\/wp\/v2\/posts\/107381\/revisions\/107388"}],"wp:attachment":[{"href":"https:\/\/www.uv.mx\/prensa\/wp-json\/wp\/v2\/media?parent=107381"}],"wp:term":[{"taxonomy":"category","embeddable":true,"href":"https:\/\/www.uv.mx\/prensa\/wp-json\/wp\/v2\/categories?post=107381"},{"taxonomy":"post_tag","embeddable":true,"href":"https:\/\/www.uv.mx\/prensa\/wp-json\/wp\/v2\/tags?post=107381"}],"curies":[{"name":"wp","href":"https:\/\/api.w.org\/{rel}","templated":true}]}}