{"id":107501,"date":"2021-12-20T11:08:40","date_gmt":"2021-12-20T17:08:40","guid":{"rendered":"https:\/\/www.uv.mx\/prensa\/?p=107501"},"modified":"2021-12-21T13:09:35","modified_gmt":"2021-12-21T19:09:35","slug":"impi-otorgo-patente-a-proyecto-realizado-en-la-fime-uv","status":"publish","type":"post","link":"https:\/\/www.uv.mx\/prensa\/banner\/impi-otorgo-patente-a-proyecto-realizado-en-la-fime-uv\/","title":{"rendered":"IMPI otorg\u00f3 patente a proyecto realizado en la FIME-UV"},"content":{"rendered":"<style type=\"text\/css\">\n  blockquote p { color: #28519b; font-family: helvetica; font-size: 1.4em; }<br \/><\/style>\n<ul>\n<li data-leveltext=\"\uf0b7\" data-font=\"Symbol\" data-listid=\"5\" data-aria-posinset=\"1\" data-aria-level=\"1\"><i><span data-contrast=\"auto\">Lleva por nombre \u201cSistema mec\u00e1nico para desgarre de envolturas de material flexible\u201d<\/span><\/i><span data-ccp-props=\"{}\">\u00a0<\/span><\/li>\n<li data-leveltext=\"\uf0b7\" data-font=\"Symbol\" data-listid=\"5\" data-aria-posinset=\"2\" data-aria-level=\"1\"><i><span data-contrast=\"auto\">La solicitud de registro se present\u00f3 ante el IMPI en septiembre de 2016, y el 1 de noviembre de este a\u00f1o les notificaron que hab\u00eda sido otorgada por 20 a\u00f1os<\/span><\/i><span data-ccp-props=\"{}\">\u00a0<\/span><\/li>\n<\/ul>\n<p><span data-ccp-props=\"{}\">\u00a0<\/span><\/p>\n<div id=\"attachment_107502\" style=\"width: 382px\" class=\"wp-caption aligncenter\"><a href=\"https:\/\/www.uv.mx\/prensa\/banner\/impi-otorgo-patente-a-proyecto-realizado-en-la-fime-uv\/attachment\/161221-patente-fime-1-100k\/\" rel=\"attachment wp-att-107502\"><img aria-describedby=\"caption-attachment-107502\" decoding=\"async\" loading=\"lazy\" class=\"size-full wp-image-107502\" src=\"https:\/\/www.uv.mx\/prensa\/files\/2021\/12\/161221-Patente-FIME-1-100k.jpg\" alt=\"Ervin Jes\u00fas \u00c1lvarez S\u00e1nchez\" width=\"372\" height=\"480\" srcset=\"https:\/\/www.uv.mx\/prensa\/files\/2021\/12\/161221-Patente-FIME-1-100k.jpg 372w, https:\/\/www.uv.mx\/prensa\/files\/2021\/12\/161221-Patente-FIME-1-100k-233x300.jpg 233w\" sizes=\"(max-width: 372px) 100vw, 372px\" \/><\/a><p id=\"caption-attachment-107502\" class=\"wp-caption-text\">Ervin Jes\u00fas \u00c1lvarez S\u00e1nchez<\/p><\/div>\n<p>&nbsp;<\/p>\n<blockquote><p><span data-contrast=\"auto\">Este sistema permite a un cami\u00f3n recolector de basura separar los residuos sin que los trabajadores usen sus manos, as\u00ed evitan cortaduras con vidrios, agujas o latas y se reducen los riesgos sanitarios que esto conlleva<\/span><\/p><\/blockquote>\n<p>&nbsp;<\/p>\n<blockquote><p><span data-contrast=\"auto\">Ervin<\/span><span data-contrast=\"auto\">\u00a0\u00c1lvarez<\/span><span data-contrast=\"auto\">\u00a0comparti\u00f3 que durante el proceso de registro de patente los desarrolladores de esta idea recibieron apoyo total de la Oficina de Transferencia de Tecnolog\u00eda de la Direcci\u00f3n General de Vinculaci\u00f3n (DGV), que los capacit\u00f3 y apoy\u00f3 en todo momento<\/span><span data-ccp-props=\"{}\">\u00a0<\/span><\/p><\/blockquote>\n<p><span data-ccp-props=\"{}\">\u00a0<\/span><\/p>\n<p><b><i><span data-contrast=\"auto\">Carlos Hugo Hermida Rosales<\/span><\/i><\/b><span data-ccp-props=\"{}\">\u00a0<\/span><\/p>\n<p><b><i><span data-contrast=\"auto\">20\/12\/2021, Xalapa,\u00a0Ver.-\u00a0<\/span><\/i><\/b><span data-contrast=\"auto\">Acad\u00e9micos de la <a href=\"https:\/\/www.uv.mx\/fime\/\" target=\"_blank\" rel=\"noopener\">Facultad de Ingenier\u00eda Mec\u00e1nica y El\u00e9ctrica<\/a> (FIME) de la Universidad Veracruzana (UV) obtuvieron por parte del Instituto Mexicano de la Propiedad Industrial (IMPI) la patente de un sistema que permite mejorar el manejo de residuos dom\u00e9sticos.<\/span><span data-ccp-props=\"{}\">\u00a0<\/span><\/p>\n<p><span data-contrast=\"auto\">Este proyecto,\u00a0que lleva por nombre \u201cSistema mec\u00e1nico para desgarre de\u00a0envolturas de material flexible\u201d,\u00a0fue desarrollado por\u00a0Ervin\u00a0Jes\u00fas \u00c1lvarez S\u00e1nchez,\u00a0Andr\u00e9s L\u00f3pez Vel\u00e1zquez\u00a0y\u00a0Rosario Aldana Franco, catedr\u00e1ticos adscritos al\u00a0cuerpo\u00a0acad\u00e9mico (CA) Ingenier\u00eda\u00a0Transdisciplinar\u00a0de la FIME, y el ingeniero\u00a0mec\u00e1nico\u00a0el\u00e9ctrico\u00a0Francisco Javier Portilla Hern\u00e1ndez.<\/span><span data-ccp-props=\"{&quot;335559731&quot;:708}\">\u00a0<\/span><\/p>\n<p><span data-contrast=\"auto\">En la redacci\u00f3n de la solicitud de patente\u00a0colabor\u00f3\u00a0Armando Aburto Meneses, egresado de la entidad acad\u00e9mica mencionada.<\/span><span data-ccp-props=\"{&quot;335559731&quot;:708}\">\u00a0<\/span><\/p>\n<p><span data-contrast=\"auto\">Ervin<\/span><span data-contrast=\"auto\">\u00a0\u00c1lvarez<\/span><span data-contrast=\"auto\">\u00a0explic\u00f3 que\u00a0<\/span><span data-contrast=\"auto\">este sistema permite a un cami\u00f3n recolector de basura\u00a0separar los residuos\u00a0sin que los\u00a0trabajadores\u00a0usen\u00a0sus manos,\u00a0as\u00ed\u00a0evitan cortaduras con vidrios, agujas o latas y\u00a0se\u00a0reducen los riesgos sanitarios que\u00a0esto\u00a0conlleva.<\/span><span data-ccp-props=\"{&quot;335559731&quot;:708}\">\u00a0<\/span><\/p>\n<p><span data-contrast=\"auto\">Est\u00e1 compuesto por unas cuchillas giratorias que rasgan las bolsas de pl\u00e1stico que se deslizan a trav\u00e9s de un plano inclinado por efecto de la fuerza de gravedad; este proceso libera su contenido y a\u00edsla las bolsas, con lo que se impide que lleguen a los vertederos, ayudando a su reciclaje.<\/span><span data-ccp-props=\"{&quot;335559731&quot;:708}\">\u00a0<\/span><\/p>\n<p><span data-contrast=\"auto\">Las\u00a0cuchillas poseen \u00e1ngulos y velocidades variables que se adaptan a las dimensiones de las bolsas,\u00a0y\u00a0permiten a un operador manejar la inclinaci\u00f3n desde una estaci\u00f3n de\u00a0trabajo de forma automatizada.<\/span><span data-ccp-props=\"{&quot;335559731&quot;:708}\">\u00a0<\/span><\/p>\n<p><span data-contrast=\"auto\">El acad\u00e9mico\u00a0mencion\u00f3\u00a0que este proyecto inici\u00f3 en 2014 con\u00a0el\u00a0acercamiento\u00a0a una empresa que realiz\u00f3 un convenio para que la UV le ayudara a mejorar los sistemas de sus maquinarias.<\/span><\/p>\n<div id=\"attachment_107506\" style=\"width: 732px\" class=\"wp-caption aligncenter\"><a href=\"https:\/\/www.uv.mx\/prensa\/banner\/impi-otorgo-patente-a-proyecto-realizado-en-la-fime-uv\/attachment\/161221-patente-fime-2a\/\" rel=\"attachment wp-att-107506\"><img aria-describedby=\"caption-attachment-107506\" decoding=\"async\" loading=\"lazy\" class=\"size-full wp-image-107506\" src=\"https:\/\/www.uv.mx\/prensa\/files\/2021\/12\/161221-Patente-FIME-2a.jpg\" alt=\"Este sistema permite mejorar el manejo de residuos dom\u00e9sticos \" width=\"722\" height=\"351\" srcset=\"https:\/\/www.uv.mx\/prensa\/files\/2021\/12\/161221-Patente-FIME-2a.jpg 722w, https:\/\/www.uv.mx\/prensa\/files\/2021\/12\/161221-Patente-FIME-2a-300x146.jpg 300w\" sizes=\"(max-width: 722px) 100vw, 722px\" \/><\/a><p id=\"caption-attachment-107506\" class=\"wp-caption-text\">Este sistema permite mejorar el manejo de residuos dom\u00e9sticos<\/p><\/div>\n<p>&nbsp;<\/p>\n<p><span data-contrast=\"auto\">\u201cCon este\u00a0trabajo descubrimos que a trav\u00e9s de un sistema se pod\u00eda mejorar la separaci\u00f3n de basura, y nos dimos a la tarea de aterrizar ideas y realizar los primeros bosquejos\u201d, coment\u00f3.<\/span><span data-ccp-props=\"{&quot;335559731&quot;:708}\">\u00a0<\/span><\/p>\n<p><span data-contrast=\"auto\">Ervin<\/span><span data-contrast=\"auto\">\u00a0\u00c1lvarez<\/span><span data-contrast=\"auto\">\u00a0comparti\u00f3 que durante el proceso de registro de patente los desarrolladores de esta idea recibieron apoyo total de la Oficina de Transferencia de Tecnolog\u00eda de la Direcci\u00f3n General de Vinculaci\u00f3n\u00a0(DGV),\u00a0que los capacit\u00f3 y apoy\u00f3 en todo momento.<\/span><span data-ccp-props=\"{&quot;335559731&quot;:708}\">\u00a0<\/span><\/p>\n<p><span data-contrast=\"auto\">La solicitud de registro se present\u00f3 ante el IMPI en septiembre de 2016, y el 1 de noviembre de este a\u00f1o les notificaron que\u00a0hab\u00eda sido otorgada por 20 a\u00f1os.<\/span><span data-ccp-props=\"{&quot;335559731&quot;:708}\">\u00a0<\/span><\/p>\n<p><span data-contrast=\"auto\">El docente declar\u00f3 que la obtenci\u00f3n de esta patente fue posible gracias a un esfuerzo colaborativo, y que con este logro se demuestra que en la UV se crea nueva tecnolog\u00eda.<\/span><span data-ccp-props=\"{&quot;335559731&quot;:708}\">\u00a0<\/span><\/p>\n<p><span data-contrast=\"auto\">\u201cGeneralmente\u00a0se piensa que los acad\u00e9micos s\u00f3lo damos clases, pero alterno a ello realizamos actividades de investigaci\u00f3n y desarrollo tecnol\u00f3gico con impacto social\u201d, enfatiz\u00f3.<\/span><span data-ccp-props=\"{&quot;335559731&quot;:708}\">\u00a0<\/span><\/p>\n<p><span data-contrast=\"auto\">Mencion\u00f3 que los\u00a0creadores de este sistema trabajar\u00e1n de la mano con la DGV para comercializarlo y obtener recursos extra que ser\u00e1n de gran ayuda para la UV, y as\u00ed poder retribuir en algo a la casa\u00a0de estudios que les da trabajo y permite crecer profesionalmente.<\/span><span data-ccp-props=\"{&quot;335559731&quot;:708}\">\u00a0<\/span><\/p>\n","protected":false},"excerpt":{"rendered":"<p>Lo desarrollaron Ervin \u00c1lvarez, Andr\u00e9s L\u00f3pez, Rosario Aldana y Francisco Portilla <\/p>\n","protected":false},"author":1775,"featured_media":107505,"comment_status":"closed","ping_status":"closed","sticky":false,"template":"","format":"standard","meta":[],"categories":[61,6299],"tags":[712,4161,2189,270,118,1564,6293,6291,6292],"_links":{"self":[{"href":"https:\/\/www.uv.mx\/prensa\/wp-json\/wp\/v2\/posts\/107501"}],"collection":[{"href":"https:\/\/www.uv.mx\/prensa\/wp-json\/wp\/v2\/posts"}],"about":[{"href":"https:\/\/www.uv.mx\/prensa\/wp-json\/wp\/v2\/types\/post"}],"author":[{"embeddable":true,"href":"https:\/\/www.uv.mx\/prensa\/wp-json\/wp\/v2\/users\/1775"}],"replies":[{"embeddable":true,"href":"https:\/\/www.uv.mx\/prensa\/wp-json\/wp\/v2\/comments?post=107501"}],"version-history":[{"count":1,"href":"https:\/\/www.uv.mx\/prensa\/wp-json\/wp\/v2\/posts\/107501\/revisions"}],"predecessor-version":[{"id":107806,"href":"https:\/\/www.uv.mx\/prensa\/wp-json\/wp\/v2\/posts\/107501\/revisions\/107806"}],"wp:featuredmedia":[{"embeddable":true,"href":"https:\/\/www.uv.mx\/prensa\/wp-json\/wp\/v2\/media\/107505"}],"wp:attachment":[{"href":"https:\/\/www.uv.mx\/prensa\/wp-json\/wp\/v2\/media?parent=107501"}],"wp:term":[{"taxonomy":"category","embeddable":true,"href":"https:\/\/www.uv.mx\/prensa\/wp-json\/wp\/v2\/categories?post=107501"},{"taxonomy":"post_tag","embeddable":true,"href":"https:\/\/www.uv.mx\/prensa\/wp-json\/wp\/v2\/tags?post=107501"}],"curies":[{"name":"wp","href":"https:\/\/api.w.org\/{rel}","templated":true}]}}