{"id":107599,"date":"2021-12-18T08:00:00","date_gmt":"2021-12-18T14:00:00","guid":{"rendered":"https:\/\/www.uv.mx\/prensa\/?p=107599"},"modified":"2021-12-21T14:07:43","modified_gmt":"2021-12-21T20:07:43","slug":"egresada-propone-arte-como-herramienta-para-visibilizar-el-feminicidio","status":"publish","type":"post","link":"https:\/\/www.uv.mx\/prensa\/banner\/egresada-propone-arte-como-herramienta-para-visibilizar-el-feminicidio\/","title":{"rendered":"Egresada propone arte como herramienta para visibilizar el feminicidio"},"content":{"rendered":"<ul>\n<li data-leveltext=\"\uf0b7\" data-font=\"Symbol\" data-listid=\"1\" data-aria-posinset=\"1\" data-aria-level=\"1\"><i><span data-contrast=\"auto\">Gracias a su\u00a0propuesta,\u00a0Yumali\u00a0Misleyda\u00a0Torres Le\u00f3n\u00a0recibi\u00f3 el\u00a0Premio \u201cArte, Ciencia, Luz\u201d\u00a02021<\/span><\/i><span data-ccp-props=\"{&quot;134233279&quot;:true,&quot;201341983&quot;:0,&quot;335559739&quot;:160,&quot;335559740&quot;:240}\">\u00a0<\/span><\/li>\n<\/ul>\n<p><span data-ccp-props=\"{&quot;134233279&quot;:true,&quot;201341983&quot;:0,&quot;335559739&quot;:160,&quot;335559740&quot;:240}\">\u00a0<\/span><\/p>\n<div id=\"attachment_107600\" style=\"width: 732px\" class=\"wp-caption aligncenter\"><a href=\"https:\/\/www.uv.mx\/prensa\/files\/2021\/12\/091221-Yumali-PCAL-OK-100k.jpg\" target=\"_blank\" rel=\"attachment noopener wp-att-107600\"><img aria-describedby=\"caption-attachment-107600\" decoding=\"async\" loading=\"lazy\" class=\"wp-image-107600 size-full\" src=\"https:\/\/www.uv.mx\/prensa\/files\/2021\/12\/091221-Yumali-PCAL-OK-100k.jpg\" alt=\"\u201cEs un homenaje a las mujeres v\u00edctimas de feminicidio\u201d, expuso la egresada de la UV \" width=\"722\" height=\"486\" srcset=\"https:\/\/www.uv.mx\/prensa\/files\/2021\/12\/091221-Yumali-PCAL-OK-100k.jpg 722w, https:\/\/www.uv.mx\/prensa\/files\/2021\/12\/091221-Yumali-PCAL-OK-100k-300x202.jpg 300w\" sizes=\"(max-width: 722px) 100vw, 722px\" \/><\/a><p id=\"caption-attachment-107600\" class=\"wp-caption-text\">\u201cEs un homenaje a las mujeres v\u00edctimas de feminicidio\u201d, expuso la egresada de la UV<\/p><\/div>\n<p>&nbsp;<\/p>\n<p><b><i><span data-contrast=\"auto\">Karina de la Paz Reyes D\u00edaz<\/span><\/i><\/b><span data-ccp-props=\"{&quot;134233279&quot;:true,&quot;201341983&quot;:0,&quot;335559739&quot;:160,&quot;335559740&quot;:240}\">\u00a0<\/span><\/p>\n<p><b><i><span data-contrast=\"auto\">18\/12\/2021, Xalapa,\u00a0Ver.-<\/span><\/i><\/b><span data-contrast=\"auto\">\u00a0Yumali\u00a0Misleyda\u00a0Torres\u00a0Le\u00f3n\u00a0gan\u00f3\u00a0el Premio \u201cArte, Ciencia, Luz\u201d al mejor trabajo\u00a0recepcional\u00a02021 de\u00a0la Universidad Veracruzana (UV), nivel Licenciatura\u00a0del\u00a0\u00c1rea Acad\u00e9mica de Artes,\u00a0con el proyecto \u201cMemorias. Intervenciones urbanas en relaci\u00f3n con 6 casos de feminicidio en Xalapa, del a\u00f1o 2017 al 2019\u201d.<\/span><span data-ccp-props=\"{&quot;134233279&quot;:true,&quot;201341983&quot;:0,&quot;335559739&quot;:160,&quot;335559740&quot;:240}\">\u00a0<\/span><\/p>\n<p><span data-contrast=\"auto\">Adem\u00e1s, es la primera mujer egresada del programa educativo de Artes Visuales, adscrito a\u00a0la <a href=\"https:\/\/www.uv.mx\/artesplasticas\/\" target=\"_blank\" rel=\"noopener\">Facultad de Artes Pl\u00e1sticas<\/a> (FAP) de la UV,\u00a0que obtiene el galard\u00f3n.<\/span><span data-ccp-props=\"{&quot;134233279&quot;:true,&quot;201341983&quot;:0,&quot;335559739&quot;:160,&quot;335559740&quot;:240}\">\u00a0<\/span><\/p>\n<p><span data-contrast=\"auto\">Relat\u00f3 que\u00a0al\u00a0tener\u00a0que decidir cu\u00e1l ser\u00eda el\u00a0trabajo pr\u00e1ctico art\u00edstico\u00a0para obtener su t\u00edtulo de licenciatura, los medios de comunicaci\u00f3n daban cuenta del aumento de feminicidios en esta ciudad;\u00a0su preocupaci\u00f3n y alarma por\u00a0c\u00f3mo se informaba de los sucesos la llevaron a optar por un proyecto\u00a0de\u00a0visibilizaci\u00f3n\u00a0y defensa de la memoria\u00a0de\u00a0las\u00a0mujeres asesinadas.<\/span><span data-ccp-props=\"{&quot;134233279&quot;:true,&quot;201341983&quot;:0,&quot;335559731&quot;:708,&quot;335559739&quot;:160,&quot;335559740&quot;:240}\">\u00a0<\/span><\/p>\n<p><span data-contrast=\"auto\">\u201cMe\u00a0interesaba\u00a0hacer algo m\u00e1s social, no tan personal, porque creo que el arte se ha olvidado un poco de las cuestiones sociales\u00a0y a veces se muestra m\u00e1s individualista\u201d, comparti\u00f3\u00a0Yumali, de 24 a\u00f1os de edad y oriunda de Coatepec.<\/span><span data-ccp-props=\"{&quot;134233279&quot;:true,&quot;201341983&quot;:0,&quot;335559739&quot;:160,&quot;335559740&quot;:240}\">\u00a0<\/span><\/p>\n<p><span data-contrast=\"auto\">\u201cJusto en ese momento, en el que yo estaba decidiendo mi tema para proyecto, estaban sucediendo muchos feminicidios en Xalapa, entonces me preocupaba mucho salir a la calle, ve\u00eda notas rojas en los peri\u00f3dicos y me alarmaba\u00a0la idea de\u00a0c\u00f3mo\u00a0los\u00a0difund\u00edan.<\/span><span data-ccp-props=\"{&quot;134233279&quot;:true,&quot;201341983&quot;:0,&quot;335559739&quot;:160,&quot;335559740&quot;:240}\">\u00a0<\/span><\/p>\n<p><span data-contrast=\"auto\">\u201dEntonces, dije \u2018a trav\u00e9s de la imagen femenina que ya manejo har\u00e9 algo que tenga que ver con este tema\u2019, que es realmente muy doloroso, pero que no sea\u00a0violento\u00a0como lo muestran los peri\u00f3dicos, sino\u00a0emp\u00e1tico con los familiares\u00a0y desde la mirada art\u00edstica\u201d, narr\u00f3.<\/span><span data-ccp-props=\"{&quot;134233279&quot;:true,&quot;201341983&quot;:0,&quot;335559739&quot;:160,&quot;335559740&quot;:240}\">\u00a0<\/span><\/p>\n<p><span data-contrast=\"auto\">En el\u00a0resumen del\u00a0documento\u00a0especifica:\u00a0\u201cEste proyecto visibiliz\u00f3 y defendi\u00f3 la memoria de\u00a0seis casos de mujeres v\u00edctimas de feminicidio en\u00a0Xalapa, ocurridos de 2017 a 2019, a partir de seis\u00a0intervenciones de car\u00e1cter figurativo pegadas en las\u00a0calles de Xalapa y\u00a0de la investigaci\u00f3n del panorama\u00a0del feminicidio, del discurso de la artista Doris Salcedo\u00a0sobre la memoria y de las obras de M\u00f3nica Mayer\u201d.<\/span><span data-ccp-props=\"{&quot;134233279&quot;:true,&quot;201341983&quot;:0,&quot;335559739&quot;:160,&quot;335559740&quot;:240}\">\u00a0<\/span><\/p>\n<p><span data-contrast=\"auto\">Dicho documento\u00a0est\u00e1 dividido en tres cap\u00edtulos: investig\u00f3 la historia del feminicidio en M\u00e9xico y de la ciudad de Xalapa, entre los a\u00f1os 1916 al 2020; profundiz\u00f3 en la relaci\u00f3n que existe entre el arte y la violencia de g\u00e9nero, lo que la llev\u00f3 a estudiar la obra de\u00a0autoras contempor\u00e1neas\u00a0como Doris Salcedo y\u00a0M\u00f3nica Mayer; y el\u00a0feminicidio en Xalapa,\u00a0con\u00a0los casos que valor\u00f3 y la selecci\u00f3n\u00a0de seis\u00a0de \u00e9stos\u00a0para hacerlos obras\u00a0con\u00a0un formato de 80\u00a0x 120\u00a0cent\u00edmetros, que formar\u00e1n parte del paisaje urbano en la ciudad.<\/span><span data-ccp-props=\"{&quot;134233279&quot;:true,&quot;201341983&quot;:0,&quot;335559739&quot;:160,&quot;335559740&quot;:240}\">\u00a0<\/span><\/p>\n<p><span data-contrast=\"auto\">Las seis obras van acompa\u00f1adas de un texto\u00a0descriptivo,\u00a0autor\u00eda\u00a0de\u00a0seis diferentes personas que\u00a0eligi\u00f3\u00a0para que reinterpretaran los casos de feminicidio.\u00a0\u201cLo hice para saber la opini\u00f3n de m\u00e1s personas sobre mi proyecto, no\u00a0s\u00f3lo la m\u00eda\u201d, comparti\u00f3.<\/span><span data-ccp-props=\"{&quot;134233279&quot;:true,&quot;201341983&quot;:0,&quot;335559739&quot;:160,&quot;335559740&quot;:240}\">\u00a0<\/span><\/p>\n<p><span data-contrast=\"auto\">Yumali\u00a0logr\u00f3 el grado\u00a0en agosto de\u00a02020, en plena pandemia,\u00a0y en\u00a0su tesis\u00a0se aprecian\u00a0s\u00f3lo las\u00a0propuestas de montaje de las obras\u00a0en las calles\u00a0de Xalapa\u00a0\u2013intervenciones de car\u00e1cter figurativo, las llam\u00f3\u2013, por ello su\u00a0alegr\u00eda\u00a0y gran entusiasmo de haber logrado el\u00a0Premio \u201cArte, Ciencia, Luz\u201d\u00a02021, pues\u00a0eso\u00a0le permitir\u00e1 hacerlo realidad.<\/span><span data-ccp-props=\"{&quot;134233279&quot;:true,&quot;201341983&quot;:0,&quot;335559739&quot;:160,&quot;335559740&quot;:240}\">\u00a0<\/span><\/p>\n<p><span data-contrast=\"auto\">\u201cUna de las malas jugadas que me hizo la pandemia\u00a0fue\u00a0pausar\u00a0el proyecto, de ah\u00ed que me ha motivado mucho ganar el\u00a0premio, porque con el dinero que me dar\u00e1n\u00a0planteo llevarlo a la calle, mostrarlo, porque eso es\u00a0lo m\u00e1s importante: visibilizarlo en las calles.\u201d<\/span><span data-ccp-props=\"{&quot;134233279&quot;:true,&quot;201341983&quot;:0,&quot;335559739&quot;:160,&quot;335559740&quot;:240}\">\u00a0<\/span><\/p>\n<p><span data-contrast=\"auto\">Para\u00a0Yumali,\u00a0como lo dice el\u00a0nombre\u00a0del premio,\u00a0se\u00a0trata de una luz,\u00a0pues desarrollar este\u00a0trabajo pr\u00e1ctico art\u00edstico\u00a0le ha causado\u00a0d\u00edas de tristeza, llanto y sentirse\u00a0sumamente\u00a0afectada emocionalmente. \u201cPor eso no quer\u00eda evocar tanto dolor\u00a0en\u00a0la imagen,\u00a0sino\u00a0que hubiese paz, pero s\u00ed, fue muy complicado\u201d, comparti\u00f3 con voz conmovida.<\/span><span data-ccp-props=\"{&quot;134233279&quot;:true,&quot;201341983&quot;:0,&quot;335559739&quot;:160,&quot;335559740&quot;:240}\">\u00a0<\/span><\/p>\n<p><span data-contrast=\"auto\">M\u00e1s a\u00fan,\u00a0Yumali\u00a0desea\u00a0que su proyecto sea un parteaguas no s\u00f3lo para\u00a0los\u00a0estudiantes\u00a0del \u00c1rea Acad\u00e9mica de Artes, sino\u00a0de\u00a0cualquier otra disciplina,\u00a0y busquen\u00a0otras\u00a0maneras de\u00a0hablar sobre\u00a0problem\u00e1ticas sociales.<\/span><span data-ccp-props=\"{&quot;134233279&quot;:true,&quot;201341983&quot;:0,&quot;335559739&quot;:160,&quot;335559740&quot;:240}\">\u00a0<\/span><\/p>\n<p><span data-contrast=\"auto\">Este trabajo\u00a0fue dirigido por el acad\u00e9mico de la UV,\u00a0Manuel de Jes\u00fas Vel\u00e1zquez Torres.\u00a0La universitaria lo present\u00f3 en agosto pasado y le fue otorgado el grado de Licenciada en Artes Visuales.<\/span><span data-ccp-props=\"{&quot;134233279&quot;:true,&quot;201341983&quot;:0,&quot;335559731&quot;:708,&quot;335559739&quot;:160,&quot;335559740&quot;:240}\">\u00a0<\/span><\/p>\n","protected":false},"excerpt":{"rendered":"<p>\u201cMe interesaba hacer algo m\u00e1s social, no tan personal, porque creo que el arte se ha olvidado un poco de las cuestiones sociales y a veces se muestra m\u00e1s individualista\u201d: Yumali Torres Le\u00f3n <\/p>\n","protected":false},"author":1775,"featured_media":107601,"comment_status":"closed","ping_status":"closed","sticky":false,"template":"","format":"standard","meta":[],"categories":[6301,61],"tags":[450,5541,6318,1476,103,4015,6317,721,1136,5574,6316],"_links":{"self":[{"href":"https:\/\/www.uv.mx\/prensa\/wp-json\/wp\/v2\/posts\/107599"}],"collection":[{"href":"https:\/\/www.uv.mx\/prensa\/wp-json\/wp\/v2\/posts"}],"about":[{"href":"https:\/\/www.uv.mx\/prensa\/wp-json\/wp\/v2\/types\/post"}],"author":[{"embeddable":true,"href":"https:\/\/www.uv.mx\/prensa\/wp-json\/wp\/v2\/users\/1775"}],"replies":[{"embeddable":true,"href":"https:\/\/www.uv.mx\/prensa\/wp-json\/wp\/v2\/comments?post=107599"}],"version-history":[{"count":1,"href":"https:\/\/www.uv.mx\/prensa\/wp-json\/wp\/v2\/posts\/107599\/revisions"}],"predecessor-version":[{"id":107813,"href":"https:\/\/www.uv.mx\/prensa\/wp-json\/wp\/v2\/posts\/107599\/revisions\/107813"}],"wp:featuredmedia":[{"embeddable":true,"href":"https:\/\/www.uv.mx\/prensa\/wp-json\/wp\/v2\/media\/107601"}],"wp:attachment":[{"href":"https:\/\/www.uv.mx\/prensa\/wp-json\/wp\/v2\/media?parent=107599"}],"wp:term":[{"taxonomy":"category","embeddable":true,"href":"https:\/\/www.uv.mx\/prensa\/wp-json\/wp\/v2\/categories?post=107599"},{"taxonomy":"post_tag","embeddable":true,"href":"https:\/\/www.uv.mx\/prensa\/wp-json\/wp\/v2\/tags?post=107599"}],"curies":[{"name":"wp","href":"https:\/\/api.w.org\/{rel}","templated":true}]}}