{"id":107608,"date":"2021-12-24T08:00:12","date_gmt":"2021-12-24T14:00:12","guid":{"rendered":"https:\/\/www.uv.mx\/prensa\/?p=107608"},"modified":"2022-01-07T10:49:06","modified_gmt":"2022-01-07T16:49:06","slug":"las-tic-pueden-agilizar-el-acceso-a-la-justicia-nora-ponce","status":"publish","type":"post","link":"https:\/\/www.uv.mx\/prensa\/derechos-humanos\/las-tic-pueden-agilizar-el-acceso-a-la-justicia-nora-ponce\/","title":{"rendered":"Las\u00a0TIC pueden agilizar el acceso\u00a0a\u00a0la\u00a0justicia: Nora Ponce\u00a0"},"content":{"rendered":"<p>&nbsp;<\/p>\n<ul>\n<li data-leveltext=\"\uf0b7\" data-font=\"Symbol\" data-listid=\"1\" data-aria-posinset=\"1\" data-aria-level=\"1\"><i><span data-contrast=\"auto\">La pandemia\u00a0de\u00a0Covid-19 ocasion\u00f3 un rezago en el avance de los juicios<\/span><\/i><span data-ccp-props=\"{&quot;134233279&quot;:true}\">\u00a0<\/span><\/li>\n<li data-leveltext=\"\uf0b7\" data-font=\"Symbol\" data-listid=\"1\" data-aria-posinset=\"2\" data-aria-level=\"1\"><i><span data-contrast=\"auto\">\u201cLos procesos ser\u00edan m\u00e1s agiles, habr\u00eda una econom\u00eda procesal, reducci\u00f3n de archivos, reducci\u00f3n y econom\u00eda de expedientes\u201d<\/span><\/i><span data-ccp-props=\"{&quot;134233279&quot;:true}\">\u00a0<\/span><\/li>\n<\/ul>\n<p><span data-ccp-props=\"{}\">\u00a0<\/span><\/p>\n<div id=\"attachment_107609\" style=\"width: 732px\" class=\"wp-caption aligncenter\"><img aria-describedby=\"caption-attachment-107609\" decoding=\"async\" loading=\"lazy\" class=\"size-full wp-image-107609\" src=\"https:\/\/www.uv.mx\/prensa\/files\/2021\/12\/071221-Digitalizacion-procedimientos-judiciales.jpg\" alt=\"\" width=\"722\" height=\"405\" srcset=\"https:\/\/www.uv.mx\/prensa\/files\/2021\/12\/071221-Digitalizacion-procedimientos-judiciales.jpg 722w, https:\/\/www.uv.mx\/prensa\/files\/2021\/12\/071221-Digitalizacion-procedimientos-judiciales-300x168.jpg 300w\" sizes=\"(max-width: 722px) 100vw, 722px\" \/><p id=\"caption-attachment-107609\" class=\"wp-caption-text\">Nora Ponce dijo que el estado se est\u00e1 quedando atr\u00e1s en la aplicaci\u00f3n de las herramientas tecnol\u00f3gicas<\/p><\/div>\n<p><span data-ccp-props=\"{}\">\u00a0<\/span><\/p>\n<p><b><i><span data-contrast=\"auto\">Paola Cort\u00e9s P\u00e9rez<\/span><\/i><\/b><span data-ccp-props=\"{}\">\u00a0<\/span><\/p>\n<p><b><i><span data-contrast=\"auto\">24\/12\/2021, Xalapa,\u00a0Ver.-<\/span><\/i><\/b><span data-contrast=\"auto\">\u00a0La pandemia\u00a0ocasionada\u00a0por el virus SARS-CoV-2, que provoca la enfermedad Covid-19, no s\u00f3lo ha dejado estragos sociales y econ\u00f3micos,\u00a0sino que\u00a0ha afectado de manera importante\u00a0al sistema de justicia del pa\u00eds\u00a0ya que se tiene un rezago notorio\u00a0en el avance de\u00a0los\u00a0juicios y menos juzgados para atender a los justiciables.<\/span><span data-ccp-props=\"{&quot;469777462&quot;:[4419],&quot;469777927&quot;:[0],&quot;469777928&quot;:[3]}\">\u00a0<\/span><\/p>\n<p><span data-contrast=\"auto\">Ante esta situaci\u00f3n,\u00a0Nora Hilda Ponce Castro, estudiante del Doctorado en Derecho que imparte el<a href=\"https:\/\/www.uv.mx\/iij\/\" target=\"_blank\" rel=\"noopener\"> Instituto de Investigaciones Jur\u00eddicas<\/a> (IIJ)\u00a0de la Universidad Veracruzana (UV),\u00a0plantea el uso de las tecnolog\u00edas de la informaci\u00f3n y la comunicaci\u00f3n (TIC) como una manera de agilizar el acceso a la justicia.<\/span><span data-ccp-props=\"{&quot;335559731&quot;:567,&quot;469777462&quot;:[4419],&quot;469777927&quot;:[0],&quot;469777928&quot;:[3]}\">\u00a0<\/span><\/p>\n<p><span data-contrast=\"auto\">La universitaria desarrolla una investigaci\u00f3n que versa sobre la digitalizaci\u00f3n de los procedimientos judiciales en materia familiar\u00a0como\u00a0una necesidad apremiante del sistema judicial veracruzano, pues\u00a0hay casos en los que no se pudo avanzar debido\u00a0a\u00a0que los juzgados no est\u00e1n operando al 100 por ciento, consecuencia de las medidas restrictivas derivada de la pandemia.<\/span><span data-ccp-props=\"{&quot;335559731&quot;:567,&quot;469777462&quot;:[4419],&quot;469777927&quot;:[0],&quot;469777928&quot;:[3]}\">\u00a0<\/span><\/p>\n<p><span data-contrast=\"auto\">Ejemplo de esta situaci\u00f3n son los juzgados familiares, los cuales trabajaron a puerta cerrada y s\u00f3lo realizaban tr\u00e1mites de inicio;\u00a0esto es, se atend\u00edan peticiones para iniciar un juicio de custodia, por pensi\u00f3n alimenticia, ya que fueron decretadas medidas para no poner en riesgo a los trabajadores y al resto de las personas.<\/span><span data-ccp-props=\"{&quot;335559731&quot;:567,&quot;469777462&quot;:[4419],&quot;469777927&quot;:[0],&quot;469777928&quot;:[3]}\">\u00a0<\/span><\/p>\n<p><span data-contrast=\"auto\">\u201cEl sistema judicial del\u00a0estado de Veracruz casi colaps\u00f3, hubo muchas inconformidades, muchos amparos promovidos, porque se sosten\u00eda una violaci\u00f3n al acceso a la justicia, pero en esos momentos se prioriz\u00f3\u00a0el derecho a la salud de los trabajadores y de quienes acud\u00edamos a los juzgados.\u201d<\/span><span data-ccp-props=\"{&quot;335559731&quot;:567,&quot;469777462&quot;:[4419],&quot;469777927&quot;:[0],&quot;469777928&quot;:[3]}\">\u00a0<\/span><\/p>\n<p><span data-contrast=\"auto\">En la entidad ya se trabajaba con un sistema digitalizado; sin embargo, en julio de\u00a02021 se emiti\u00f3\u00a0un acuerdo por el pleno del\u00a0Consejo de la Judicatura\u00a0en el que se decide cerrar varios juzgados, entre ellos\u00a0los que estaban bajo el sistema digital.<\/span><span data-ccp-props=\"{&quot;335559731&quot;:567,&quot;469777462&quot;:[4419],&quot;469777927&quot;:[0],&quot;469777928&quot;:[3]}\">\u00a0<\/span><\/p>\n<p><span data-contrast=\"auto\">\u201cNos estamos quedando atr\u00e1s en la aplicaci\u00f3n de las TIC,\u00a0que podr\u00edan aprovecharse e implementarse. El acceso a\u00a0la justicia tiene que ser pronto y expedito, puede lograrse a trav\u00e9s de las TIC, herramientas que pueden solventar el rezago procesal que se tiene en el estado.\u201d<\/span><span data-ccp-props=\"{&quot;335559731&quot;:567,&quot;469777462&quot;:[4419],&quot;469777927&quot;:[0],&quot;469777928&quot;:[3]}\">\u00a0<\/span><\/p>\n<p><span data-contrast=\"auto\">Indic\u00f3 que los procesos ser\u00edan m\u00e1s \u00e1giles, reducci\u00f3n de archivos, reducci\u00f3n y econom\u00eda de expedientes, seguridad y mecanismos de acceso restringido y confidencial, disminuci\u00f3n de tr\u00e1nsito de personas,\u00a0entre otras\u00a0ventajas.<\/span><span data-ccp-props=\"{&quot;335559731&quot;:567,&quot;469777462&quot;:[4419],&quot;469777927&quot;:[0],&quot;469777928&quot;:[3]}\">\u00a0<\/span><\/p>\n<p><span data-contrast=\"auto\">Los retos,\u00a0comparti\u00f3, son: tratar de dar cumplimiento a los principios de los derechos humanos de universalidad, interdependencia,\u00a0indivisibilidad y progresividad.<\/span><span data-ccp-props=\"{&quot;335559731&quot;:567,&quot;469777462&quot;:[4419],&quot;469777927&quot;:[0],&quot;469777928&quot;:[3]}\">\u00a0<\/span><\/p>\n<p><span data-contrast=\"auto\">\u201cEl reto que nos deja la pandemia y el 2021 es el uso de las TIC, podr\u00e1 hacerse siempre y cuando haya voluntad pol\u00edtica m\u00e1s all\u00e1 de una cuesti\u00f3n econ\u00f3mica\u201d, concluy\u00f3.<\/span><span data-ccp-props=\"{&quot;335559731&quot;:567,&quot;469777462&quot;:[4419],&quot;469777927&quot;:[0],&quot;469777928&quot;:[3]}\">\u00a0<\/span><\/p>\n<p><span data-contrast=\"auto\">Cabe destacar que los avances de esta investigaci\u00f3n ya han sido compartidos en foros acad\u00e9micos, como fue el caso del ciclo de conferencias organizado por el IIJ.\u00a0<\/span><\/p>\n","protected":false},"excerpt":{"rendered":"<p>La\u00a0estudiante del Doctorado en Derecho\u00a0desarrolla una investigaci\u00f3n sobre la digitalizaci\u00f3n de los procedimientos judiciales en materia familiar\u00a0<\/p>\n","protected":false},"author":1869,"featured_media":107609,"comment_status":"closed","ping_status":"closed","sticky":false,"template":"","format":"standard","meta":[],"categories":[6301],"tags":[],"_links":{"self":[{"href":"https:\/\/www.uv.mx\/prensa\/wp-json\/wp\/v2\/posts\/107608"}],"collection":[{"href":"https:\/\/www.uv.mx\/prensa\/wp-json\/wp\/v2\/posts"}],"about":[{"href":"https:\/\/www.uv.mx\/prensa\/wp-json\/wp\/v2\/types\/post"}],"author":[{"embeddable":true,"href":"https:\/\/www.uv.mx\/prensa\/wp-json\/wp\/v2\/users\/1869"}],"replies":[{"embeddable":true,"href":"https:\/\/www.uv.mx\/prensa\/wp-json\/wp\/v2\/comments?post=107608"}],"version-history":[{"count":1,"href":"https:\/\/www.uv.mx\/prensa\/wp-json\/wp\/v2\/posts\/107608\/revisions"}],"predecessor-version":[{"id":108102,"href":"https:\/\/www.uv.mx\/prensa\/wp-json\/wp\/v2\/posts\/107608\/revisions\/108102"}],"wp:featuredmedia":[{"embeddable":true,"href":"https:\/\/www.uv.mx\/prensa\/wp-json\/wp\/v2\/media\/107609"}],"wp:attachment":[{"href":"https:\/\/www.uv.mx\/prensa\/wp-json\/wp\/v2\/media?parent=107608"}],"wp:term":[{"taxonomy":"category","embeddable":true,"href":"https:\/\/www.uv.mx\/prensa\/wp-json\/wp\/v2\/categories?post=107608"},{"taxonomy":"post_tag","embeddable":true,"href":"https:\/\/www.uv.mx\/prensa\/wp-json\/wp\/v2\/tags?post=107608"}],"curies":[{"name":"wp","href":"https:\/\/api.w.org\/{rel}","templated":true}]}}