{"id":107645,"date":"2021-12-19T08:15:41","date_gmt":"2021-12-19T14:15:41","guid":{"rendered":"https:\/\/www.uv.mx\/prensa\/?p=107645"},"modified":"2021-12-21T14:01:42","modified_gmt":"2021-12-21T20:01:42","slug":"cug-refrendo-el-compromiso-contraido-con-la-uv","status":"publish","type":"post","link":"https:\/\/www.uv.mx\/prensa\/banner\/cug-refrendo-el-compromiso-contraido-con-la-uv\/","title":{"rendered":"CUG refrend\u00f3 el compromiso contra\u00eddo con la UV"},"content":{"rendered":"<ul>\n<li data-leveltext=\"\uf0b7\" data-font=\"Symbol\" data-listid=\"1\" data-aria-posinset=\"1\" data-aria-level=\"1\"><i><span data-contrast=\"auto\">El rector Mart\u00edn Aguilar S\u00e1nchez encabez\u00f3 la \u00faltima sesi\u00f3n ordinaria de 2021, del Consejo Universitario General<\/span><\/i><span data-ccp-props=\"{&quot;134233279&quot;:true,&quot;201341983&quot;:0,&quot;335559739&quot;:160,&quot;335559740&quot;:240}\">\u00a0<\/span><\/li>\n<li data-leveltext=\"\uf0b7\" data-font=\"Symbol\" data-listid=\"1\" data-aria-posinset=\"2\" data-aria-level=\"1\"><i><span data-contrast=\"auto\">Por v\u00eda remota, se aprobaron diversas propuestas y acuerdos de \u00edndole general\u00a0<\/span><\/i><span data-ccp-props=\"{&quot;134233279&quot;:true,&quot;201341983&quot;:0,&quot;335559739&quot;:160,&quot;335559740&quot;:240}\">\u00a0<\/span><\/li>\n<li data-leveltext=\"\uf0b7\" data-font=\"Symbol\" data-listid=\"1\" data-aria-posinset=\"3\" data-aria-level=\"1\"><i><span data-contrast=\"auto\">La UV entregar\u00e1 los Doctorados <\/span><\/i>Honoris Causa<i><span data-contrast=\"auto\"> a Ronald Ferrera Cerrato y Aurelio de los Reyes Garc\u00eda Rojas<\/span><\/i><span data-ccp-props=\"{&quot;134233279&quot;:true,&quot;201341983&quot;:0,&quot;335559739&quot;:160,&quot;335559740&quot;:240}\">\u00a0<\/span><\/li>\n<\/ul>\n<p>&nbsp;<\/p>\n<div id=\"attachment_107649\" style=\"width: 866px\" class=\"wp-caption aligncenter\"><a href=\"https:\/\/www.uv.mx\/prensa\/files\/2021\/12\/171221-CUG1.jpg\"><img aria-describedby=\"caption-attachment-107649\" decoding=\"async\" loading=\"lazy\" class=\"size-full wp-image-107649\" src=\"https:\/\/www.uv.mx\/prensa\/files\/2021\/12\/171221-CUG1.jpg\" alt=\"\" width=\"856\" height=\"481\" srcset=\"https:\/\/www.uv.mx\/prensa\/files\/2021\/12\/171221-CUG1.jpg 856w, https:\/\/www.uv.mx\/prensa\/files\/2021\/12\/171221-CUG1-300x169.jpg 300w, https:\/\/www.uv.mx\/prensa\/files\/2021\/12\/171221-CUG1-768x432.jpg 768w\" sizes=\"(max-width: 856px) 100vw, 856px\" \/><\/a><p id=\"caption-attachment-107649\" class=\"wp-caption-text\">El rector Mart\u00edn Aguilar S\u00e1nchez encabez\u00f3 la sesi\u00f3n ordinaria del Consejo Universitario General<\/p><\/div>\n<p>&nbsp;<\/p>\n<p><b><i><span data-contrast=\"auto\">Claudia Peralta V\u00e1zquez<\/span><\/i><\/b><span data-ccp-props=\"{&quot;201341983&quot;:0,&quot;335559739&quot;:160,&quot;335559740&quot;:240}\">\u00a0<\/span><\/p>\n<p><b><i><span data-contrast=\"auto\">17\/12\/2021, Xalapa, Ver.-\u00a0<\/span><\/i><\/b><span data-contrast=\"auto\"> Con una gran participaci\u00f3n, la Universidad Veracruzana (UV), celebr\u00f3 este viernes 17 de diciembre, la sesi\u00f3n ordinaria del <a href=\"https:\/\/www.uv.mx\/secretariaacademica\/consejo-universitario-general\/\" target=\"_blank\" rel=\"noopener\">Consejo Universitario General<\/a> (CUG), dentro de la cual se aprobaron y avalaron acuerdos y propuestas generales que impulsan el desarrollo de esta casa de estudios, en sus cinco regiones universitarias.<\/span><span data-ccp-props=\"{&quot;201341983&quot;:0,&quot;335559739&quot;:160,&quot;335559740&quot;:240}\">\u00a0<\/span><\/p>\n<p><span data-contrast=\"auto\">En la Sala de Juntas de Rector\u00eda, Mart\u00edn Aguilar S\u00e1nchez, rector de la UV, encabez\u00f3 esta sesi\u00f3n en calidad de Presidente del CUG,\u00a0 acompa\u00f1ado por las titulares de las secretar\u00edas Acad\u00e9mica, y Administraci\u00f3n y Finanzas (SAF), Elena Rustri\u00e1n Portilla y Lizbeth Margarita Viveros Cancino, respectivamente; y por la Abogada\u00a0 General, Marisol Luna Leal.<\/span><span data-ccp-props=\"{&quot;201341983&quot;:0,&quot;335559731&quot;:708,&quot;335559739&quot;:160,&quot;335559740&quot;:240}\">\u00a0<\/span><\/p>\n<p><span data-contrast=\"auto\">A trav\u00e9s de la plataforma <\/span><i><span data-contrast=\"auto\">ZoomUV<\/span><\/i><span data-contrast=\"auto\">, participaron 387 miembros del CUG de un total de 427, de las cinco regiones universitarias, entre acad\u00e9micos, estudiantes, vicerrectores, y directores de entidades acad\u00e9micas e institutos.<\/span><span data-ccp-props=\"{&quot;201341983&quot;:0,&quot;335559731&quot;:708,&quot;335559739&quot;:160,&quot;335559740&quot;:240}\">\u00a0<\/span><\/p>\n<p><span data-contrast=\"auto\">En su mensaje, el Rector reconoci\u00f3 la numerosa participaci\u00f3n de los consejeros en la \u00faltima sesi\u00f3n ordinaria de 2021, la cual cobra otra dimensi\u00f3n si se considera que desde hace dos a\u00f1os ha tenido que trabajar a distancia.<\/span><span data-ccp-props=\"{&quot;201341983&quot;:0,&quot;335559731&quot;:708,&quot;335559739&quot;:160,&quot;335559740&quot;:240}\">\u00a0<\/span><\/p>\n<p><span data-contrast=\"auto\">\u201cContra lo que se pudiera pensar, la diferencia no es de menor grado para una instancia colegiada que por su naturaleza se nutre de la presencia del otro, de la discusi\u00f3n cara a cara, del intercambio en el acto de ideas, opiniones, propuestas, de la toma de decisiones pol\u00e9micas y controvertidas\u201d.<\/span><span data-ccp-props=\"{&quot;201341983&quot;:0,&quot;335559731&quot;:708,&quot;335559739&quot;:160,&quot;335559740&quot;:240}\">\u00a0<\/span><\/p>\n<p><span data-contrast=\"auto\">A pesar de este panorama, el CUG ha sabido sobreponerse y darle continuidad con profesionalismo y responsabilidad al compromiso contra\u00eddo con la UV en su conjunto, recalc\u00f3.<\/span><span data-ccp-props=\"{&quot;201341983&quot;:0,&quot;335559731&quot;:708,&quot;335559739&quot;:160,&quot;335559740&quot;:240}\">\u00a0<\/span><\/p>\n<p><span data-contrast=\"auto\">Tras la aprobaci\u00f3n del orden del d\u00eda, se avalaron los acuerdos de la sesi\u00f3n ordinaria del CUG, celebrada el 28 de mayo de 2021; y se puso a consideraci\u00f3n de los consejeros la ratificaci\u00f3n de tres de ellos propuestos por el Rector.<\/span><span data-ccp-props=\"{&quot;201341983&quot;:0,&quot;335559731&quot;:708,&quot;335559739&quot;:160,&quot;335559740&quot;:240}\">\u00a0<\/span><\/p>\n<p><span data-contrast=\"auto\">El primero, refiere que los \u00d3rganos Colegiados de la UV, consejos, comisiones, comit\u00e9s y jurados de ex\u00e1menes de oposici\u00f3n, de evaluaci\u00f3n, experiencia recepcional y de grado acad\u00e9mico podr\u00e1n sesionar de manera presencial, o a trav\u00e9s de las Tecnolog\u00edas de la Informaci\u00f3n y Comunicaci\u00f3n (TIC\u00b4s).<\/span><span data-ccp-props=\"{&quot;201341983&quot;:0,&quot;335559731&quot;:708,&quot;335559739&quot;:160,&quot;335559740&quot;:240}\">\u00a0<\/span><\/p>\n<p><span data-contrast=\"auto\">Esto, de acuerdo con los comunicados oficiales que emita esta casa de estudios en el portal <\/span><i><span data-contrast=\"auto\">web <\/span><\/i><span data-contrast=\"auto\">\u201cPlan de contingencia Covid-19\u201d.<\/span><span data-ccp-props=\"{&quot;201341983&quot;:0,&quot;335559731&quot;:708,&quot;335559739&quot;:160,&quot;335559740&quot;:240}\">\u00a0<\/span><\/p>\n<p><span data-contrast=\"auto\">El siguiente, corresponde a la modificaci\u00f3n del acuerdo por el que se crea el Consejo Consultivo de Investigaci\u00f3n como un \u00f3rgano colegiado para la consulta y planeaci\u00f3n de la investigaci\u00f3n que se realiza en la UV; mientras que el tercero est\u00e1 relacionado con los Recursos Documentales.<\/span><span data-ccp-props=\"{&quot;201341983&quot;:0,&quot;335559731&quot;:708,&quot;335559739&quot;:160,&quot;335559740&quot;:240}\">\u00a0<\/span><\/p>\n<p><span data-contrast=\"auto\">Tambi\u00e9n, se avalaron los acuerdos de las Comisiones Permanentes del CUG, de las \u00c1reas Acad\u00e9micas de Artes; Ciencias Biol\u00f3gicas y Agropecuarias; Ciencias de la Salud; Econ\u00f3mico Administrativa; y de Humanidades.<\/span><span data-ccp-props=\"{&quot;201341983&quot;:0,&quot;335559731&quot;:708,&quot;335559739&quot;:160,&quot;335559740&quot;:240}\">\u00a0<\/span><\/p>\n<p><span data-contrast=\"auto\">En este marco sesionaron las Comisiones de Honor y Justicia, Reglamentos y Presupuestos. En el segundo rubro se aprob\u00f3 el proyecto de reforma al Estatuto General y el de Alumnos (2008).<\/span><span data-ccp-props=\"{&quot;201341983&quot;:0,&quot;335559731&quot;:708,&quot;335559739&quot;:160,&quot;335559740&quot;:240}\">\u00a0<\/span><\/p>\n<p><span data-contrast=\"auto\">De igual forma, se validaron los Reglamentos de Responsabilidades Administrativas, y para la Inclusi\u00f3n de Personas con Discapacidad.<\/span><span data-ccp-props=\"{&quot;201341983&quot;:0,&quot;335559731&quot;:708,&quot;335559739&quot;:160,&quot;335559740&quot;:240}\">\u00a0<\/span><\/p>\n<p><span data-contrast=\"auto\">En cuanto a los reglamentos internos de las entidades acad\u00e9micas, se aprobaron por mayor\u00eda los de las Facultades de Danza y Econom\u00eda, regi\u00f3n Xalapa; y de las Facultades de Arquitectura y Ciencias Qu\u00edmicas, de la zona Poza Rica-Tuxpan.<\/span><span data-ccp-props=\"{&quot;201341983&quot;:0,&quot;335559731&quot;:708,&quot;335559739&quot;:160,&quot;335559740&quot;:240}\">\u00a0<\/span><\/p>\n<p><span data-contrast=\"auto\">Sobre el Programa de Austeridad y Disciplina Financiera del ejercicio 2021, se acord\u00f3 continuar la din\u00e1mica de austeridad establecida desde el inicio de la presente administraci\u00f3n rectoral.\u00a0<\/span><span data-ccp-props=\"{&quot;201341983&quot;:0,&quot;335559731&quot;:708,&quot;335559739&quot;:160,&quot;335559740&quot;:240}\">\u00a0<\/span><\/p>\n<p><span data-contrast=\"auto\">Al elegirse a los integrantes de las Comisiones Permanentes, los miembros del CUG votaron a favor de Alma Delia Santiago Mijangos, de la Facultad de Enfermer\u00eda, regi\u00f3n Coatzacoalcos-Minatitl\u00e1n; Liliana Dom\u00ednguez Ca\u00f1edo, directora de la Facultad de Ciencias Qu\u00edmicas (FCQ), zona Xalapa, como titulares de la Comisi\u00f3n de Reglamentos.<\/span><span data-ccp-props=\"{&quot;201341983&quot;:0,&quot;335559731&quot;:708,&quot;335559739&quot;:160,&quot;335559740&quot;:240}\">\u00a0<\/span><\/p>\n<p><span data-contrast=\"auto\">Como titular de la Comisi\u00f3n de Honor y Justicia qued\u00f3 Carlos Welsh Rodr\u00edguez, coordinador del Centro de Ciencias de la Tierra (CCT); Guadalupe Jacqueline Olalde Libreros, de la Facultad de Nutrici\u00f3n, regi\u00f3n Xalapa, en calidad de suplente.<\/span><span data-ccp-props=\"{&quot;201341983&quot;:0,&quot;335559731&quot;:708,&quot;335559739&quot;:160,&quot;335559740&quot;:240}\">\u00a0<\/span><\/p>\n<p><span data-contrast=\"auto\">Flor Lucila Delf\u00edn Pozos, del Instituto de Investigaciones en Contadur\u00eda, se integr\u00f3 como suplente a la Comisi\u00f3n de Presupuestos, con 125 votos. El mismo proceso se realiz\u00f3 con la ratificaci\u00f3n de la elecci\u00f3n de Consejeros Alumnos.<\/span><span data-ccp-props=\"{&quot;201341983&quot;:0,&quot;335559731&quot;:708,&quot;335559739&quot;:160,&quot;335559740&quot;:240}\">\u00a0<\/span><\/p>\n<p><span data-contrast=\"auto\">Posteriormente, los integrantes del CUG votaron la renovaci\u00f3n de los integrantes de la Comisi\u00f3n Transitoria del CUG para el seguimiento y evaluaci\u00f3n del Programa de Est\u00edmulos al Desempe\u00f1o del Personal Acad\u00e9mico (PEDPA).<\/span><span data-ccp-props=\"{&quot;201341983&quot;:0,&quot;335559731&quot;:708,&quot;335559739&quot;:160,&quot;335559740&quot;:240}\">\u00a0<\/span><\/p>\n<p><span data-contrast=\"auto\">\u00c1lvaro Hern\u00e1ndez Jarqu\u00edn, director de la Facultad de M\u00fasica; Emma Cuervo Rivera, de la Facultad de Enfermer\u00eda; Eric Abad Esp\u00edndola y titular de la Facultad de Ciencias Administrativas y Sociales (FCAS); Sandra Garc\u00eda P\u00e9rez, de la Facultad de Pedagog\u00eda, regi\u00f3n Xalapa; y a Ce Tochtli, director de la Facultad de Ingenier\u00eda Civil, son los acad\u00e9micos validados para este programa.<\/span><span data-ccp-props=\"{&quot;201341983&quot;:0,&quot;335559731&quot;:708,&quot;335559739&quot;:160,&quot;335559740&quot;:240}\">\u00a0<\/span><\/p>\n<p><span data-contrast=\"auto\">Rossana Citlali Zepeda Hern\u00e1ndez, del Centro de Investigaciones Biom\u00e9dicas (CIB), fue designada en representaci\u00f3n de los investigadores; y Roberto Mart\u00edn V\u00e1zquez Cruz, integrante de la Orquesta Tradicional Moscovita, por parte de la Direcci\u00f3n General de Difusi\u00f3n Cultural.<\/span><span data-ccp-props=\"{&quot;201341983&quot;:0,&quot;335559731&quot;:708,&quot;335559739&quot;:160,&quot;335559740&quot;:240}\">\u00a0<\/span><\/p>\n<p><span data-contrast=\"auto\">De la Direcci\u00f3n de Centros de Idiomas y de Autoacceso, se eligi\u00f3 a Erika Paulina Madrigal Chavero, de la regi\u00f3n Poza Rica-Tuxpan.<\/span><span data-ccp-props=\"{&quot;201341983&quot;:0,&quot;335559731&quot;:708,&quot;335559739&quot;:160,&quot;335559740&quot;:240}\">\u00a0<\/span><\/p>\n<p><span data-contrast=\"auto\">En esta misma Comisi\u00f3n Transitoria, se acord\u00f3 la integraci\u00f3n de Victoria Amador Rodr\u00edguez, Laura Roesch Ramos, \u00c1ngel Ramos Ligonio y Carlos H\u00e9ctor \u00c1vila Bello, de los campus de Poza Rica-Tuxpan, Veracruz-Boca del R\u00edo, Orizaba-C\u00f3rdoba; y Coatzacoalcos-Minatitl\u00e1n, respectivamente.<\/span><span data-ccp-props=\"{&quot;201341983&quot;:0,&quot;335559731&quot;:708,&quot;335559739&quot;:160,&quot;335559740&quot;:240}\">\u00a0<\/span><\/p>\n<p>&nbsp;<\/p>\n<div id=\"attachment_107648\" style=\"width: 780px\" class=\"wp-caption aligncenter\"><a href=\"https:\/\/www.uv.mx\/prensa\/files\/2021\/12\/171221-CUG2.jpg\"><img aria-describedby=\"caption-attachment-107648\" decoding=\"async\" loading=\"lazy\" class=\"size-full wp-image-107648\" src=\"https:\/\/www.uv.mx\/prensa\/files\/2021\/12\/171221-CUG2.jpg\" alt=\"\" width=\"770\" height=\"481\" srcset=\"https:\/\/www.uv.mx\/prensa\/files\/2021\/12\/171221-CUG2.jpg 770w, https:\/\/www.uv.mx\/prensa\/files\/2021\/12\/171221-CUG2-300x187.jpg 300w, https:\/\/www.uv.mx\/prensa\/files\/2021\/12\/171221-CUG2-768x480.jpg 768w, https:\/\/www.uv.mx\/prensa\/files\/2021\/12\/171221-CUG2-200x125.jpg 200w\" sizes=\"(max-width: 770px) 100vw, 770px\" \/><\/a><p id=\"caption-attachment-107648\" class=\"wp-caption-text\">Un total de 387 consejeros participaron en la \u00faltima sesi\u00f3n del CUG de este a\u00f1o<\/p><\/div>\n<p>&nbsp;<\/p>\n<p><b>Defensor\u00eda de los Derechos Universitarios, CUTAI y Unidad de G\u00e9nero rindieron informes<\/b><\/p>\n<p><span data-contrast=\"auto\">Jorge Luis Rivera Huesca, titular de la Defensor\u00eda de los Derechos Universitarios inform\u00f3 sobre las acciones desarrolladas del 16 de noviembre de 2020, al 30 de noviembre de 2021, periodo en el que se atendieron diversas solicitudes de intervenci\u00f3n, emisi\u00f3n de recomendaciones, observaciones y tr\u00e1mites.<\/span><span data-ccp-props=\"{&quot;201341983&quot;:0,&quot;335559731&quot;:708,&quot;335559739&quot;:160,&quot;335559740&quot;:240,&quot;469777462&quot;:[2627],&quot;469777927&quot;:[0],&quot;469777928&quot;:[1]}\">\u00a0<\/span><\/p>\n<p><span data-contrast=\"auto\">Gerardo Garc\u00eda Ricardo, de la Coordinaci\u00f3n Universitaria de Transparencia, Acceso a la Informaci\u00f3n y Protecci\u00f3n de Datos Personales (CUTAI), destac\u00f3 los resultados generados por este organismo para garantizar -a nombre de la UV- los derechos humanos.<\/span><span data-ccp-props=\"{&quot;201341983&quot;:0,&quot;335559731&quot;:708,&quot;335559739&quot;:160,&quot;335559740&quot;:240}\">\u00a0<\/span><\/p>\n<p><span data-contrast=\"auto\">Entre sus competencias est\u00e1 la vigilancia del cumplimiento de las obligaciones respecto a la publicaci\u00f3n de informaci\u00f3n sobre las actividades de esta casa de estudios, asignaci\u00f3n y ejercicio de recursos p\u00fablicos y respuesta a las solicitudes de acceso a la informaci\u00f3n planteadas por los interesados.<\/span><span data-ccp-props=\"{&quot;201341983&quot;:0,&quot;335559731&quot;:708,&quot;335559739&quot;:160,&quot;335559740&quot;:240}\">\u00a0<\/span><\/p>\n<p><span data-contrast=\"auto\">Por su parte, Anabel Ojeda Guti\u00e9rrez, coordinadora de la Unidad de G\u00e9nero (CUG), resalt\u00f3 las acciones y actividades orientadas hacia la atenci\u00f3n y prevenci\u00f3n de la violencia de g\u00e9nero dentro del entorno universitario, y apego al Protocolo instaurado por esta casa de estudios.<\/span><span data-ccp-props=\"{&quot;201341983&quot;:0,&quot;335559731&quot;:708,&quot;335559739&quot;:160,&quot;335559740&quot;:240}\">\u00a0<\/span><\/p>\n<p><span data-contrast=\"auto\">Mencion\u00f3 la realizaci\u00f3n de talleres, cursos y capacitaciones dirigidas a miembros de la comunidad universitaria con el fin de socializar el tema.<\/span><span data-ccp-props=\"{&quot;201341983&quot;:0,&quot;335559731&quot;:708,&quot;335559739&quot;:160,&quot;335559740&quot;:240}\">\u00a0<\/span><\/p>\n<p><span data-contrast=\"auto\">El CUG tambi\u00e9n present\u00f3 las ternas y designaci\u00f3n de dos integrantes de la Junta de Gobierno (JG), en sustituci\u00f3n de Alma Gloria Vallejo Casar\u00edn y Jorge Mart\u00ednez Contreras.<\/span><span data-ccp-props=\"{&quot;201341983&quot;:0,&quot;335559731&quot;:708,&quot;335559739&quot;:160,&quot;335559740&quot;:240}\">\u00a0<\/span><\/p>\n<p><span data-contrast=\"auto\">Tras la votaci\u00f3n, se determin\u00f3 que los nuevos integrantes son: Erika Ver\u00f3nica Maldonado M\u00e9ndez, acad\u00e9mica de la Facultad de Derecho UV, y miembro del Sistema Nacional de Investigadores (SNI); y Jorge Volpi Escalante, maestro en Letras Mexicanas, doctor en Filolog\u00eda Hisp\u00e1nica por la Universidad de Salamanca y colaborador del Diario El Pa\u00eds, como parte de la terna externa.<\/span><span data-ccp-props=\"{&quot;201341983&quot;:0,&quot;335559731&quot;:708,&quot;335559739&quot;:160,&quot;335559740&quot;:240}\">\u00a0<\/span><\/p>\n<p><span data-contrast=\"auto\">En este escenario, se presentaron y aprobaron las propuestas para Doctorados<em> Honoris Causa<\/em> de: Ronald Ferrera Cerrato, microbi\u00f3logo y profesor-investigador del Colegio de Postgraduados en Ciencias Agr\u00edcolas y Aurelio de los Reyes Garc\u00eda Rojas, escritor e investigador, cuya principal l\u00ednea de investigaci\u00f3n es la historia del cine mudo en M\u00e9xico.<\/span><span data-ccp-props=\"{&quot;201341983&quot;:0,&quot;335559731&quot;:708,&quot;335559739&quot;:160,&quot;335559740&quot;:240}\">\u00a0<\/span><\/p>\n<p><span data-contrast=\"auto\">En esta sesi\u00f3n ordinaria, estuvieron a trav\u00e9s de <\/span><i><span data-contrast=\"auto\">Zoom<\/span><\/i><span data-contrast=\"auto\">, Roberto Guapillo Vargas, Georgina Hern\u00e1ndez R\u00edos y Liliana Cuervo L\u00f3pez, y Rub\u00e9n Edel Navarro, vicerrectores de las regiones Orizaba-C\u00f3rdoba, Coatzacoalcos-Minatitl\u00e1n, Poza Rica-Tuxpan y Veracruz-Boca del R\u00edo.<\/span><span data-ccp-props=\"{&quot;201341983&quot;:0,&quot;335559739&quot;:160,&quot;335559740&quot;:240}\">\u00a0<\/span><\/p>\n<p><span data-contrast=\"auto\">Asimismo, Yolanda Francisca Gonz\u00e1lez Molohua, Arturo Serrano Sol\u00eds; Miguel Flores Covarrubias, Arturo Bocardo Valle, Pedro Guti\u00e9rrez Aguilar y Eduardo Gasca Herrera, directores de las \u00c1reas Acad\u00e9micas de Humanidades, Ciencias Biol\u00f3gicas y Agropecuarias; Artes, Ciencias de la Salud y T\u00e9cnica.<\/span><\/p>\n<p>&nbsp;<\/p>\n<div id=\"attachment_107647\" style=\"width: 780px\" class=\"wp-caption aligncenter\"><a href=\"https:\/\/www.uv.mx\/prensa\/files\/2021\/12\/171221-CUG3.jpg\"><img aria-describedby=\"caption-attachment-107647\" decoding=\"async\" loading=\"lazy\" class=\"size-full wp-image-107647\" src=\"https:\/\/www.uv.mx\/prensa\/files\/2021\/12\/171221-CUG3.jpg\" alt=\"\" width=\"770\" height=\"481\" srcset=\"https:\/\/www.uv.mx\/prensa\/files\/2021\/12\/171221-CUG3.jpg 770w, https:\/\/www.uv.mx\/prensa\/files\/2021\/12\/171221-CUG3-300x187.jpg 300w, https:\/\/www.uv.mx\/prensa\/files\/2021\/12\/171221-CUG3-768x480.jpg 768w, https:\/\/www.uv.mx\/prensa\/files\/2021\/12\/171221-CUG3-200x125.jpg 200w\" sizes=\"(max-width: 770px) 100vw, 770px\" \/><\/a><p id=\"caption-attachment-107647\" class=\"wp-caption-text\">El Rector de la UV reconoci\u00f3 la participaci\u00f3n v\u00eda remota de consejeros de las cinco regiones universitarias<\/p><\/div>\n","protected":false},"excerpt":{"rendered":"<p>El rector Mart\u00edn Aguilar S\u00e1nchez encabez\u00f3 la sesi\u00f3n ordinaria del Consejo Universitario General, \u00faltima de este a\u00f1o<\/p>\n","protected":false},"author":1508,"featured_media":107652,"comment_status":"closed","ping_status":"closed","sticky":false,"template":"","format":"standard","meta":[],"categories":[61],"tags":[],"_links":{"self":[{"href":"https:\/\/www.uv.mx\/prensa\/wp-json\/wp\/v2\/posts\/107645"}],"collection":[{"href":"https:\/\/www.uv.mx\/prensa\/wp-json\/wp\/v2\/posts"}],"about":[{"href":"https:\/\/www.uv.mx\/prensa\/wp-json\/wp\/v2\/types\/post"}],"author":[{"embeddable":true,"href":"https:\/\/www.uv.mx\/prensa\/wp-json\/wp\/v2\/users\/1508"}],"replies":[{"embeddable":true,"href":"https:\/\/www.uv.mx\/prensa\/wp-json\/wp\/v2\/comments?post=107645"}],"version-history":[{"count":1,"href":"https:\/\/www.uv.mx\/prensa\/wp-json\/wp\/v2\/posts\/107645\/revisions"}],"predecessor-version":[{"id":107809,"href":"https:\/\/www.uv.mx\/prensa\/wp-json\/wp\/v2\/posts\/107645\/revisions\/107809"}],"wp:featuredmedia":[{"embeddable":true,"href":"https:\/\/www.uv.mx\/prensa\/wp-json\/wp\/v2\/media\/107652"}],"wp:attachment":[{"href":"https:\/\/www.uv.mx\/prensa\/wp-json\/wp\/v2\/media?parent=107645"}],"wp:term":[{"taxonomy":"category","embeddable":true,"href":"https:\/\/www.uv.mx\/prensa\/wp-json\/wp\/v2\/categories?post=107645"},{"taxonomy":"post_tag","embeddable":true,"href":"https:\/\/www.uv.mx\/prensa\/wp-json\/wp\/v2\/tags?post=107645"}],"curies":[{"name":"wp","href":"https:\/\/api.w.org\/{rel}","templated":true}]}}