{"id":107696,"date":"2021-12-20T13:09:03","date_gmt":"2021-12-20T19:09:03","guid":{"rendered":"https:\/\/www.uv.mx\/prensa\/?p=107696"},"modified":"2021-12-21T13:00:57","modified_gmt":"2021-12-21T19:00:57","slug":"egresadas-de-enfermeria-recibieron-condecoracion-miguel-hidalgo","status":"publish","type":"post","link":"https:\/\/www.uv.mx\/prensa\/regiones\/egresadas-de-enfermeria-recibieron-condecoracion-miguel-hidalgo\/","title":{"rendered":"Egresadas de Enfermer\u00eda\u00a0recibieron\u00a0Condecoraci\u00f3n\u00a0\u201cMiguel Hidalgo\u201d\u00a0"},"content":{"rendered":"<p>&nbsp;<\/p>\n<ul>\n<li data-leveltext=\"\uf0b7\" data-font=\"Symbol\" data-listid=\"1\" data-aria-posinset=\"1\" data-aria-level=\"1\"><i><span data-contrast=\"auto\">Por\u00a0su alto desempe\u00f1o y atenci\u00f3n a\u00a0pacientes\u00a0con\u00a0Covid-19<\/span><\/i><span data-ccp-props=\"{&quot;134233279&quot;:true,&quot;201341983&quot;:0,&quot;335559739&quot;:160,&quot;335559740&quot;:240}\">\u00a0<\/span><\/li>\n<li data-leveltext=\"\uf0b7\" data-font=\"Symbol\" data-listid=\"1\" data-aria-posinset=\"2\" data-aria-level=\"1\"><i><span data-contrast=\"auto\">El est\u00edmulo al trabajo realizado les motiva a continuar apoyando a los enfermos<\/span><\/i><span data-ccp-props=\"{&quot;134233279&quot;:true,&quot;201341983&quot;:0,&quot;335559739&quot;:160,&quot;335559740&quot;:240}\">\u00a0<\/span><\/li>\n<li data-leveltext=\"\uf0b7\" data-font=\"Symbol\" data-listid=\"1\" data-aria-posinset=\"3\" data-aria-level=\"1\"><i><span data-contrast=\"auto\">Es un orgullo ser egresadas\u00a0de la Universidad Veracruzana\u00a0y servir a la naci\u00f3n, coincidieron<\/span><\/i><span data-ccp-props=\"{&quot;134233279&quot;:true,&quot;201341983&quot;:0,&quot;335559739&quot;:160,&quot;335559740&quot;:240}\">\u00a0<\/span><\/li>\n<\/ul>\n<p><span data-ccp-props=\"{&quot;201341983&quot;:0,&quot;335559739&quot;:160,&quot;335559740&quot;:240}\">\u00a0<\/span><\/p>\n<div id=\"attachment_107699\" style=\"width: 732px\" class=\"wp-caption aligncenter\"><img aria-describedby=\"caption-attachment-107699\" decoding=\"async\" loading=\"lazy\" class=\"size-full wp-image-107699\" src=\"https:\/\/www.uv.mx\/prensa\/files\/2021\/12\/201221-Enfermeria-Poza-Rica-1.jpg\" alt=\"\" width=\"722\" height=\"481\" srcset=\"https:\/\/www.uv.mx\/prensa\/files\/2021\/12\/201221-Enfermeria-Poza-Rica-1.jpg 722w, https:\/\/www.uv.mx\/prensa\/files\/2021\/12\/201221-Enfermeria-Poza-Rica-1-300x200.jpg 300w\" sizes=\"(max-width: 722px) 100vw, 722px\" \/><p id=\"caption-attachment-107699\" class=\"wp-caption-text\">Carmina Guadalupe\u00a0Hern\u00e1ndez del \u00c1ngel,\u00a0egresada de la Facultad de Enfermer\u00eda, recibi\u00f3\u00a0la Condecoraci\u00f3n\u00a0\u201cMiguel Hidalgo\u201d\u00a0grado banda<\/p><\/div>\n<p><span data-ccp-props=\"{&quot;201341983&quot;:0,&quot;335559739&quot;:160,&quot;335559740&quot;:240}\">\u00a0<\/span><\/p>\n<p><b><i><span data-contrast=\"auto\">Alma Celia San Mart\u00edn Cruz<\/span><\/i><\/b><span data-ccp-props=\"{&quot;134233279&quot;:true,&quot;201341983&quot;:0,&quot;335559685&quot;:720,&quot;335559739&quot;:160,&quot;335559740&quot;:240}\">\u00a0<\/span><\/p>\n<p><b><i><span data-contrast=\"auto\">20\/12\/2021,\u00a0Poza Rica,\u00a0Ver.-<\/span><\/i><\/b><span data-contrast=\"auto\">\u00a0Carmina Guadalupe Hern\u00e1ndez del \u00c1ngel, Gabriela Noelia Baldovino Cruz y Jessica\u00a0Gabriela\u00a0D\u00edaz,\u00a0egresadas de la <a href=\"https:\/\/www.uv.mx\/pozarica\/enfermeria\/\" target=\"_blank\" rel=\"noopener\">Facultad de Enfermer\u00eda<\/a> de la Universidad Veracruzana\u00a0(UV),\u00a0recibieron la\u00a0Condecoraci\u00f3n\u00a0\u201cMiguel Hidalgo\u201d\u00a0en grado banda\u00a0por sus servicios\u00a0prestados durante la emergencia sanitaria provocada por\u00a0la\u00a0Covid-19.<\/span><span data-ccp-props=\"{&quot;134233279&quot;:true,&quot;201341983&quot;:0,&quot;335559685&quot;:720,&quot;335559739&quot;:160,&quot;335559740&quot;:240}\">\u00a0<\/span><\/p>\n<p><span data-contrast=\"auto\">Las galardonadas coincidieron en se\u00f1alar\u00a0que\u00a0este reconocimiento\u00a0es un est\u00edmulo a su trabajo en la atenci\u00f3n a pacientes con\u00a0Covid-19\u00a0en los centros hospitalarios donde laboran, a lo cual se han abocado\u00a0desde el inicio\u00a0de la pandemia.<\/span><span data-ccp-props=\"{&quot;134233279&quot;:true,&quot;201341983&quot;:0,&quot;335559685&quot;:720,&quot;335559731&quot;:850,&quot;335559739&quot;:160,&quot;335559740&quot;:240}\">\u00a0<\/span><\/p>\n<p><span data-contrast=\"auto\">Asimismo,\u00a0dijeron que es muy gratificante ser egresadas de la UV, una instituci\u00f3n reconocida a nivel nacional\u00a0pues\u00a0los conocimientos adquiridos en la Facultad de Enfermer\u00eda representan\u00a0la base de\u00a0su\u00a0formaci\u00f3n como profesionales.<\/span><span data-ccp-props=\"{&quot;134233279&quot;:true,&quot;201341983&quot;:0,&quot;335559685&quot;:720,&quot;335559731&quot;:850,&quot;335559739&quot;:160,&quot;335559740&quot;:240}\">\u00a0<\/span><\/p>\n<p><span data-contrast=\"auto\">Carmina Guadalupe Hern\u00e1ndez,\u00a0de la generaci\u00f3n 2010-2015\u00a0y\u00a0quien actualmente\u00a0se desempe\u00f1a como\u00a0enfermera general en el Hospital Regional de Poza Rica, coment\u00f3 que la propuesta\u00a0para recibir este importante reconocimiento la hicieron\u00a0los directivos del centro hospitalario por su alto desempe\u00f1o y atenci\u00f3n al paciente.<\/span><span data-ccp-props=\"{&quot;134233279&quot;:true,&quot;201341983&quot;:0,&quot;335559685&quot;:720,&quot;335559731&quot;:850,&quot;335559739&quot;:160,&quot;335559740&quot;:240}\">\u00a0<\/span><\/p>\n<p><span data-contrast=\"auto\">\u201cEste reconocimiento representa un compromiso para seguir adelante,\u00a0tal como lo hice al velar por la salud de los pacientes durante la pandemia. La enfermer\u00eda es una profesi\u00f3n que ha sido valorada\u00a0por muchos a\u00f1os,\u00a0pero muy poco premiada;\u00a0es bueno que se reconozca\u00a0nuestro esfuerzo en esta pandemia\u201d, coment\u00f3\u00a0Hern\u00e1ndez del \u00c1ngel.<\/span><span data-ccp-props=\"{&quot;134233279&quot;:true,&quot;201341983&quot;:0,&quot;335559685&quot;:720,&quot;335559731&quot;:850,&quot;335559739&quot;:160,&quot;335559740&quot;:240}\">\u00a0<\/span><\/p>\n<p><span data-contrast=\"auto\">Gabriela Noelia Baldovino,\u00a0de la generaci\u00f3n 2014-2019,\u00a0expres\u00f3 que la\u00a0Condecoraci\u00f3n\u00a0\u201cMiguel Hidalgo\u201d\u00a0representa un orgullo y un reconocimiento al\u00a0trabajo realizado por todo el personal del\u00a0Hospital General de Zona\u00a0N\u00famero 24\u00a0del IMSS, en donde\u00a0trabaja\u00a0como auxiliar de enfermer\u00eda.<\/span><span data-ccp-props=\"{&quot;134233279&quot;:true,&quot;201341983&quot;:0,&quot;335559685&quot;:720,&quot;335559731&quot;:850,&quot;335559739&quot;:160,&quot;335559740&quot;:240}\">\u00a0<\/span><\/p>\n<p><span data-contrast=\"auto\">Coment\u00f3 que jam\u00e1s pens\u00f3 que vivir\u00eda una pandemia,\u00a0lo cual\u00a0le ha dejado muchas ense\u00f1anzas, porque\u00a0desde un principio\u00a0fue asignada al\u00a0\u00e1rea de\u00a0Covid-19, donde debi\u00f3 atender a los pacientes desde su llegada hasta su traslado a otros espacios.<\/span><span data-ccp-props=\"{&quot;134233279&quot;:true,&quot;201341983&quot;:0,&quot;335559685&quot;:720,&quot;335559731&quot;:850,&quot;335559739&quot;:160,&quot;335559740&quot;:240}\">\u00a0<\/span><\/p>\n<p><span data-contrast=\"auto\">Por\u00a0su\u00a0gran\u00a0desempe\u00f1o\u00a0fue propuesta\u00a0para\u00a0recibir\u00a0este reconocimiento\u00a0por las jefas de Enfermer\u00eda.<\/span><span data-ccp-props=\"{&quot;134233279&quot;:true,&quot;201341983&quot;:0,&quot;335559685&quot;:720,&quot;335559731&quot;:850,&quot;335559739&quot;:160,&quot;335559740&quot;:240}\">\u00a0<\/span><\/p>\n<p><span data-contrast=\"auto\">Jessica Gabriela D\u00edaz,\u00a0de la generaci\u00f3n 2005-2010,\u00a0es\u00a0enfermera general\u00a0tambi\u00e9n\u00a0en\u00a0el\u00a0Hospital General de Zona\u00a0N\u00famero 24\u00a0del IMSS.\u00a0Dijo\u00a0que a lo largo de su vida\u00a0ha enfrentado muchas batallas,\u00a0entre ellas\u00a0atender a los pacientes\u00a0Covid-19, por lo que\u00a0ser propuesta\u00a0para recibir la\u00a0Condecoraci\u00f3n \u201cMiguel Hidalgo\u201d\u00a0represent\u00f3 un logro en su vida laboral y personal.<\/span><span data-ccp-props=\"{&quot;134233279&quot;:true,&quot;201341983&quot;:0,&quot;335559685&quot;:720,&quot;335559731&quot;:850,&quot;335559739&quot;:160,&quot;335559740&quot;:240}\">\u00a0<\/span><\/p>\n<p><span data-contrast=\"auto\">\u201cDarme cuenta de la capacidad que tengo para desarrollarme en ciertos \u00e1mbitos\u00a0es\u00a0advertir\u00a0que no hay l\u00edmites. Recibir un reconocimiento por los servicios prestados a la\u00a0naci\u00f3n me llena de orgullo.\u201d<\/span><span data-ccp-props=\"{&quot;134233279&quot;:true,&quot;201341983&quot;:0,&quot;335559685&quot;:720,&quot;335559731&quot;:850,&quot;335559739&quot;:160,&quot;335559740&quot;:240}\">\u00a0<\/span><\/p>\n<p><span data-ccp-props=\"{&quot;134233279&quot;:true,&quot;201341983&quot;:0,&quot;335559685&quot;:720,&quot;335559739&quot;:160,&quot;335559740&quot;:240}\">\u00a0<\/span><\/p>\n<div id=\"attachment_107697\" style=\"width: 732px\" class=\"wp-caption aligncenter\"><img aria-describedby=\"caption-attachment-107697\" decoding=\"async\" loading=\"lazy\" class=\"wp-image-107697 size-full\" src=\"https:\/\/www.uv.mx\/prensa\/files\/2021\/12\/201221-Enfermeria-Poza-Rica-2.jpg\" alt=\"\" width=\"722\" height=\"481\" srcset=\"https:\/\/www.uv.mx\/prensa\/files\/2021\/12\/201221-Enfermeria-Poza-Rica-2.jpg 722w, https:\/\/www.uv.mx\/prensa\/files\/2021\/12\/201221-Enfermeria-Poza-Rica-2-300x200.jpg 300w\" sizes=\"(max-width: 722px) 100vw, 722px\" \/><p id=\"caption-attachment-107697\" class=\"wp-caption-text\">Jessica Gabriela D\u00edaz y Gabriela Noelia Baldovino Cruz tambi\u00e9n recibieron la Condecoraci\u00f3n \u201cMiguel Hidalgo\u201d<\/p><\/div>\n","protected":false},"excerpt":{"rendered":"<p>La enfermer\u00eda es una profesi\u00f3n que ha sido valorada por muchos a\u00f1os, pero muy poco premiada; es bueno que se reconozca nuestro esfuerzo en esta pandemia\u201d: Carmina Hern\u00e1ndez del \u00c1ngel\u00a0<\/p>\n","protected":false},"author":1869,"featured_media":107701,"comment_status":"closed","ping_status":"closed","sticky":false,"template":"","format":"standard","meta":[],"categories":[54,61,32],"tags":[],"_links":{"self":[{"href":"https:\/\/www.uv.mx\/prensa\/wp-json\/wp\/v2\/posts\/107696"}],"collection":[{"href":"https:\/\/www.uv.mx\/prensa\/wp-json\/wp\/v2\/posts"}],"about":[{"href":"https:\/\/www.uv.mx\/prensa\/wp-json\/wp\/v2\/types\/post"}],"author":[{"embeddable":true,"href":"https:\/\/www.uv.mx\/prensa\/wp-json\/wp\/v2\/users\/1869"}],"replies":[{"embeddable":true,"href":"https:\/\/www.uv.mx\/prensa\/wp-json\/wp\/v2\/comments?post=107696"}],"version-history":[{"count":1,"href":"https:\/\/www.uv.mx\/prensa\/wp-json\/wp\/v2\/posts\/107696\/revisions"}],"predecessor-version":[{"id":107804,"href":"https:\/\/www.uv.mx\/prensa\/wp-json\/wp\/v2\/posts\/107696\/revisions\/107804"}],"wp:featuredmedia":[{"embeddable":true,"href":"https:\/\/www.uv.mx\/prensa\/wp-json\/wp\/v2\/media\/107701"}],"wp:attachment":[{"href":"https:\/\/www.uv.mx\/prensa\/wp-json\/wp\/v2\/media?parent=107696"}],"wp:term":[{"taxonomy":"category","embeddable":true,"href":"https:\/\/www.uv.mx\/prensa\/wp-json\/wp\/v2\/categories?post=107696"},{"taxonomy":"post_tag","embeddable":true,"href":"https:\/\/www.uv.mx\/prensa\/wp-json\/wp\/v2\/tags?post=107696"}],"curies":[{"name":"wp","href":"https:\/\/api.w.org\/{rel}","templated":true}]}}