{"id":107745,"date":"2021-12-20T19:12:09","date_gmt":"2021-12-21T01:12:09","guid":{"rendered":"https:\/\/www.uv.mx\/prensa\/?p=107745"},"modified":"2022-02-14T18:36:12","modified_gmt":"2022-02-15T00:36:12","slug":"autoridades-universitarias-convivieron-con-personal-de-rectoria","status":"publish","type":"post","link":"https:\/\/www.uv.mx\/prensa\/banner\/autoridades-universitarias-convivieron-con-personal-de-rectoria\/","title":{"rendered":"Autoridades universitarias convivieron con personal de Rector\u00eda"},"content":{"rendered":"<p><a href=\"https:\/\/www.uv.mx\/prensa\/banner\/autoridades-universitarias-convivieron-con-personal-de-rectoria\/attachment\/festejo-naviden%cc%83o-fotonota-800x800pxok\/\" rel=\"attachment wp-att-107747\"><img decoding=\"async\" loading=\"lazy\" class=\"size-full wp-image-107747 aligncenter\" src=\"https:\/\/www.uv.mx\/prensa\/files\/2021\/12\/FESTEJO-NAVIDEN\u0303O-FOTONOTA-800x800pxOK.jpg\" alt=\"\" width=\"800\" height=\"800\" srcset=\"https:\/\/www.uv.mx\/prensa\/files\/2021\/12\/FESTEJO-NAVIDEN\u0303O-FOTONOTA-800x800pxOK.jpg 800w, https:\/\/www.uv.mx\/prensa\/files\/2021\/12\/FESTEJO-NAVIDEN\u0303O-FOTONOTA-800x800pxOK-300x300.jpg 300w, https:\/\/www.uv.mx\/prensa\/files\/2021\/12\/FESTEJO-NAVIDEN\u0303O-FOTONOTA-800x800pxOK-150x150.jpg 150w, https:\/\/www.uv.mx\/prensa\/files\/2021\/12\/FESTEJO-NAVIDEN\u0303O-FOTONOTA-800x800pxOK-768x768.jpg 768w, https:\/\/www.uv.mx\/prensa\/files\/2021\/12\/FESTEJO-NAVIDEN\u0303O-FOTONOTA-800x800pxOK-120x120.jpg 120w, https:\/\/www.uv.mx\/prensa\/files\/2021\/12\/FESTEJO-NAVIDEN\u0303O-FOTONOTA-800x800pxOK-360x360.jpg 360w\" sizes=\"(max-width: 800px) 100vw, 800px\" \/><\/a><\/p>\n","protected":false},"excerpt":{"rendered":"<p>El rector de la Universidad Veracruzana, Mart\u00edn Aguilar S\u00e1nchez, realiz\u00f3 el tradicional festejo navide\u00f1o con los trabajadores de la Unidad Central de Rector\u00eda.<\/p>\n","protected":false},"author":1775,"featured_media":107748,"comment_status":"closed","ping_status":"closed","sticky":false,"template":"","format":"standard","meta":[],"categories":[6596,61],"tags":[6237],"_links":{"self":[{"href":"https:\/\/www.uv.mx\/prensa\/wp-json\/wp\/v2\/posts\/107745"}],"collection":[{"href":"https:\/\/www.uv.mx\/prensa\/wp-json\/wp\/v2\/posts"}],"about":[{"href":"https:\/\/www.uv.mx\/prensa\/wp-json\/wp\/v2\/types\/post"}],"author":[{"embeddable":true,"href":"https:\/\/www.uv.mx\/prensa\/wp-json\/wp\/v2\/users\/1775"}],"replies":[{"embeddable":true,"href":"https:\/\/www.uv.mx\/prensa\/wp-json\/wp\/v2\/comments?post=107745"}],"version-history":[{"count":1,"href":"https:\/\/www.uv.mx\/prensa\/wp-json\/wp\/v2\/posts\/107745\/revisions"}],"predecessor-version":[{"id":107750,"href":"https:\/\/www.uv.mx\/prensa\/wp-json\/wp\/v2\/posts\/107745\/revisions\/107750"}],"wp:featuredmedia":[{"embeddable":true,"href":"https:\/\/www.uv.mx\/prensa\/wp-json\/wp\/v2\/media\/107748"}],"wp:attachment":[{"href":"https:\/\/www.uv.mx\/prensa\/wp-json\/wp\/v2\/media?parent=107745"}],"wp:term":[{"taxonomy":"category","embeddable":true,"href":"https:\/\/www.uv.mx\/prensa\/wp-json\/wp\/v2\/categories?post=107745"},{"taxonomy":"post_tag","embeddable":true,"href":"https:\/\/www.uv.mx\/prensa\/wp-json\/wp\/v2\/tags?post=107745"}],"curies":[{"name":"wp","href":"https:\/\/api.w.org\/{rel}","templated":true}]}}