{"id":107757,"date":"2021-12-21T08:00:45","date_gmt":"2021-12-21T14:00:45","guid":{"rendered":"https:\/\/www.uv.mx\/prensa\/?p=107757"},"modified":"2021-12-21T15:29:46","modified_gmt":"2021-12-21T21:29:46","slug":"uv-comprometida-con-la-conservacion-de-la-vainilla-mexicana","status":"publish","type":"post","link":"https:\/\/www.uv.mx\/prensa\/ciencia\/uv-comprometida-con-la-conservacion-de-la-vainilla-mexicana\/","title":{"rendered":"UV, comprometida con la conservaci\u00f3n de la vainilla mexicana"},"content":{"rendered":"<ul>\n<li data-leveltext=\"\uf0b7\" data-font=\"Symbol\" data-listid=\"1\" data-aria-posinset=\"1\" data-aria-level=\"1\"><i><span data-contrast=\"auto\">La segunda edici\u00f3n del evento Vainilla de M\u00e9xico para el Mundo se realiz\u00f3 de manera presencial en Papantla y Xalapa, y en formato virtual en <\/span><\/i><span data-contrast=\"auto\">Facebook Live<\/span><span data-ccp-props=\"{&quot;134233279&quot;:true}\">\u00a0<\/span><\/li>\n<\/ul>\n<p>&nbsp;<\/p>\n<div id=\"attachment_107762\" style=\"width: 732px\" class=\"wp-caption aligncenter\"><a href=\"https:\/\/www.uv.mx\/prensa\/files\/2021\/12\/171221-Dia-de-la-vainilla-1.jpg\"><img aria-describedby=\"caption-attachment-107762\" decoding=\"async\" loading=\"lazy\" class=\"size-full wp-image-107762\" src=\"https:\/\/www.uv.mx\/prensa\/files\/2021\/12\/171221-Dia-de-la-vainilla-1.jpg\" alt=\"\" width=\"722\" height=\"482\" srcset=\"https:\/\/www.uv.mx\/prensa\/files\/2021\/12\/171221-Dia-de-la-vainilla-1.jpg 722w, https:\/\/www.uv.mx\/prensa\/files\/2021\/12\/171221-Dia-de-la-vainilla-1-300x200.jpg 300w\" sizes=\"(max-width: 722px) 100vw, 722px\" \/><\/a><p id=\"caption-attachment-107762\" class=\"wp-caption-text\">Arturo Serrano y Citlalli L\u00f3pez sembraron una planta de vainilla en el predio del <em>Citro<\/em>, ubicado en el CCAD<\/p><\/div>\n<p>&nbsp;<\/p>\n<p>&nbsp;<\/p>\n<p><b><i><span data-contrast=\"auto\">Paola Cort\u00e9s P\u00e9rez<\/span><\/i><\/b><\/p>\n<p><b><i><span data-contrast=\"auto\">21\/12\/2021, Xalapa, Ver.-<\/span><\/i><\/b><span data-contrast=\"auto\"> La <a href=\"https:\/\/www.uv.mx\/\" target=\"_blank\" rel=\"noopener\">Universidad Veracruzana<\/a> (UV) est\u00e1 comprometida con la conservaci\u00f3n de la vainilla mexicana, la promoci\u00f3n de su cultivo y su uso natural, lo cual ha demostrado con diversos eventos y actividades, como Vainilla de M\u00e9xico para el Mundo 2021, realizado el jueves 16 de diciembre.<\/span><span data-ccp-props=\"{}\">\u00a0<\/span><\/p>\n<p><span data-contrast=\"auto\">La organizaci\u00f3n estuvo a cargo de los cuerpos acad\u00e9micos Conservaci\u00f3n Biol\u00f3gica, y Biotecnolog\u00eda, Sistem\u00e1tica y Ecolog\u00eda Molecular con fines Agr\u00edcolas y Forestales; as\u00ed como por el Sistema Producto Nacional Vainilla y la Benem\u00e9rita Universidad Aut\u00f3noma de Puebla.<\/span><span data-ccp-props=\"{&quot;335559731&quot;:708}\">\u00a0<\/span><\/p>\n<p><span data-contrast=\"auto\">Se trat\u00f3 de la segunda edici\u00f3n de Vainilla de M\u00e9xico para el Mundo, realizada de manera presencial en Papantla y Xalapa, y en formato virtual por <\/span><i><span data-contrast=\"auto\">Facebook Live<\/span><\/i><span data-contrast=\"auto\">. En la primera se llev\u00f3 a cabo la coronaci\u00f3n de la reina de la vainilla, la develaci\u00f3n de la placa conmemorativa y una muestra gastron\u00f3mica con vainilla.<\/span><span data-ccp-props=\"{&quot;335559731&quot;:708}\">\u00a0<\/span><\/p>\n<p><span data-contrast=\"auto\">En la sede de Xalapa, las actividades se realizaron en el predio del Centro de Investigaciones Tropicales (<\/span><i><span data-contrast=\"auto\">Citro<\/span><\/i><span data-contrast=\"auto\">), ubicado en el Campus para la Cultura, las Artes y el Deporte (CCAD) de esta casa de estudios.<\/span><span data-ccp-props=\"{&quot;335559731&quot;:708}\">\u00a0<\/span><\/p>\n<p>&nbsp;<\/p>\n<div id=\"attachment_107761\" style=\"width: 732px\" class=\"wp-caption aligncenter\"><a href=\"https:\/\/www.uv.mx\/prensa\/files\/2021\/12\/171221-Dia-de-la-vainilla-2.jpg\"><img aria-describedby=\"caption-attachment-107761\" decoding=\"async\" loading=\"lazy\" class=\"size-full wp-image-107761\" src=\"https:\/\/www.uv.mx\/prensa\/files\/2021\/12\/171221-Dia-de-la-vainilla-2.jpg\" alt=\"\" width=\"722\" height=\"482\" srcset=\"https:\/\/www.uv.mx\/prensa\/files\/2021\/12\/171221-Dia-de-la-vainilla-2.jpg 722w, https:\/\/www.uv.mx\/prensa\/files\/2021\/12\/171221-Dia-de-la-vainilla-2-300x200.jpg 300w\" sizes=\"(max-width: 722px) 100vw, 722px\" \/><\/a><p id=\"caption-attachment-107761\" class=\"wp-caption-text\">Autoridades universitarias y asistentes al evento<\/p><\/div>\n<p>&nbsp;<\/p>\n<p><span data-contrast=\"auto\">La inauguraci\u00f3n corri\u00f3 a cargo de Arturo Serrano Sol\u00eds, director general del \u00c1rea Acad\u00e9mica de Ciencias Biol\u00f3gicas y Agropecuarias, acompa\u00f1ado de la coordinadora del <\/span><i><span data-contrast=\"auto\">Citro<\/span><\/i><span data-contrast=\"auto\">, Citlalli L\u00f3pez Binnq\u00fcist.<\/span><span data-ccp-props=\"{&quot;335559731&quot;:708}\">\u00a0<\/span><\/p>\n<p><span data-contrast=\"auto\">Serrano Sol\u00eds reiter\u00f3 el compromiso del \u00e1rea acad\u00e9mica y de la Universidad en la promoci\u00f3n del consumo y decreto del D\u00eda Nacional de la Vainilla, considerando la posici\u00f3n de la instituci\u00f3n, sus acad\u00e9micos y estudiantes a nivel nacional e internacional como generadores de conocimiento en torno al cultivo, propagaci\u00f3n, conservaci\u00f3n y ecolog\u00eda de la vainilla.<\/span><span data-ccp-props=\"{&quot;335559731&quot;:708}\">\u00a0<\/span><\/p>\n<p><span data-contrast=\"auto\">Record\u00f3 que en 2020, la UV en conjunto con otras instituciones de car\u00e1cter gubernamental y de la sociedad civil organizaron seminarios virtuales en los que participaron 12 ponentes nacionales e internacionales, quienes hablaron a productores y sociedad en general sobre los avances e investigaciones en torno a la vainilla, los cuales registraron un alcance de m\u00e1s de 19 mil personas en <\/span><i><span data-contrast=\"auto\">Facebook Live<\/span><\/i><span data-contrast=\"auto\">.<\/span><span data-ccp-props=\"{&quot;335559731&quot;:708}\">\u00a0<\/span><\/p>\n<p>&nbsp;<\/p>\n<div id=\"attachment_107760\" style=\"width: 732px\" class=\"wp-caption aligncenter\"><a href=\"https:\/\/www.uv.mx\/prensa\/files\/2021\/12\/171221-Dia-de-la-vainilla-3.jpg\"><img aria-describedby=\"caption-attachment-107760\" decoding=\"async\" loading=\"lazy\" class=\"size-full wp-image-107760\" src=\"https:\/\/www.uv.mx\/prensa\/files\/2021\/12\/171221-Dia-de-la-vainilla-3.jpg\" alt=\"\" width=\"722\" height=\"482\" srcset=\"https:\/\/www.uv.mx\/prensa\/files\/2021\/12\/171221-Dia-de-la-vainilla-3.jpg 722w, https:\/\/www.uv.mx\/prensa\/files\/2021\/12\/171221-Dia-de-la-vainilla-3-300x200.jpg 300w\" sizes=\"(max-width: 722px) 100vw, 722px\" \/><\/a><p id=\"caption-attachment-107760\" class=\"wp-caption-text\">Personal de la SEV present\u00f3 una funci\u00f3n de narraci\u00f3n oral de la leyenda de la vainilla<\/p><\/div>\n<p>&nbsp;<\/p>\n<p><span data-contrast=\"auto\">\u201cAl mismo tiempo, se comenzaron a realizar acciones para poder decretar el D\u00eda Nacional de la Vainilla, tomando como fecha conmemorativa el d\u00eda 16 de diciembre, que marca el comienzo de la cosecha de vainilla en el Totonacapan. En la actualidad se contin\u00faa con las gestiones necesarias para que pueda ser decretado por la C\u00e1mara de Diputados y Senadores.\u201d<\/span><span data-ccp-props=\"{&quot;335559731&quot;:708}\">\u00a0<\/span><\/p>\n<p><span data-contrast=\"auto\">Posteriormente, personal de la Direcci\u00f3n de Actividades Art\u00edsticas de la Secretar\u00eda de Educaci\u00f3n de Veracruz (SEV) present<\/span><span data-contrast=\"auto\">\u00f3 <\/span><span data-contrast=\"auto\">a los asistentes una funci\u00f3n de narraci\u00f3n oral de la leyenda de la vainilla.<\/span><span data-ccp-props=\"{&quot;335559731&quot;:708}\">\u00a0<\/span><\/p>\n<p><span data-contrast=\"auto\">Se realiz\u00f3 la siembra representativa de una planta de vainilla, bajo la responsabilidad de David Moreno Mart\u00ednez, de la Unidad de Manejo para la Conservaci\u00f3n de la Vida Silvestre (UMA) Xochitlcalli.<\/span><span data-ccp-props=\"{&quot;335559731&quot;:708}\">\u00a0<\/span><\/p>\n<p><span data-contrast=\"auto\">El evento concluy\u00f3 con el foro virtual en <\/span><i><span data-contrast=\"auto\">Facebook<\/span><\/i> <a href=\"https:\/\/www.facebook.com\/vainillademexicoparaelmundo\" target=\"_blank\" rel=\"noopener\"><span data-contrast=\"none\">Vainilla de M\u00e9xico para el Mundo<\/span><\/a><span data-contrast=\"auto\">, en el que participaron productores y especialistas en la vainilla.<\/span><span data-ccp-props=\"{&quot;335559731&quot;:708}\">\u00a0<\/span><\/p>\n<p>&nbsp;<\/p>\n<div id=\"attachment_107759\" style=\"width: 732px\" class=\"wp-caption aligncenter\"><a href=\"https:\/\/www.uv.mx\/prensa\/files\/2021\/12\/171221-Dia-de-la-vainilla-4.jpg\"><img aria-describedby=\"caption-attachment-107759\" decoding=\"async\" loading=\"lazy\" class=\"size-full wp-image-107759\" src=\"https:\/\/www.uv.mx\/prensa\/files\/2021\/12\/171221-Dia-de-la-vainilla-4.jpg\" alt=\"\" width=\"722\" height=\"481\" srcset=\"https:\/\/www.uv.mx\/prensa\/files\/2021\/12\/171221-Dia-de-la-vainilla-4.jpg 722w, https:\/\/www.uv.mx\/prensa\/files\/2021\/12\/171221-Dia-de-la-vainilla-4-300x200.jpg 300w\" sizes=\"(max-width: 722px) 100vw, 722px\" \/><\/a><p id=\"caption-attachment-107759\" class=\"wp-caption-text\">La reina de la vainilla junto con expositores, durante las actividades realizadas en Papantla<\/p><\/div>\n","protected":false},"excerpt":{"rendered":"<p>Se efectu\u00f3 la segunda edici\u00f3n de Vainilla de M\u00e9xico para el Mundo, realizada de manera presencial en Papantla y Xalapa, y en formato virtual por <em>Facebook Live<\/em><\/p>\n","protected":false},"author":1508,"featured_media":0,"comment_status":"closed","ping_status":"closed","sticky":false,"template":"","format":"standard","meta":[],"categories":[45,6299],"tags":[],"_links":{"self":[{"href":"https:\/\/www.uv.mx\/prensa\/wp-json\/wp\/v2\/posts\/107757"}],"collection":[{"href":"https:\/\/www.uv.mx\/prensa\/wp-json\/wp\/v2\/posts"}],"about":[{"href":"https:\/\/www.uv.mx\/prensa\/wp-json\/wp\/v2\/types\/post"}],"author":[{"embeddable":true,"href":"https:\/\/www.uv.mx\/prensa\/wp-json\/wp\/v2\/users\/1508"}],"replies":[{"embeddable":true,"href":"https:\/\/www.uv.mx\/prensa\/wp-json\/wp\/v2\/comments?post=107757"}],"version-history":[{"count":1,"href":"https:\/\/www.uv.mx\/prensa\/wp-json\/wp\/v2\/posts\/107757\/revisions"}],"predecessor-version":[{"id":107788,"href":"https:\/\/www.uv.mx\/prensa\/wp-json\/wp\/v2\/posts\/107757\/revisions\/107788"}],"wp:attachment":[{"href":"https:\/\/www.uv.mx\/prensa\/wp-json\/wp\/v2\/media?parent=107757"}],"wp:term":[{"taxonomy":"category","embeddable":true,"href":"https:\/\/www.uv.mx\/prensa\/wp-json\/wp\/v2\/categories?post=107757"},{"taxonomy":"post_tag","embeddable":true,"href":"https:\/\/www.uv.mx\/prensa\/wp-json\/wp\/v2\/tags?post=107757"}],"curies":[{"name":"wp","href":"https:\/\/api.w.org\/{rel}","templated":true}]}}