{"id":107769,"date":"2021-12-21T08:00:48","date_gmt":"2021-12-21T14:00:48","guid":{"rendered":"https:\/\/www.uv.mx\/prensa\/?p=107769"},"modified":"2021-12-21T15:34:51","modified_gmt":"2021-12-21T21:34:51","slug":"docentes-uv-obtuvieron-certificacion-de-competencia-dual","status":"publish","type":"post","link":"https:\/\/www.uv.mx\/prensa\/banner\/docentes-uv-obtuvieron-certificacion-de-competencia-dual\/","title":{"rendered":"Docentes UV obtuvieron certificaci\u00f3n de competencia Dual"},"content":{"rendered":"<style type=\"text\/css\">\n  blockquote p { color: #28519b; font-family: helvetica; font-size: 1.4em; }<br \/><\/style>\n<ul>\n<li data-leveltext=\"\uf0b7\" data-font=\"Symbol\" data-listid=\"1\" data-aria-posinset=\"1\" data-aria-level=\"1\"><i><span data-contrast=\"auto\">Cinco profesores de las \u00e1reas acad\u00e9micas T\u00e9cnica y Econ\u00f3mico-Administrativa fueron avalados por este sistema de educaci\u00f3n<\/span><\/i><span data-ccp-props=\"{&quot;134233279&quot;:true,&quot;201341983&quot;:0,&quot;335559739&quot;:160,&quot;335559740&quot;:240}\">\u00a0<\/span><\/li>\n<li data-leveltext=\"\uf0b7\" data-font=\"Symbol\" data-listid=\"1\" data-aria-posinset=\"2\" data-aria-level=\"1\"><i><span data-contrast=\"auto\">La modalidad favorece el incremento de la empleabilidad de los universitarios<\/span><\/i><span data-ccp-props=\"{&quot;134233279&quot;:true,&quot;201341983&quot;:0,&quot;335559739&quot;:160,&quot;335559740&quot;:240}\">\u00a0<\/span><\/li>\n<li data-leveltext=\"\uf0b7\" data-font=\"Symbol\" data-listid=\"1\" data-aria-posinset=\"3\" data-aria-level=\"1\"><i><span data-contrast=\"none\">Es impulsada por la C\u00e1mara M\u00e9xico-Alemana de Comercio e Industria, el Consejo Nacional de Normalizaci\u00f3n y Certificaci\u00f3n, y la SEP<\/span><\/i><span data-ccp-props=\"{&quot;134233279&quot;:true,&quot;201341983&quot;:0,&quot;335559739&quot;:160,&quot;335559740&quot;:240}\">\u00a0<\/span><\/li>\n<\/ul>\n<p>&nbsp;<\/p>\n<div id=\"attachment_107771\" style=\"width: 732px\" class=\"wp-caption aligncenter\"><a href=\"https:\/\/www.uv.mx\/prensa\/files\/2021\/12\/211221-CERTIFICACION-DUAL-1.jpg\"><img aria-describedby=\"caption-attachment-107771\" decoding=\"async\" loading=\"lazy\" class=\"size-full wp-image-107771\" src=\"https:\/\/www.uv.mx\/prensa\/files\/2021\/12\/211221-CERTIFICACION-DUAL-1.jpg\" alt=\"\" width=\"722\" height=\"481\" srcset=\"https:\/\/www.uv.mx\/prensa\/files\/2021\/12\/211221-CERTIFICACION-DUAL-1.jpg 722w, https:\/\/www.uv.mx\/prensa\/files\/2021\/12\/211221-CERTIFICACION-DUAL-1-300x200.jpg 300w\" sizes=\"(max-width: 722px) 100vw, 722px\" \/><\/a><p id=\"caption-attachment-107771\" class=\"wp-caption-text\">Docentes UV obtuvieron certificaci\u00f3n de competencia Dual<\/p><\/div>\n<p>&nbsp;<\/p>\n<blockquote><p><span class=\"TextRun Highlight BCX4 SCXW187658259\" lang=\"ES-MX\" xml:lang=\"ES-MX\" data-contrast=\"none\"><span class=\"NormalTextRun BCX4 SCXW187658259\">Se trata de un<\/span><\/span><span class=\"TextRun Highlight BCX4 SCXW187658259\" lang=\"ES-MX\" xml:lang=\"ES-MX\" data-contrast=\"auto\"><span class=\"NormalTextRun BCX4 SCXW187658259\"> modelo de formaci\u00f3n profesional y educativa en la que el proceso ense\u00f1anza-aprendizaje se realiza en dos lugares dis<\/span><span class=\"NormalTextRun BCX4 SCXW187658259\">tintos: en las IES<\/span><span class=\"NormalTextRun BCX4 SCXW187658259\">, donde se implementa<\/span><span class=\"NormalTextRun BCX4 SCXW187658259\">n actividades te\u00f3rico-pr\u00e1cticas,<\/span><span class=\"NormalTextRun BCX4 SCXW187658259\"> y en una organizaci\u00f3n, donde ejecutan actividades did\u00e1ctico-productivas <\/span><span class=\"NormalTextRun BCX4 SCXW187658259\">que se complementan y alternan<\/span><\/span><\/p><\/blockquote>\n<p>&nbsp;<\/p>\n<p><b><i><span data-contrast=\"auto\">Claudia Peralta V\u00e1zquez<\/span><\/i><\/b><\/p>\n<p><b><i><span data-contrast=\"auto\">Fotos: Omar Portilla Palacios<\/span><\/i><\/b><span data-ccp-props=\"{&quot;201341983&quot;:0,&quot;335559739&quot;:160,&quot;335559740&quot;:240}\">\u00a0<\/span><\/p>\n<p><span data-ccp-props=\"{&quot;201341983&quot;:0,&quot;335559739&quot;:160,&quot;335559740&quot;:240}\">\u00a0<\/span><b><i><span data-contrast=\"auto\">21\/12\/2021, Xalapa, Ver.- <\/span><\/i><\/b><span data-contrast=\"auto\">Docentes de la <a href=\"https:\/\/www.uv.mx\/\" target=\"_blank\" rel=\"noopener\">Universidad Veracruzana<\/a> (UV), de las \u00e1reas acad\u00e9micas Econ\u00f3mico-Administrativa (AAEA) y T\u00e9cnica (AAT), recibieron el pasado 14 de diciembre la certificaci\u00f3n de competencias del Sistema de Educaci\u00f3n Dual, otorgado por la C\u00e1mara Mexicano-Alemana de Comercio e Industria (<\/span><i><span data-contrast=\"auto\">Camexa<\/span><\/i><span data-contrast=\"auto\">), la Secretar\u00eda de Educaci\u00f3n P\u00fablica (SEP), y el Consejo Nacional de Normalizaci\u00f3n y Certificaci\u00f3n (<\/span><i><span data-contrast=\"auto\">Conocer<\/span><\/i><span data-contrast=\"auto\">).<\/span><span data-ccp-props=\"{&quot;201341983&quot;:0,&quot;335559739&quot;:160,&quot;335559740&quot;:240}\">\u00a0<\/span><\/p>\n<p><span data-contrast=\"none\">Por el medio virtual, dicho reconocimiento se otorg\u00f3 a 70 docentes de instituciones de educaci\u00f3n superior (IES), de un total de 172 evaluados a nivel nacional en este marco de competencia implementado en la UV a partir del segundo semestre de 2020,<\/span> <span data-contrast=\"none\">con la incorporaci\u00f3n de estudiantes de \u00faltimos semestres.<\/span><span data-ccp-props=\"{&quot;201341983&quot;:0,&quot;335559731&quot;:708,&quot;335559739&quot;:160,&quot;335559740&quot;:240}\">\u00a0<\/span><\/p>\n<p><span data-contrast=\"none\">Se trata de un<\/span><span data-contrast=\"auto\"> modelo de formaci\u00f3n profesional y educativa en la que el proceso ense\u00f1anza-aprendizaje se realiza en dos lugares distintos: en las IES, donde se implementan actividades te\u00f3rico-pr\u00e1cticas, y en una organizaci\u00f3n, donde ejecutan actividades did\u00e1ctico-productivas que se complementan y alternan.<\/span><span data-ccp-props=\"{&quot;201341983&quot;:0,&quot;335559731&quot;:708,&quot;335559739&quot;:160,&quot;335559740&quot;:240}\">\u00a0<\/span><\/p>\n<p><span data-contrast=\"none\">Para exaltar este esfuerzo, Eduardo Gasca Herrera, director general del AAT, encabez\u00f3 el lunes 20 de diciembre una reuni\u00f3n con los docentes certificados, en la que particip\u00f3 por v\u00eda remota<\/span><span data-contrast=\"auto\"> Nancy Huerta Elizarrar\u00e1s, representante de la Subsecretar\u00eda de Educaci\u00f3n Superior, y Andreas M\u00fcller, director adjunto de <\/span><i><span data-contrast=\"auto\">Camexa<\/span><\/i><span data-contrast=\"auto\">, quienes reconocieron el desempe\u00f1o multidisciplinar mostrado en este proceso de crecimiento educativo.<\/span><span data-ccp-props=\"{&quot;201341983&quot;:0,&quot;335559731&quot;:708,&quot;335559739&quot;:160,&quot;335559740&quot;:240}\">\u00a0<\/span><\/p>\n<p><span data-contrast=\"auto\">Minerva Hern\u00e1ndez Lozano, de la Facultad de Qu\u00edmica Farmac\u00e9utica Biol\u00f3gica (QFB); Martha Edith Morales Mart\u00ednez y Ervin Jes\u00fas \u00c1lvarez S\u00e1nchez, de la Facultad de Ingenier\u00eda Mec\u00e1nica El\u00e9ctrica (FIME); Luis Alejandro Gazca Herrera, de la Facultad de Contadur\u00eda y Administraci\u00f3n (FCA), y Karina Culebro Castillo, de la Facultad de Ciencias Administrativas y Sociales (FCAS), son los<\/span><span data-contrast=\"none\"> profesores certificados.<\/span><span data-ccp-props=\"{&quot;201341983&quot;:0,&quot;335559731&quot;:708,&quot;335559739&quot;:160,&quot;335559740&quot;:240}\">\u00a0<\/span><\/p>\n<p><span data-contrast=\"auto\">Durante la reuni\u00f3n, Eduardo Gasca reconoci\u00f3 la importancia del Sistema de Educaci\u00f3n Dual, el cual busca ampliarse en esta casa de estudios. Tambi\u00e9n, agradeci\u00f3 el respaldo de los organismos involucrados, entre ellos la Asociaci\u00f3n Nacional de Universidades e Instituciones de Educaci\u00f3n Superior (ANUIES).<\/span><span data-ccp-props=\"{&quot;201341983&quot;:0,&quot;335559731&quot;:708,&quot;335559739&quot;:160,&quot;335559740&quot;:240}\">\u00a0<\/span><\/p>\n<p><span data-contrast=\"auto\">Nancy Huerta coment\u00f3 que desde 2018 inici\u00f3 el proceso de capacitaci\u00f3n docente en instituciones como la UV, Instituto Polit\u00e9cnico Nacional (IPN), Universidad Aut\u00f3noma de M\u00e9xico y otras p\u00fablicas estatales.<\/span><span data-ccp-props=\"{&quot;201341983&quot;:0,&quot;335559731&quot;:708,&quot;335559739&quot;:160,&quot;335559740&quot;:240}\">\u00a0<\/span><\/p>\n<p><span data-contrast=\"auto\">Desde abril de 2021, con la entrada en rigor de la nueva Ley Nacional de Educaci\u00f3n Superior, ha quedado instaurada como una modalidad de aprendizaje combinada entre las IES y las empresas.<\/span><span data-ccp-props=\"{&quot;201341983&quot;:0,&quot;335559731&quot;:708,&quot;335559739&quot;:160,&quot;335559740&quot;:240}\">\u00a0<\/span><\/p>\n<p><span data-contrast=\"auto\">\u201cA partir de estos procesos de capacitaci\u00f3n se gener\u00f3 la construcci\u00f3n de un aprendizaje colectivo, aprendimos de ustedes y de las diversas universidades participantes.\u201d<\/span><span data-ccp-props=\"{&quot;201341983&quot;:0,&quot;335559731&quot;:708,&quot;335559739&quot;:160,&quot;335559740&quot;:240}\">\u00a0<\/span><\/p>\n<p><span data-contrast=\"auto\">Gracias a ello se logr\u00f3 realizar la evaluaci\u00f3n con fines de certificaci\u00f3n, tarea que no fue f\u00e1cil, pero requiri\u00f3 de mucho esfuerzo y trabajo previo, de articular la experiencia que tiene la UV en materia de educaci\u00f3n Dual.<\/span><span data-ccp-props=\"{&quot;201341983&quot;:0,&quot;335559731&quot;:708,&quot;335559739&quot;:160,&quot;335559740&quot;:240}\">\u00a0<\/span><\/p>\n<p><span data-contrast=\"auto\">Por su parte, Andreas M\u00fcller felicit\u00f3 a los cinco acad\u00e9micos que aprobaron la evaluaci\u00f3n y expres\u00f3 que en M\u00e9xico buscan la construcci\u00f3n de experiencias de educaci\u00f3n Dual basada en el modelo alem\u00e1n, pero con las herramientas necesarias para consumar las propias en cada regi\u00f3n.<\/span><span data-ccp-props=\"{&quot;201341983&quot;:0,&quot;335559731&quot;:708,&quot;335559739&quot;:160,&quot;335559740&quot;:240}\">\u00a0<\/span><\/p>\n<p>&nbsp;<\/p>\n<div id=\"attachment_107770\" style=\"width: 732px\" class=\"wp-caption aligncenter\"><a href=\"https:\/\/www.uv.mx\/prensa\/files\/2021\/12\/211221-CERTIFICACION-DUAL-2.jpg\"><img aria-describedby=\"caption-attachment-107770\" decoding=\"async\" loading=\"lazy\" class=\"size-full wp-image-107770\" src=\"https:\/\/www.uv.mx\/prensa\/files\/2021\/12\/211221-CERTIFICACION-DUAL-2.jpg\" alt=\"\" width=\"722\" height=\"481\" srcset=\"https:\/\/www.uv.mx\/prensa\/files\/2021\/12\/211221-CERTIFICACION-DUAL-2.jpg 722w, https:\/\/www.uv.mx\/prensa\/files\/2021\/12\/211221-CERTIFICACION-DUAL-2-300x200.jpg 300w\" sizes=\"(max-width: 722px) 100vw, 722px\" \/><\/a><p id=\"caption-attachment-107770\" class=\"wp-caption-text\">Autoridades de la SEP y de la C\u00e1mara Mexicano-Alemana de Comercio e Industria reconocieron el esfuerzo de los acad\u00e9micos UV<\/p><\/div>\n<p>&nbsp;<\/p>\n<p><span data-contrast=\"auto\">\u201cQueremos aumentar la empleabilidad de los estudiantes, siempre con la verificaci\u00f3n y acompa\u00f1amiento de los docentes, desde el inicio y hasta el final de su permanencia y preparaci\u00f3n en las empresas.\u201d<\/span><span data-ccp-props=\"{&quot;201341983&quot;:0,&quot;335559731&quot;:708,&quot;335559739&quot;:160,&quot;335559740&quot;:240}\">\u00a0<\/span><\/p>\n<p><span data-contrast=\"auto\">Al compartir sus experiencias y orgullo por haberse incorporado a este proyecto, Karina Culebro dijo que esta formaci\u00f3n la inici\u00f3 en el Colegio Nacional de Educaci\u00f3n Profesional T\u00e9cnica (<\/span><i><span data-contrast=\"auto\">Conalep<\/span><\/i><span data-contrast=\"auto\">).<\/span><span data-ccp-props=\"{&quot;201341983&quot;:0,&quot;335559731&quot;:708,&quot;335559739&quot;:160,&quot;335559740&quot;:240}\">\u00a0<\/span><\/p>\n<p><span data-contrast=\"auto\">\u201cEsta certificaci\u00f3n ampl\u00eda la experiencia que ten\u00eda y me faltaba, pues hay muchos elementos con respecto a la evaluaci\u00f3n y seguimiento que se le debe dar a un estudiante Dual.\u201d<\/span><span data-ccp-props=\"{&quot;201341983&quot;:0,&quot;335559731&quot;:708,&quot;335559739&quot;:160,&quot;335559740&quot;:240}\">\u00a0<\/span><\/p>\n<p><span data-contrast=\"auto\">En este sentido, asegur\u00f3 que el est\u00e1ndar de competencia les brinda todas las herramientas para complementar este modelo y poder aplicarlo en breve.<\/span><span data-ccp-props=\"{&quot;201341983&quot;:0,&quot;335559731&quot;:708,&quot;335559739&quot;:160,&quot;335559740&quot;:240}\">\u00a0<\/span><\/p>\n<p><span data-contrast=\"auto\">Martha Edith Morales agradeci\u00f3 el apoyo del AAT e indic\u00f3 que esta estrategia surgi\u00f3 en la UV ante la necesidad de impulsar nuevas modalidades educativas y garantizar programas educativos (PE) actualizados y pertinentes que respondan a los requerimientos del sector productivo.<\/span><span data-ccp-props=\"{&quot;201341983&quot;:0,&quot;335559731&quot;:708,&quot;335559739&quot;:160,&quot;335559740&quot;:240}\">\u00a0<\/span><\/p>\n<p><span data-contrast=\"auto\">Lo que se busca, dijo, es la formaci\u00f3n de talento universitario de calidad y el desarrollo de esas competencias dentro del entorno laboral.<\/span><span data-ccp-props=\"{&quot;201341983&quot;:0,&quot;335559731&quot;:708,&quot;335559739&quot;:160,&quot;335559740&quot;:240}\">\u00a0<\/span><\/p>\n<p><span data-contrast=\"auto\">Minerva Hern\u00e1ndez habl\u00f3 de la labor realizada desde hace tres a\u00f1os en materia de certificaci\u00f3n, y confi\u00f3 en que m\u00e1s adelante otras facultades del AAT sean incorporadas a este esquema innovador.<\/span><span data-ccp-props=\"{&quot;201341983&quot;:0,&quot;335559731&quot;:708,&quot;335559739&quot;:160,&quot;335559740&quot;:240}\">\u00a0<\/span><\/p>\n<p><span data-contrast=\"auto\">\u201cEsperemos que sea algo muy bueno para que todos los programas involucren m\u00e1s a los estudiantes con el sector productivo, y nosotros cinco tengamos la facilidad de formar a nuevos tutores duales\u201d.<\/span><span data-ccp-props=\"{&quot;201341983&quot;:0,&quot;335559731&quot;:708,&quot;335559739&quot;:160,&quot;335559740&quot;:240}\">\u00a0<\/span><\/p>\n<p><span data-contrast=\"auto\">\u00a0El tutor es el que debe tener contacto m\u00e1s \u00edntimo con el sector productivo, m\u00e1s experiencias y no s\u00f3lo guiar al alumno en la trayectoria convencional, agreg\u00f3.<\/span><span data-ccp-props=\"{&quot;201341983&quot;:0,&quot;335559731&quot;:708,&quot;335559739&quot;:160,&quot;335559740&quot;:240}\">\u00a0<\/span><\/p>\n<p><span data-contrast=\"auto\">En tanto, Ervin Jes\u00fas \u00c1lvarez afirm\u00f3 que acciones como \u00e9stas demuestran el compromiso de la UV y del AAT con la formaci\u00f3n integral del estudiante. \u201cSe requiere hacer esta uni\u00f3n entre academia y empresa, es lo que se busca en todo momento\u201d.<\/span><span data-ccp-props=\"{&quot;201341983&quot;:0,&quot;335559731&quot;:708,&quot;335559739&quot;:160,&quot;335559740&quot;:240}\">\u00a0<\/span><\/p>\n<p><span data-contrast=\"auto\">Luis Alejandro Gazca opin\u00f3 que dicho modelo educativo determina la pertinencia de los programas y planes de estudio de las facultades, y vincula a los estudiantes, profesores y autoridades con los sectores productivos, tanto p\u00fablicos como privados, donde los estudiantes podr\u00e1n complementar su formaci\u00f3n.<\/span><span data-ccp-props=\"{&quot;201341983&quot;:0,&quot;335559731&quot;:708,&quot;335559739&quot;:160,&quot;335559740&quot;:240}\">\u00a0<\/span><\/p>\n<p><span data-contrast=\"auto\">\u201cEs diferente a una pr\u00e1ctica profesional, un servicio social o una estancia; el estudiante se formar\u00e1 y aprender\u00e1 dentro de la industria y organizaciones, eso garantiza su incorporaci\u00f3n al sector productivo m\u00e1s r\u00e1pido y con mayor facilidad.\u201d<\/span><span data-ccp-props=\"{&quot;201341983&quot;:0,&quot;335559731&quot;:708,&quot;335559739&quot;:160,&quot;335559740&quot;:240}\">\u00a0<\/span><\/p>\n","protected":false},"excerpt":{"rendered":"<p>Eduardo Gasca reconoci\u00f3 la importancia del Sistema de Educaci\u00f3n Dual, el cual busca ampliarse en esta casa de estudios  <\/p>\n","protected":false},"author":1508,"featured_media":107772,"comment_status":"closed","ping_status":"closed","sticky":false,"template":"","format":"standard","meta":[],"categories":[61],"tags":[],"_links":{"self":[{"href":"https:\/\/www.uv.mx\/prensa\/wp-json\/wp\/v2\/posts\/107769"}],"collection":[{"href":"https:\/\/www.uv.mx\/prensa\/wp-json\/wp\/v2\/posts"}],"about":[{"href":"https:\/\/www.uv.mx\/prensa\/wp-json\/wp\/v2\/types\/post"}],"author":[{"embeddable":true,"href":"https:\/\/www.uv.mx\/prensa\/wp-json\/wp\/v2\/users\/1508"}],"replies":[{"embeddable":true,"href":"https:\/\/www.uv.mx\/prensa\/wp-json\/wp\/v2\/comments?post=107769"}],"version-history":[{"count":1,"href":"https:\/\/www.uv.mx\/prensa\/wp-json\/wp\/v2\/posts\/107769\/revisions"}],"predecessor-version":[{"id":107827,"href":"https:\/\/www.uv.mx\/prensa\/wp-json\/wp\/v2\/posts\/107769\/revisions\/107827"}],"wp:featuredmedia":[{"embeddable":true,"href":"https:\/\/www.uv.mx\/prensa\/wp-json\/wp\/v2\/media\/107772"}],"wp:attachment":[{"href":"https:\/\/www.uv.mx\/prensa\/wp-json\/wp\/v2\/media?parent=107769"}],"wp:term":[{"taxonomy":"category","embeddable":true,"href":"https:\/\/www.uv.mx\/prensa\/wp-json\/wp\/v2\/categories?post=107769"},{"taxonomy":"post_tag","embeddable":true,"href":"https:\/\/www.uv.mx\/prensa\/wp-json\/wp\/v2\/tags?post=107769"}],"curies":[{"name":"wp","href":"https:\/\/api.w.org\/{rel}","templated":true}]}}