{"id":107944,"date":"2022-01-03T08:00:46","date_gmt":"2022-01-03T14:00:46","guid":{"rendered":"https:\/\/www.uv.mx\/prensa\/?p=107944"},"modified":"2022-01-06T10:37:39","modified_gmt":"2022-01-06T16:37:39","slug":"academicas-uv-y-la-uaemex-intercambiaron-conocimiento-sobre-la-milpa","status":"publish","type":"post","link":"https:\/\/www.uv.mx\/prensa\/sustentabilidad\/academicas-uv-y-la-uaemex-intercambiaron-conocimiento-sobre-la-milpa\/","title":{"rendered":"Acad\u00e9micas de la UV y la UAEMex intercambiaron conocimientos sobre la milpa"},"content":{"rendered":"<ul>\n<li data-leveltext=\"\uf0b7\" data-font=\"Symbol\" data-listid=\"1\" data-aria-posinset=\"1\" data-aria-level=\"1\"><i><span data-contrast=\"auto\">El objetivo fue compartir experiencias de investigaci\u00f3n y metodolog\u00edas, as\u00ed como comparar los sistemas de milpa de los estados de M\u00e9xico y Veracruz<\/span><\/i><span data-ccp-props=\"{&quot;134233279&quot;:true}\">\u00a0<\/span><\/li>\n<\/ul>\n<p>&nbsp;<\/p>\n<div id=\"attachment_107952\" style=\"width: 732px\" class=\"wp-caption aligncenter\"><a href=\"https:\/\/www.uv.mx\/prensa\/files\/2022\/01\/030122-estancia-Citro-1.jpg\"><img aria-describedby=\"caption-attachment-107952\" decoding=\"async\" loading=\"lazy\" class=\"size-full wp-image-107952\" src=\"https:\/\/www.uv.mx\/prensa\/files\/2022\/01\/030122-estancia-Citro-1.jpg\" alt=\"\" width=\"722\" height=\"481\" srcset=\"https:\/\/www.uv.mx\/prensa\/files\/2022\/01\/030122-estancia-Citro-1.jpg 722w, https:\/\/www.uv.mx\/prensa\/files\/2022\/01\/030122-estancia-Citro-1-300x200.jpg 300w\" sizes=\"(max-width: 722px) 100vw, 722px\" \/><\/a><p id=\"caption-attachment-107952\" class=\"wp-caption-text\">Laura Reyes realiz\u00f3 estancia de investigaci\u00f3n en la UV<\/p><\/div>\n<p>&nbsp;<\/p>\n<p><b><i><span data-contrast=\"auto\">Paola Cort\u00e9s P\u00e9rez<\/span><\/i><\/b><span data-ccp-props=\"{}\">\u00a0<\/span><\/p>\n<p><b><i><span data-contrast=\"auto\">03\/01\/2022, Xalapa, Ver.-<\/span><\/i><\/b><span data-contrast=\"auto\"> La colaboraci\u00f3n entre cuerpos acad\u00e9micos (CA) de diferentes instituciones y universidades del pa\u00eds siempre suma para la generaci\u00f3n de conocimiento, expres\u00f3 Laura Reyes Montes, profesora-investigadora de la Facultad de Antropolog\u00eda de la Universidad Aut\u00f3noma del Estado de M\u00e9xico (UAEMex), quien realiz\u00f3 una estancia de investigaci\u00f3n en la <a href=\"https:\/\/www.uv.mx\/\" target=\"_blank\" rel=\"noopener\">Universidad Veracruzana<\/a> (UV).<\/span><span data-ccp-props=\"{}\">\u00a0<\/span><\/p>\n<p><span data-contrast=\"auto\">Laura Reyes coment\u00f3 que en noviembre 2021 realiz\u00f3 una estancia en el Centro de Investigaciones Tropicales (<\/span><i><span data-contrast=\"auto\">Citro<\/span><\/i><span data-contrast=\"auto\">) y se dio a trav\u00e9s de Mar\u00eda Cristina N\u00fa\u00f1ez Madrazo, responsable del CA Transdisciplinariedad, Sustentabilidad y Di\u00e1logo de Saberes, del Centro de EcoAlfabetizaci\u00f3n y Di\u00e1logo de Saberes (<\/span><i><span data-contrast=\"auto\">EcoDi\u00e1logo<\/span><\/i><span data-contrast=\"auto\">) de esta casa de estudios, con el que ya ha realizado anteriormente algunas actividades acad\u00e9micas.<\/span><span data-ccp-props=\"{&quot;335559731&quot;:708}\">\u00a0<\/span><\/p>\n<p><span data-contrast=\"auto\">\u201cElla me invit\u00f3 a colaborar en el proyecto \u2018Met\u00e1foras en el arte de narrar y sembrar cafetales, montes y milpas en el centro de Veracruz\u2019, que desarrollan junto con el <\/span><i><span data-contrast=\"auto\">Citro<\/span><\/i><span data-contrast=\"auto\">, coordinado por Citlalli L\u00f3pez Binnq\u00fcist.\u201d<\/span><span data-ccp-props=\"{&quot;335559731&quot;:708}\">\u00a0<\/span><\/p>\n<p><span data-contrast=\"auto\">Uno de los puntos que la motivaron a realizar la estancia, fue que en el <\/span><i><span data-contrast=\"auto\">Citro<\/span><\/i><span data-contrast=\"auto\"> hacen acci\u00f3n participativa y establecen una actividad acad\u00e9mica y de investigaci\u00f3n conforme a los tiempos de las comunidades, las cuales tienen el conocimiento y llevan a cabo cotidianamente las pr\u00e1cticas agr\u00edcolas, \u201clo que representa un aprendizaje relevante\u201d.<\/span><span data-ccp-props=\"{&quot;335559731&quot;:708}\">\u00a0<\/span><\/p>\n<p><span data-contrast=\"auto\">El objetivo principal de la invitaci\u00f3n por parte de las acad\u00e9micas de la UV, cont\u00f3, es compartir experiencias de investigaci\u00f3n y metodolog\u00edas, as\u00ed como comparar los sistemas de milpa del Valle de Ixtlahuaca, del Estado de M<\/span><span data-contrast=\"auto\">\u00e9xico, y de la regi\u00f3n de Xalapa, Veracruz.<\/span><span data-ccp-props=\"{&quot;335559731&quot;:708}\">\u00a0<\/span><\/p>\n<p>&nbsp;<\/p>\n<div id=\"attachment_107953\" style=\"width: 732px\" class=\"wp-caption aligncenter\"><a href=\"https:\/\/www.uv.mx\/prensa\/files\/2022\/01\/030122-estancia-Citro-2.jpg\"><img aria-describedby=\"caption-attachment-107953\" decoding=\"async\" loading=\"lazy\" class=\"size-full wp-image-107953\" src=\"https:\/\/www.uv.mx\/prensa\/files\/2022\/01\/030122-estancia-Citro-2.jpg\" alt=\"\" width=\"722\" height=\"481\" srcset=\"https:\/\/www.uv.mx\/prensa\/files\/2022\/01\/030122-estancia-Citro-2.jpg 722w, https:\/\/www.uv.mx\/prensa\/files\/2022\/01\/030122-estancia-Citro-2-300x200.jpg 300w\" sizes=\"(max-width: 722px) 100vw, 722px\" \/><\/a><p id=\"caption-attachment-107953\" class=\"wp-caption-text\">La <span data-contrast=\"auto\">profesora-investigadora <\/span>particip\u00f3 en el proyecto \u201cMet\u00e1foras en el arte de narrar y sembrar cafetales, montes y milpas en el centro de Veracruz\u201d<\/p><\/div>\n<p><span data-contrast=\"auto\">\u201cReflexionar en torno a la importancia del policultivo del sistema milpa, donde se sabe que cultivando ma\u00edz, frijol y calabaza aporta muchos beneficios ecol\u00f3gicos, sociales, econ\u00f3micos y culturales; todo esto tiene una estrecha relaci\u00f3n con la alimentaci\u00f3n. Tenemos una diversidad ecol\u00f3gica y cultural que podr\u00edamos trabajarla de manera interdisciplinaria.\u201d<\/span><span data-ccp-props=\"{&quot;335559731&quot;:708}\">\u00a0<\/span><\/p>\n<p><span data-contrast=\"auto\">Entre las observaciones, resultado de la estancia, se\u00f1al\u00f3 que en la zona del Valle de Ixtlahuaca los productores logran una cosecha al a\u00f1o, mientras que en la regi\u00f3n de Xalapa obtienen dos cosechas anuales gracias al clima y los beneficios de la tierra.<\/span><span data-ccp-props=\"{&quot;335559731&quot;:708}\">\u00a0<\/span><\/p>\n<p><span data-contrast=\"auto\">\u201cSer\u00eda muy complicado compartir o aplicar m\u00e9todos de estos dos sistemas milpa, toda vez que son ambientes totalmente diferentes; probablemente la forma de seleccionar y conservar los ma\u00edces criollos ser<\/span><span data-contrast=\"auto\">\u00eda<\/span><span data-contrast=\"auto\"> una pr\u00e1ctica para compartir.\u201d<\/span><span data-ccp-props=\"{&quot;335559731&quot;:708}\">\u00a0<\/span><\/p>\n<p><span data-contrast=\"auto\">Laura Reyes reiter\u00f3 que este tipo de enlaces acad\u00e9micos y de investigaci\u00f3n enriquecen las actividades y el conocimiento generado, especialmente cuando se involucra a la poblaci\u00f3n, que en este caso son los productores del sistema milpa.<\/span><span data-ccp-props=\"{&quot;335559731&quot;:708}\">\u00a0<\/span><\/p>\n<p><span data-contrast=\"auto\">\u201cLa modalidad de los CA es un canal id\u00f3neo para realizar trabajos interdisciplinarios, como lo promueven en la Universidad, ya que la colaboraci\u00f3n siempre suma para el conocimiento.\u201d<\/span><span data-ccp-props=\"{&quot;335559731&quot;:708}\">\u00a0<\/span><\/p>\n<p><span data-contrast=\"auto\">Por lo que la investigadora de la UAEMex no descarta que de nueva cuenta \u2013si las condiciones y las universidades lo permiten\u2013 pueda hacer otra estancia de investigaci\u00f3n.<\/span><span data-ccp-props=\"{&quot;335559731&quot;:708}\">\u00a0<\/span><\/p>\n<p><b><span data-contrast=\"auto\">Semblanza<\/span><\/b><span data-ccp-props=\"{}\">\u00a0<\/span><\/p>\n<p><span data-contrast=\"auto\">Laura Reyes Montes es doctora en Antropolog\u00eda Social por la Universidad Iberoamericana (UIA) Ciudad de M\u00e9xico.<\/span><span data-ccp-props=\"{}\">\u00a0<\/span><\/p>\n<p><span data-contrast=\"auto\">Desde 1991 es profesora investigadora de tiempo completo de la Facultad de Antropolog\u00eda de la UAMex. Actualmente es l\u00edder del CA Etnograf\u00eda y Sistemas Culturales, su l\u00ednea de investigaci\u00f3n es \u201cEnse\u00f1anza de la etnograf\u00eda, etnoecolog\u00eda y patrimonio biocultural\u201d.<\/span><span data-ccp-props=\"{&quot;335559731&quot;:708}\">\u00a0<\/span><\/p>\n","protected":false},"excerpt":{"rendered":"<p>El objetivo fue compartir experiencias de investigaci\u00f3n y metodolog\u00edas, as\u00ed como comparar los sistemas de milpa de los estados de M\u00e9xico y Veracruz<\/p>\n","protected":false},"author":1508,"featured_media":107953,"comment_status":"closed","ping_status":"closed","sticky":false,"template":"","format":"standard","meta":[],"categories":[6299],"tags":[],"_links":{"self":[{"href":"https:\/\/www.uv.mx\/prensa\/wp-json\/wp\/v2\/posts\/107944"}],"collection":[{"href":"https:\/\/www.uv.mx\/prensa\/wp-json\/wp\/v2\/posts"}],"about":[{"href":"https:\/\/www.uv.mx\/prensa\/wp-json\/wp\/v2\/types\/post"}],"author":[{"embeddable":true,"href":"https:\/\/www.uv.mx\/prensa\/wp-json\/wp\/v2\/users\/1508"}],"replies":[{"embeddable":true,"href":"https:\/\/www.uv.mx\/prensa\/wp-json\/wp\/v2\/comments?post=107944"}],"version-history":[{"count":1,"href":"https:\/\/www.uv.mx\/prensa\/wp-json\/wp\/v2\/posts\/107944\/revisions"}],"predecessor-version":[{"id":108017,"href":"https:\/\/www.uv.mx\/prensa\/wp-json\/wp\/v2\/posts\/107944\/revisions\/108017"}],"wp:featuredmedia":[{"embeddable":true,"href":"https:\/\/www.uv.mx\/prensa\/wp-json\/wp\/v2\/media\/107953"}],"wp:attachment":[{"href":"https:\/\/www.uv.mx\/prensa\/wp-json\/wp\/v2\/media?parent=107944"}],"wp:term":[{"taxonomy":"category","embeddable":true,"href":"https:\/\/www.uv.mx\/prensa\/wp-json\/wp\/v2\/categories?post=107944"},{"taxonomy":"post_tag","embeddable":true,"href":"https:\/\/www.uv.mx\/prensa\/wp-json\/wp\/v2\/tags?post=107944"}],"curies":[{"name":"wp","href":"https:\/\/api.w.org\/{rel}","templated":true}]}}