{"id":108349,"date":"2022-01-13T08:00:56","date_gmt":"2022-01-13T14:00:56","guid":{"rendered":"https:\/\/www.uv.mx\/prensa\/?p=108349"},"modified":"2022-01-13T11:04:03","modified_gmt":"2022-01-13T17:04:03","slug":"dest-ofrece-cursos-sobre-arduino-pagina-web-y-transformacion-digital","status":"publish","type":"post","link":"https:\/\/www.uv.mx\/prensa\/eventos\/dest-ofrece-cursos-sobre-arduino-pagina-web-y-transformacion-digital\/","title":{"rendered":"DEST ofrece cursos sobre\u00a0<em>Arduino<\/em>, p\u00e1gina <em>web<\/em> y transformaci\u00f3n digital\u00a0"},"content":{"rendered":"<p>&nbsp;<\/p>\n<ul>\n<li data-leveltext=\"\uf0b7\" data-font=\"Symbol\" data-listid=\"1\" data-aria-posinset=\"1\" data-aria-level=\"1\"><i><span data-contrast=\"auto\">Mayor informaci\u00f3n sobre el contenido e inscripci\u00f3n de cada\u00a0curso en\u00a0la p\u00e1gina\u00a0<\/span><\/i><a href=\"http:\/\/www.uv.mx\/dgti\"><i><span data-contrast=\"none\">www.uv.mx\/dgti<\/span><\/i><\/a><span data-ccp-props=\"{&quot;134233279&quot;:true}\">\u00a0<\/span><\/li>\n<\/ul>\n<p><span data-ccp-props=\"{}\">\u00a0<\/span><\/p>\n<div id=\"attachment_108350\" style=\"width: 732px\" class=\"wp-caption aligncenter\"><img aria-describedby=\"caption-attachment-108350\" decoding=\"async\" loading=\"lazy\" class=\"size-full wp-image-108350\" src=\"https:\/\/www.uv.mx\/prensa\/files\/2022\/01\/100122-PAOLA-Cursos-DEST.jpg\" alt=\"\" width=\"722\" height=\"460\" srcset=\"https:\/\/www.uv.mx\/prensa\/files\/2022\/01\/100122-PAOLA-Cursos-DEST.jpg 722w, https:\/\/www.uv.mx\/prensa\/files\/2022\/01\/100122-PAOLA-Cursos-DEST-300x191.jpg 300w\" sizes=\"(max-width: 722px) 100vw, 722px\" \/><p id=\"caption-attachment-108350\" class=\"wp-caption-text\">Efr\u00e9n Mart\u00ednez inform\u00f3 sobre los cursos que impartir\u00e1 la DEST en las \u00faltimas semanas de enero<\/p><\/div>\n<p><span data-ccp-props=\"{}\">\u00a0<\/span><\/p>\n<p><b><i><span data-contrast=\"auto\">Paola Cort\u00e9s P\u00e9rez<\/span><\/i><\/b><span data-ccp-props=\"{}\">\u00a0<\/span><\/p>\n<p><b><i><span data-contrast=\"auto\">Foto: Luis Fernando Fern\u00e1ndez Carrillo<\/span><\/i><\/b><span data-ccp-props=\"{}\">\u00a0<\/span><\/p>\n<p><b><i><span data-contrast=\"auto\">13\/01\/2022, Xalapa, Ver.-<\/span><\/i><\/b><span data-contrast=\"auto\"> La <a href=\"https:\/\/www.uv.mx\/dgti\/\" target=\"_blank\" rel=\"noopener\">Direcci\u00f3n de Extensi\u00f3n de Servicios Tecnol\u00f3gicos<\/a> (DEST) de la Universidad Veracruzana (UV) ofrece a la comunidad universitaria y p\u00fablico en general los cursos \u201cProgramaci\u00f3n en <\/span><i><span data-contrast=\"auto\">Arduino<\/span><\/i><span data-contrast=\"auto\">: introducci\u00f3n al uso de sensores\u201d, \u201cCreaci\u00f3n de p\u00e1gina <\/span><i><span data-contrast=\"auto\">web<\/span><\/i><span data-contrast=\"auto\"> con <\/span><i><span data-contrast=\"auto\">software<\/span><\/i><span data-contrast=\"auto\"> libre\u201d y \u201cPrincipios de transformaci\u00f3n digital\u201d.<\/span><span data-ccp-props=\"{}\">\u00a0<\/span><\/p>\n<p><span data-contrast=\"auto\">Efr\u00e9n Mart\u00ednez Rojas, coordinador de Extensi\u00f3n de Servicios Tecnol\u00f3gicos de la DEST, coment\u00f3 que el curso \u201cProgramaci\u00f3n en <\/span><i><span data-contrast=\"auto\">Arduino<\/span><\/i><span data-contrast=\"auto\">\u201d inicia el viernes 21 de enero, mientras que \u201cCreaci\u00f3n de p\u00e1gina <\/span><i><span data-contrast=\"auto\">web<\/span><\/i><span data-contrast=\"auto\"> con <\/span><i><span data-contrast=\"auto\">software<\/span><\/i><span data-contrast=\"auto\"> libre\u201d y \u201cPrincipios de transformaci\u00f3n digital\u201d comienzan el viernes 28.<\/span><span data-ccp-props=\"{&quot;335559731&quot;:708}\">\u00a0<\/span><\/p>\n<p><span data-contrast=\"auto\">La fecha l\u00edmite de las inscripciones es un d\u00eda antes de que empiecen, aunque lo recomendable es hacerlo con antelaci\u00f3n, dado que el cupo es de entre 20 y 22 personas. Si por alguna raz\u00f3n no se cumple con el n\u00famero requerido de participantes, la fecha de inicio ser\u00e1 reprogramada.<\/span><span data-ccp-props=\"{&quot;335559731&quot;:708}\">\u00a0<\/span><\/p>\n<p><span data-contrast=\"auto\">Los cursos se impartir\u00e1n en modalidad virtual con una duraci\u00f3n de 40 horas, distribuidas en viernes y s\u00e1bados de 18:00 a 21:00 y 9:00 a 13:00 horas, respectivamente.<\/span><span data-ccp-props=\"{&quot;335559731&quot;:708}\">\u00a0<\/span><\/p>\n<p><span data-contrast=\"auto\">El objetivo del primer curso es abarcar los conocimientos te\u00f3ricos y pr\u00e1cticos del manejo de sensores por medio de la tarjeta programadora <\/span><i><span data-contrast=\"auto\">Arduino<\/span><\/i><span data-contrast=\"auto\">. Se manejar\u00e1n una variedad de sensores, entre los que destacan los de temperatura, presi\u00f3n y ultras\u00f3nico.<\/span><span data-ccp-props=\"{&quot;335559731&quot;:708}\">\u00a0<\/span><\/p>\n<p><span data-contrast=\"auto\">\u201cCreaci\u00f3n de p\u00e1gina <\/span><i><span data-contrast=\"auto\">web<\/span><\/i><span data-contrast=\"auto\"> con <\/span><i><span data-contrast=\"auto\">software<\/span><\/i><span data-contrast=\"auto\"> libre\u201d tiene como finalidad transmitir los conocimientos b\u00e1sicos para crear dichas p\u00e1ginas, conocer sus componentes principales, personalizar su contenido, utilizar recursos de terceros, publicar en Internet y otras consideraciones generales.<\/span><span data-ccp-props=\"{&quot;335559731&quot;:708}\">\u00a0<\/span><\/p>\n<p><span data-contrast=\"auto\">El curso \u201cPrincipios de transformaci\u00f3n digital\u201d busca que los asistentes adquieran los conocimientos b\u00e1sicos, t\u00e9cnicas, habilidades y competencias sobre el tema, para que tengan la capacidad de desarrollar su propio plan de transformaci\u00f3n en diversos entornos aplicando las tecnolog\u00edas inform\u00e1ticas actuales como herramientas.<\/span><span data-ccp-props=\"{&quot;335559731&quot;:708}\">\u00a0<\/span><\/p>\n<p><span data-contrast=\"auto\">El costo de cada curso es de tres mil pesos, con la facilidad de cubrir el pago en dos parcialidades: el primero del 15 al 20 de enero y el segundo del 1 al 5 de febrero.<\/span><span data-ccp-props=\"{&quot;335559731&quot;:708}\">\u00a0<\/span><\/p>\n<p><span data-contrast=\"auto\">\u201cSon cursos autofinanciables, por ello se debe cubrir el cupo para subrogar todos los gastos que conllevan y la ventaja es que cuentan con valor curricular. Todos han tenido buena aceptaci\u00f3n entre la comunidad universitaria, muchos est\u00e1n interesados y han solicitado informaci\u00f3n.\u201d<\/span><span data-ccp-props=\"{&quot;335559731&quot;:708}\">\u00a0<\/span><\/p>\n<p><span data-contrast=\"auto\">Respecto a la manera de seleccionar los temas de los cursos, Mart\u00ednez Rojas dijo que es resultado de las opiniones de asistentes a anteriores cursos y por sugerencia de los instructores con los que cuentan.<\/span><span data-ccp-props=\"{&quot;335559731&quot;:708}\">\u00a0<\/span><\/p>\n<p><span data-contrast=\"auto\">\u201cTratamos de ofrecer cursos que pueden ser de utilidad para la comunidad estudiantil y el sector empresarial, esto no significa que no estemos abiertos a recibir sugerencias.\u201d<\/span><span data-ccp-props=\"{&quot;335559731&quot;:708}\">\u00a0<\/span><\/p>\n<p><span data-contrast=\"auto\">Para mayor informaci\u00f3n sobre el contenido e inscripci\u00f3n de cada uno de los cursos, consultar en <\/span><a href=\"http:\/\/www.uv.mx\/dgti\"><span data-contrast=\"none\">www.uv.mx\/dgti<\/span><\/a><span data-contrast=\"auto\">.<\/span><span data-ccp-props=\"{&quot;335559731&quot;:708}\">\u00a0<\/span><\/p>\n","protected":false},"excerpt":{"rendered":"<p>El curso \u201cProgramaci\u00f3n en <em>Arduino<\/em>\u201d inicia el 21 de enero; \u201cCreaci\u00f3n de p\u00e1gina <em>web<\/em> con <em>software<\/em> libre\u201d y \u201cPrincipios de transformaci\u00f3n digital\u201d, el 28 <\/p>\n","protected":false},"author":1869,"featured_media":108351,"comment_status":"closed","ping_status":"closed","sticky":false,"template":"","format":"standard","meta":[],"categories":[47,61],"tags":[],"_links":{"self":[{"href":"https:\/\/www.uv.mx\/prensa\/wp-json\/wp\/v2\/posts\/108349"}],"collection":[{"href":"https:\/\/www.uv.mx\/prensa\/wp-json\/wp\/v2\/posts"}],"about":[{"href":"https:\/\/www.uv.mx\/prensa\/wp-json\/wp\/v2\/types\/post"}],"author":[{"embeddable":true,"href":"https:\/\/www.uv.mx\/prensa\/wp-json\/wp\/v2\/users\/1869"}],"replies":[{"embeddable":true,"href":"https:\/\/www.uv.mx\/prensa\/wp-json\/wp\/v2\/comments?post=108349"}],"version-history":[{"count":2,"href":"https:\/\/www.uv.mx\/prensa\/wp-json\/wp\/v2\/posts\/108349\/revisions"}],"predecessor-version":[{"id":108428,"href":"https:\/\/www.uv.mx\/prensa\/wp-json\/wp\/v2\/posts\/108349\/revisions\/108428"}],"wp:featuredmedia":[{"embeddable":true,"href":"https:\/\/www.uv.mx\/prensa\/wp-json\/wp\/v2\/media\/108351"}],"wp:attachment":[{"href":"https:\/\/www.uv.mx\/prensa\/wp-json\/wp\/v2\/media?parent=108349"}],"wp:term":[{"taxonomy":"category","embeddable":true,"href":"https:\/\/www.uv.mx\/prensa\/wp-json\/wp\/v2\/categories?post=108349"},{"taxonomy":"post_tag","embeddable":true,"href":"https:\/\/www.uv.mx\/prensa\/wp-json\/wp\/v2\/tags?post=108349"}],"curies":[{"name":"wp","href":"https:\/\/api.w.org\/{rel}","templated":true}]}}