{"id":108382,"date":"2022-01-12T11:17:38","date_gmt":"2022-01-12T17:17:38","guid":{"rendered":"https:\/\/www.uv.mx\/prensa\/?p=108382"},"modified":"2022-01-13T11:09:46","modified_gmt":"2022-01-13T17:09:46","slug":"isp-uv-impartira-curso-sobre-la-iniciativa-hospital-amigo-del-nino","status":"publish","type":"post","link":"https:\/\/www.uv.mx\/prensa\/banner\/isp-uv-impartira-curso-sobre-la-iniciativa-hospital-amigo-del-nino\/","title":{"rendered":"ISP-UV impartir\u00e1 curso sobre la \u201cIniciativa Hospital Amigo del Ni\u00f1o\u201d\u00a0"},"content":{"rendered":"<p>&nbsp;<\/p>\n<ul>\n<li data-leveltext=\"\uf0b7\" data-font=\"Symbol\" data-listid=\"3\" data-aria-posinset=\"1\" data-aria-level=\"1\"><i><span data-contrast=\"auto\">Del 7 de febrero al 3 de junio, dirigido a personal hospitalario de los Servicios de Salud de Veracruz<\/span><\/i><span data-ccp-props=\"{&quot;201341983&quot;:0,&quot;335559739&quot;:160,&quot;335559740&quot;:240}\">\u00a0<\/span><\/li>\n<li data-leveltext=\"\uf0b7\" data-font=\"Symbol\" data-listid=\"3\" data-aria-posinset=\"2\" data-aria-level=\"1\"><i><span data-contrast=\"auto\">El objetivo es asegurar que madres y reci\u00e9n nacidos reciban atenci\u00f3n oportuna y se favorezca la lactancia materna<\/span><\/i><span data-ccp-props=\"{&quot;201341983&quot;:0,&quot;335559739&quot;:160,&quot;335559740&quot;:240}\">\u00a0<\/span><\/li>\n<li data-leveltext=\"\uf0b7\" data-font=\"Symbol\" data-listid=\"3\" data-aria-posinset=\"3\" data-aria-level=\"1\"><i><span data-contrast=\"auto\">Contar\u00e1 con reconocimiento por parte del Consejo Internacional de Examinadores de Consultores de Lactancia\u00ae (IBLCE)\u00ae<\/span><\/i><span data-ccp-props=\"{&quot;201341983&quot;:0,&quot;335559739&quot;:160,&quot;335559740&quot;:240}\">\u00a0<\/span><\/li>\n<\/ul>\n<p><span data-ccp-props=\"{&quot;201341983&quot;:0,&quot;335559685&quot;:720,&quot;335559739&quot;:160,&quot;335559740&quot;:240}\">\u00a0<\/span><\/p>\n<div id=\"attachment_108385\" style=\"width: 732px\" class=\"wp-caption aligncenter\"><img aria-describedby=\"caption-attachment-108385\" decoding=\"async\" loading=\"lazy\" class=\"size-full wp-image-108385\" src=\"https:\/\/www.uv.mx\/prensa\/files\/2022\/01\/110122-CURSO-HOSPITAL-AMIGO-1.jpg\" alt=\"\" width=\"722\" height=\"253\" srcset=\"https:\/\/www.uv.mx\/prensa\/files\/2022\/01\/110122-CURSO-HOSPITAL-AMIGO-1.jpg 722w, https:\/\/www.uv.mx\/prensa\/files\/2022\/01\/110122-CURSO-HOSPITAL-AMIGO-1-300x105.jpg 300w\" sizes=\"(max-width: 722px) 100vw, 722px\" \/><p id=\"caption-attachment-108385\" class=\"wp-caption-text\">El Instituto de Salud P\u00fablica impartir\u00e1 el curso a personal de <em>Sesver<\/em><\/p><\/div>\n<p><span data-ccp-props=\"{&quot;201341983&quot;:0,&quot;335559739&quot;:160,&quot;335559740&quot;:240}\">\u00a0<\/span><\/p>\n<p><b><i><span data-contrast=\"auto\">Claudia Peralta V\u00e1zquez<\/span><\/i><\/b><span data-ccp-props=\"{&quot;201341983&quot;:0,&quot;335559739&quot;:160,&quot;335559740&quot;:240}\">\u00a0<\/span><\/p>\n<p><b><i><span data-contrast=\"auto\">12\/01\/2022, Xalapa, Ver.- <\/span><\/i><\/b><span data-contrast=\"auto\">La <a href=\"https:\/\/www.uv.mx\/\" target=\"_blank\" rel=\"noopener\">Universidad Veracruzana<\/a> (UV), a trav\u00e9s del Instituto de Salud P\u00fablica (ISP), impartir\u00e1 del 7 de febrero al 3 de junio el curso en l\u00ednea \u201cIniciativa Hospital Amigo del Ni\u00f1o\u201d (IHAN) a personal hospitalario de los Servicios de Salud de Veracruz (<\/span><i><span data-contrast=\"auto\">Sesver<\/span><\/i><span data-contrast=\"auto\">).<\/span><span data-ccp-props=\"{&quot;201341983&quot;:0,&quot;335559739&quot;:160,&quot;335559740&quot;:240}\">\u00a0<\/span><\/p>\n<p><span data-contrast=\"auto\">El objetivo es capacitar para asegurar que las madres y los reci\u00e9n nacidos reciban atenci\u00f3n oportuna y apropiada antes y durante su estad\u00eda en los centros hospitalarios, y as\u00ed favorecer la lactancia materna.<\/span><span data-ccp-props=\"{&quot;201341983&quot;:0,&quot;335559731&quot;:708,&quot;335559739&quot;:160,&quot;335559740&quot;:240}\">\u00a0<\/span><\/p>\n<p><span data-contrast=\"auto\">La colaboraci\u00f3n entre el ISP y <\/span><i><span data-contrast=\"auto\">Sesver<\/span><\/i><span data-contrast=\"auto\"> se ha mantenido durante d\u00e9cadas, y el curso es resultado de \u00e9sta. Adem\u00e1s, atiende a las necesidades de capacitaci\u00f3n y actualizaci\u00f3n de los trabajadores de esta \u00faltima dependencia.<\/span><span data-ccp-props=\"{&quot;201341983&quot;:0,&quot;335559731&quot;:708,&quot;335559739&quot;:160,&quot;335559740&quot;:240}\">\u00a0<\/span><\/p>\n<p><span data-contrast=\"auto\">Es por ello que Roberto Zenteno Cuevas, director del ISP; Alejandro Rey Del \u00c1ngel Aguilar, titular de Atenci\u00f3n M\u00e9dica; y A\u00edda Ver\u00f3nica Blanco Cornejo, subdirectora de Ense\u00f1anza, Investigaci\u00f3n y Capacitaci\u00f3n, ambos de <\/span><i><span data-contrast=\"auto\">Sesver<\/span><\/i><span data-contrast=\"auto\">, sumaron esfuerzos para lograr este avance.<\/span><span data-ccp-props=\"{&quot;201341983&quot;:0,&quot;335559731&quot;:708,&quot;335559739&quot;:160,&quot;335559740&quot;:240}\">\u00a0<\/span><\/p>\n<p><span data-contrast=\"auto\">Clara Luz Sampieri Ram\u00edrez, consultora de lactancia certificada por el Consejo Internacional de Examinadores de Consultores de Lactancia\u00ae (IBLCE)\u00ae; Mar\u00eda de Lourdes Mota Morales e Hilda Montero Ladr\u00f3n de Guevara, investigadoras del ISP, ser\u00e1n las responsables de impartir el curso que tambi\u00e9n contar\u00e1 con el respaldo de la Direcci\u00f3n General de Desarrollo Acad\u00e9mico e Innovaci\u00f3n Educativa para su virtualizaci\u00f3n.<\/span><span data-ccp-props=\"{&quot;201341983&quot;:0,&quot;335559731&quot;:708,&quot;335559739&quot;:160,&quot;335559740&quot;:240}\">\u00a0<\/span><\/p>\n<p><span data-contrast=\"auto\">\u00a0El programa cuenta con el registro del Departamento de Educaci\u00f3n Continua de la UV, as\u00ed como con reconocimiento internacional por parte del IBLCE\u00ae.<\/span><span data-ccp-props=\"{&quot;201341983&quot;:0,&quot;335559731&quot;:708,&quot;335559739&quot;:160,&quot;335559740&quot;:240}\">\u00a0<\/span><\/p>\n<p><span data-contrast=\"none\">La capacitaci\u00f3n se<\/span><span data-contrast=\"auto\"> desarrollar\u00e1 durante 15 sesiones de aprendizaje aut\u00f3nomo, que al final sumar\u00e1n un total de 60 horas avaladas por la Direcci\u00f3n General del \u00c1rea Acad\u00e9mica de Ciencias de la Salud de la UV.<\/span><span data-ccp-props=\"{&quot;201341983&quot;:0,&quot;335559739&quot;:160,&quot;335559740&quot;:240}\">\u00a0<\/span><\/p>\n<p><span data-contrast=\"auto\">El pasado 13 de diciembre se realiz\u00f3 la inauguraci\u00f3n del curso \u2014organizada por <\/span><i><span data-contrast=\"auto\">Sesver\u2014<\/span><\/i><span data-contrast=\"auto\">, y ese mismo d\u00eda de manera presencial se ofreci\u00f3 a los 30 participantes el encuadre de los contenidos.<\/span><span data-ccp-props=\"{&quot;201341983&quot;:0,&quot;335559731&quot;:708,&quot;335559739&quot;:160,&quot;335559740&quot;:240}\">\u00a0<\/span><\/p>\n<p>&nbsp;<\/p>\n<div id=\"attachment_108386\" style=\"width: 732px\" class=\"wp-caption aligncenter\"><img aria-describedby=\"caption-attachment-108386\" decoding=\"async\" loading=\"lazy\" class=\"size-full wp-image-108386\" src=\"https:\/\/www.uv.mx\/prensa\/files\/2022\/01\/110122-CURSO-HOSPITAL-AMIGO-2.jpg\" alt=\"\" width=\"722\" height=\"443\" srcset=\"https:\/\/www.uv.mx\/prensa\/files\/2022\/01\/110122-CURSO-HOSPITAL-AMIGO-2.jpg 722w, https:\/\/www.uv.mx\/prensa\/files\/2022\/01\/110122-CURSO-HOSPITAL-AMIGO-2-300x184.jpg 300w\" sizes=\"(max-width: 722px) 100vw, 722px\" \/><p id=\"caption-attachment-108386\" class=\"wp-caption-text\">Personal hospitalario de <em>Sesver<\/em> recibi\u00f3 una introducci\u00f3n al curso<\/p><\/div>\n<p>&nbsp;<\/p>\n<p><span data-contrast=\"auto\">Los asistentes laboran en diferentes espacios, como: los hospitales generales de Mart\u00ednez de la Torre, Hospital General Tarimoya (en Veracruz), Huatusco, Altotonga, C\u00f3rdoba \u201cYanga\u201d, San Andr\u00e9s Tuxtla; y regionales de Xalapa \u201cDr. Luis F. Nach\u00f3n\u201d, Coatzacoalcos \u201cDr. Valent\u00edn G\u00f3mez Far\u00edas\u201d, Poza Rica y R\u00edo Blanco.<\/span><span data-ccp-props=\"{&quot;201341983&quot;:0,&quot;335559731&quot;:708,&quot;335559739&quot;:160,&quot;335559740&quot;:240}\">\u00a0<\/span><\/p>\n<p><span data-contrast=\"auto\">Tambi\u00e9n hay participantes del Centro de Alta Especialidad (CAE) \u201cDr. Rafael Lucio\u201d, hospitales de las comunidades de Tlaquilpan, Vista Hermosa y Jos\u00e9 Azueta, as\u00ed como de la Direcci\u00f3n de Atenci\u00f3n M\u00e9dica y de Salud P\u00fablica.<\/span><span data-ccp-props=\"{&quot;201341983&quot;:0,&quot;335559731&quot;:708,&quot;335559739&quot;:160,&quot;335559740&quot;:240}\">\u00a0<\/span><\/p>\n<p><span data-contrast=\"auto\">Durante la jornada se abordaron diversos temas como: Actualizaci\u00f3n 2018 del IHAN, a cargo de Clara Luz Sampieri; Situaci\u00f3n actual de la lactancia en M\u00e9xico, por Mar\u00eda Luisa S\u00e1nchez Murrieta, maestra en Salud P\u00fablica.<\/span><span data-ccp-props=\"{&quot;201341983&quot;:0,&quot;335559731&quot;:708,&quot;335559739&quot;:160,&quot;335559740&quot;:240}\">\u00a0<\/span><\/p>\n<p><span data-contrast=\"auto\">Las tres investigadoras responsables hablaron sobre el encuadre del curso, y Mar\u00eda de Lourdes Mota Morales abord\u00f3 la navegaci\u00f3n en la plataforma <\/span><i><span data-contrast=\"auto\">Eminus 4<\/span><\/i><span data-contrast=\"auto\">.<\/span><span data-ccp-props=\"{&quot;201341983&quot;:0,&quot;335559731&quot;:708,&quot;335559739&quot;:160,&quot;335559740&quot;:240}\">\u00a0<\/span><\/p>\n<p><span data-contrast=\"auto\">Mar\u00eda Concepci\u00f3n Arrazate Garc\u00eda, quien impuls\u00f3 la Ley N\u00famero 866 para el Fomento, Apoyo y Protecci\u00f3n de la Lactancia Materna de Veracruz, vigente a partir del 1 de diciembre de 2021, explic\u00f3 lo relacionado con el marco legal de la IHAN.<\/span><span data-ccp-props=\"{&quot;201341983&quot;:0,&quot;335559731&quot;:708,&quot;335559739&quot;:160,&quot;335559740&quot;:240}\">\u00a0<\/span><\/p>\n<p><span data-contrast=\"auto\">Se espera que en la siguiente fase de la colaboraci\u00f3n se desarrolle un diplomado con facilitadores de ambas instituciones.<\/span><span data-ccp-props=\"{&quot;201341983&quot;:0,&quot;335559731&quot;:708,&quot;335559739&quot;:160,&quot;335559740&quot;:240}\">\u00a0<\/span><\/p>\n<p><span data-contrast=\"auto\">Los temas de cada sesi\u00f3n son: Sucesos hist\u00f3ricos de la promoci\u00f3n, protecci\u00f3n y apoyo a la lactancia materna; Importancia de la lactancia materna y riesgos de la alimentaci\u00f3n artificial; Recomendaciones internacionales sobre alimentaci\u00f3n infantil y definiciones de lactancia materna y amamantamiento; y Encuestas sobre lactancia materna.<\/span><span data-ccp-props=\"{&quot;201341983&quot;:0,&quot;335559731&quot;:708,&quot;335559739&quot;:160,&quot;335559740&quot;:240}\">\u00a0<\/span><\/p>\n<p><span data-contrast=\"auto\">Asimismo, Fisiolog\u00eda de la lactancia materna; Apoyo en la primera hora de vida y evaluaci\u00f3n del amamantamiento; Niveles de atenci\u00f3n en lactancia materna y apoyo pr\u00e1ctico en los pasos 4 al 10 de la gu\u00eda IHAN 2018; Lactancia en el contexto de la pandemia de Covid-19; \u00c9tica en la protecci\u00f3n, promoci\u00f3n y apoyo de la lactancia materna; Conclusiones de la parte te\u00f3rica; y Pr\u00e1cticas de valoraci\u00f3n de la t\u00e9cnica de amamantamiento y apoyo a la lactancia materna.<\/span><span data-ccp-props=\"{&quot;201341983&quot;:0,&quot;335559731&quot;:708,&quot;335559739&quot;:160,&quot;335559740&quot;:240}\">\u00a0<\/span><\/p>\n<p><span data-ccp-props=\"{&quot;201341983&quot;:0,&quot;335559739&quot;:160,&quot;335559740&quot;:240}\">\u00a0<\/span><\/p>\n<div id=\"attachment_108387\" style=\"width: 732px\" class=\"wp-caption aligncenter\"><img aria-describedby=\"caption-attachment-108387\" decoding=\"async\" loading=\"lazy\" class=\"size-full wp-image-108387\" src=\"https:\/\/www.uv.mx\/prensa\/files\/2022\/01\/110122-CURSO-HOSPITAL-AMIGO-3.jpg\" alt=\"\" width=\"722\" height=\"361\" srcset=\"https:\/\/www.uv.mx\/prensa\/files\/2022\/01\/110122-CURSO-HOSPITAL-AMIGO-3.jpg 722w, https:\/\/www.uv.mx\/prensa\/files\/2022\/01\/110122-CURSO-HOSPITAL-AMIGO-3-300x150.jpg 300w\" sizes=\"(max-width: 722px) 100vw, 722px\" \/><p id=\"caption-attachment-108387\" class=\"wp-caption-text\">Autoridades de la UV y <em>Sesver<\/em> respaldan la iniciativa<\/p><\/div>\n<p>&nbsp;<\/p>\n","protected":false},"excerpt":{"rendered":"<p>Se busca que el personal hospitalario de los Servicios de Salud de Veracruz brinde atenci\u00f3n oportuna a las madres y los reci\u00e9n nacidos\u00a0<\/p>\n","protected":false},"author":1869,"featured_media":108394,"comment_status":"closed","ping_status":"closed","sticky":false,"template":"","format":"standard","meta":[],"categories":[61],"tags":[],"_links":{"self":[{"href":"https:\/\/www.uv.mx\/prensa\/wp-json\/wp\/v2\/posts\/108382"}],"collection":[{"href":"https:\/\/www.uv.mx\/prensa\/wp-json\/wp\/v2\/posts"}],"about":[{"href":"https:\/\/www.uv.mx\/prensa\/wp-json\/wp\/v2\/types\/post"}],"author":[{"embeddable":true,"href":"https:\/\/www.uv.mx\/prensa\/wp-json\/wp\/v2\/users\/1869"}],"replies":[{"embeddable":true,"href":"https:\/\/www.uv.mx\/prensa\/wp-json\/wp\/v2\/comments?post=108382"}],"version-history":[{"count":1,"href":"https:\/\/www.uv.mx\/prensa\/wp-json\/wp\/v2\/posts\/108382\/revisions"}],"predecessor-version":[{"id":108429,"href":"https:\/\/www.uv.mx\/prensa\/wp-json\/wp\/v2\/posts\/108382\/revisions\/108429"}],"wp:featuredmedia":[{"embeddable":true,"href":"https:\/\/www.uv.mx\/prensa\/wp-json\/wp\/v2\/media\/108394"}],"wp:attachment":[{"href":"https:\/\/www.uv.mx\/prensa\/wp-json\/wp\/v2\/media?parent=108382"}],"wp:term":[{"taxonomy":"category","embeddable":true,"href":"https:\/\/www.uv.mx\/prensa\/wp-json\/wp\/v2\/categories?post=108382"},{"taxonomy":"post_tag","embeddable":true,"href":"https:\/\/www.uv.mx\/prensa\/wp-json\/wp\/v2\/tags?post=108382"}],"curies":[{"name":"wp","href":"https:\/\/api.w.org\/{rel}","templated":true}]}}