{"id":108435,"date":"2022-01-13T13:26:53","date_gmt":"2022-01-13T19:26:53","guid":{"rendered":"https:\/\/www.uv.mx\/prensa\/?p=108435"},"modified":"2022-01-17T13:02:59","modified_gmt":"2022-01-17T19:02:59","slug":"expo-orienta-uv-me-ayudo-a-descubrir-mi-vocacion-estudiante-de-biologia","status":"publish","type":"post","link":"https:\/\/www.uv.mx\/prensa\/entrevista\/expo-orienta-uv-me-ayudo-a-descubrir-mi-vocacion-estudiante-de-biologia\/","title":{"rendered":"Expo Orienta UV me ayud\u00f3 a descubrir mi vocaci\u00f3n: estudiante de Biolog\u00eda"},"content":{"rendered":"<ul>\n<li data-leveltext=\"\uf0b7\" data-font=\"Symbol\" data-listid=\"5\" data-aria-posinset=\"1\" data-aria-level=\"1\"><i><span data-contrast=\"auto\">Kenia Portillo cursa el octavo semestre de la Licenciatura en Biolog\u00eda, en la que se enfoca en el estudio de los hongos\u00a0<\/span><\/i><span data-ccp-props=\"{}\">\u00a0<\/span><\/li>\n<li data-leveltext=\"\uf0b7\" data-font=\"Symbol\" data-listid=\"5\" data-aria-posinset=\"2\" data-aria-level=\"1\"><i><span data-contrast=\"auto\">La joven est\u00e1 interesada en el\u00a0 monitoreo del manejo de cafetales<\/span><\/i><\/li>\n<\/ul>\n<p>&nbsp;<\/p>\n<div id=\"attachment_108436\" style=\"width: 732px\" class=\"wp-caption aligncenter\"><a href=\"https:\/\/www.uv.mx\/prensa\/files\/2022\/01\/130122-Entrevista-Kenia-Portillo.jpg\"><img aria-describedby=\"caption-attachment-108436\" decoding=\"async\" loading=\"lazy\" class=\"size-full wp-image-108436\" src=\"https:\/\/www.uv.mx\/prensa\/files\/2022\/01\/130122-Entrevista-Kenia-Portillo.jpg\" alt=\"\" width=\"722\" height=\"481\" srcset=\"https:\/\/www.uv.mx\/prensa\/files\/2022\/01\/130122-Entrevista-Kenia-Portillo.jpg 722w, https:\/\/www.uv.mx\/prensa\/files\/2022\/01\/130122-Entrevista-Kenia-Portillo-300x200.jpg 300w\" sizes=\"(max-width: 722px) 100vw, 722px\" \/><\/a><p id=\"caption-attachment-108436\" class=\"wp-caption-text\">Kenia Johanna Portillo Galicia<\/p><\/div>\n<p>&nbsp;<\/p>\n<p><b><i><span data-contrast=\"auto\">Carlos Hugo Hermida Rosales<\/span><\/i><\/b><span data-ccp-props=\"{}\">\u00a0<\/span><\/p>\n<p><b><i><span data-contrast=\"auto\">13\/01\/2022, Xalapa, Ver<\/span><\/i><\/b><span data-contrast=\"auto\">.- Kenia Johanna Portillo Galicia, quien cursa el octavo semestre de la Licenciatura en Biolog\u00eda de la Universidad Veracruzana (UV) en la regi\u00f3n Xalapa, comparti\u00f3 que aunque el inter\u00e9s por esta disciplina le naci\u00f3 cuando estudiaba el bachillerato, fue hasta que acudi\u00f3 a la Expo Orienta de la UV que descubri\u00f3 que quer\u00eda formarse como bi\u00f3loga.<\/span><span data-ccp-props=\"{}\">\u00a0<\/span><\/p>\n<p><span data-contrast=\"auto\">A largo de su formaci\u00f3n acad\u00e9mica ha sido beneficiada en tres ocasiones con una beca por parte de la Fundaci\u00f3n UV; esos recursos le han servido para pagar sus traslados de Jilotepec \u2013localidad en que radica\u2013 a la <a href=\"https:\/\/www.uv.mx\/biologia\/\" target=\"_blank\" rel=\"noopener\">Facultad de Biolog\u00eda<\/a> en la ciudad de Xalapa.\u00a0<\/span><span data-ccp-props=\"{&quot;335559731&quot;:708}\">\u00a0<\/span><\/p>\n<p><span data-contrast=\"auto\">Tambi\u00e9n le ha resultado de gran ayuda para adquirir el material que usa en sus pr\u00e1cticas de campo y laboratorio, as\u00ed como para mejorar su conexi\u00f3n a Internet y actualizar la computadora en la que toma sus clases virtuales durante el periodo de confinamiento producido por la pandemia de Covid-19.\u00a0<\/span><span data-ccp-props=\"{&quot;335559731&quot;:708}\">\u00a0<\/span><\/p>\n<p><span data-contrast=\"auto\">Esta beca le ha dado a la estudiante la oportunidad de centrarse en su formaci\u00f3n y ello le brinda tranquilidad y le permite aprovechar oportunidades de trabajo relacionadas con el \u00e1rea de especialidad en la que se enfoca: la micolog\u00eda \u2013rama de la biolog\u00eda que estudia los hongos.<\/span><span data-ccp-props=\"{&quot;335559731&quot;:708}\">\u00a0<\/span><\/p>\n<p><span data-contrast=\"auto\">Kenia Portillo comparti\u00f3 que, aunque ha trabajado en temas relacionados con tratamientos del suelo y en gesti\u00f3n de pol\u00edticas ambientales, se ha orientado m\u00e1s al estudio de los hongos comestibles, adem\u00e1s de los micorr\u00edzicos, que son aquellos que est\u00e1n asociados a las ra\u00edces de \u00e1rboles y plantas.\u00a0<\/span><span data-ccp-props=\"{&quot;335559731&quot;:708}\">\u00a0<\/span><\/p>\n<p><span data-contrast=\"auto\">Comparti\u00f3 con orgullo que a\u00fan no egresa y ya considera alternativas laborales, como el monitoreo del manejo de cafetales.<\/span><\/p>\n<p><span data-contrast=\"auto\">La joven declar\u00f3 que para muchos estudiantes es complicado tener un trabajo para solventar sus estudios, por lo que pidi\u00f3 a los solicitantes de becas ser responsables y reflexionar si realmente la requieren, ya que de no ser as\u00ed pueden quitar este apoyo a alguien que de verdad necesita de \u00e9l para no abandonar la universidad.\u00a0\u00a0<\/span><span data-ccp-props=\"{&quot;335559731&quot;:708}\">\u00a0<\/span><\/p>\n","protected":false},"excerpt":{"rendered":"<p>Kenia Johanna Portillo Galicia ha sido beneficiada en tres ocasiones con una beca de la Fundaci\u00f3n UV; recursos que ha utilizado para pagar sus traslados de Jilotepec a Xalapa <\/p>\n","protected":false},"author":1508,"featured_media":108436,"comment_status":"closed","ping_status":"closed","sticky":false,"template":"","format":"standard","meta":[],"categories":[13],"tags":[],"_links":{"self":[{"href":"https:\/\/www.uv.mx\/prensa\/wp-json\/wp\/v2\/posts\/108435"}],"collection":[{"href":"https:\/\/www.uv.mx\/prensa\/wp-json\/wp\/v2\/posts"}],"about":[{"href":"https:\/\/www.uv.mx\/prensa\/wp-json\/wp\/v2\/types\/post"}],"author":[{"embeddable":true,"href":"https:\/\/www.uv.mx\/prensa\/wp-json\/wp\/v2\/users\/1508"}],"replies":[{"embeddable":true,"href":"https:\/\/www.uv.mx\/prensa\/wp-json\/wp\/v2\/comments?post=108435"}],"version-history":[{"count":1,"href":"https:\/\/www.uv.mx\/prensa\/wp-json\/wp\/v2\/posts\/108435\/revisions"}],"predecessor-version":[{"id":108635,"href":"https:\/\/www.uv.mx\/prensa\/wp-json\/wp\/v2\/posts\/108435\/revisions\/108635"}],"wp:featuredmedia":[{"embeddable":true,"href":"https:\/\/www.uv.mx\/prensa\/wp-json\/wp\/v2\/media\/108436"}],"wp:attachment":[{"href":"https:\/\/www.uv.mx\/prensa\/wp-json\/wp\/v2\/media?parent=108435"}],"wp:term":[{"taxonomy":"category","embeddable":true,"href":"https:\/\/www.uv.mx\/prensa\/wp-json\/wp\/v2\/categories?post=108435"},{"taxonomy":"post_tag","embeddable":true,"href":"https:\/\/www.uv.mx\/prensa\/wp-json\/wp\/v2\/tags?post=108435"}],"curies":[{"name":"wp","href":"https:\/\/api.w.org\/{rel}","templated":true}]}}