{"id":108528,"date":"2022-01-17T17:45:36","date_gmt":"2022-01-17T23:45:36","guid":{"rendered":"https:\/\/www.uv.mx\/prensa\/?p=108528"},"modified":"2022-01-17T17:51:40","modified_gmt":"2022-01-17T23:51:40","slug":"vacuna-de-refuerzo-contra-covid-19-mejora-la-salud-emocional","status":"publish","type":"post","link":"https:\/\/www.uv.mx\/prensa\/banner\/vacuna-de-refuerzo-contra-covid-19-mejora-la-salud-emocional\/","title":{"rendered":"Vacuna\u00a0de refuerzo\u00a0contra\u00a0Covid-19\u00a0mejora\u00a0la\u00a0salud emocional\u00a0"},"content":{"rendered":"<p>&nbsp;<\/p>\n<ul>\n<li data-leveltext=\"\uf0b7\" data-font=\"Symbol\" data-listid=\"1\" data-aria-posinset=\"1\" data-aria-level=\"1\"><i><span data-contrast=\"auto\">Lizette\u00a0Teresa Figueroa V\u00e1zquez, directora de la Facultad de Psicolog\u00eda, destac\u00f3 los beneficios de vacunarse<\/span><\/i><span data-ccp-props=\"{&quot;134233279&quot;:true,&quot;201341983&quot;:0,&quot;335559739&quot;:160,&quot;335559740&quot;:240}\">\u00a0<\/span><\/li>\n<li data-leveltext=\"\uf0b7\" data-font=\"Symbol\" data-listid=\"1\" data-aria-posinset=\"2\" data-aria-level=\"1\"><i><span data-contrast=\"auto\">Enfrentar una pandemia como lo estamos viviendo desde 2020 implica perder el control sobre nuestras vidas<\/span><\/i><span data-ccp-props=\"{&quot;134233279&quot;:true,&quot;201341983&quot;:0,&quot;335559739&quot;:160,&quot;335559740&quot;:240}\">\u00a0<\/span><\/li>\n<\/ul>\n<p>&nbsp;<\/p>\n<p><iframe loading=\"lazy\" title=\"Invitaci\u00f3n a tomar el refuerzo\" width=\"639\" height=\"359\" src=\"https:\/\/www.youtube.com\/embed\/Jzfr078nZIE?feature=oembed\" frameborder=\"0\" allow=\"accelerometer; autoplay; clipboard-write; encrypted-media; gyroscope; picture-in-picture\" allowfullscreen><\/iframe><\/p>\n<p><span data-ccp-props=\"{&quot;201341983&quot;:0,&quot;335559739&quot;:160,&quot;335559740&quot;:240}\">\u00a0<\/span><\/p>\n<p><b><i><span data-contrast=\"auto\">17\/01\/2022,\u00a0Xalapa,\u00a0Ver.-\u00a0<\/span><\/i><\/b><span data-contrast=\"auto\">Lizette Teresa Figueroa V\u00e1zquez, directora de la <a href=\"https:\/\/www.uv.mx\/veracruz\/psicologia\/\" target=\"_blank\" rel=\"noopener\">Facultad de Psicolog\u00eda<\/a> de la Universidad Veracruzana (UV), asegur\u00f3 que la vacunaci\u00f3n de refuerzo contra\u00a0COVID-19\u00a0permitir\u00e1 que\u00a0mejore la salud emocional de\u00a0un gran n\u00famero\u00a0de personas, a casi dos a\u00f1os del confinamiento\u00a0y afectaciones\u00a0por la pandemia mundial provocada\u00a0por esa enfermedad.<\/span><span data-ccp-props=\"{&quot;201341983&quot;:0,&quot;335559739&quot;:160,&quot;335559740&quot;:240}\">\u00a0<\/span><\/p>\n<p><span data-contrast=\"auto\">Durante entrevista con\u00a0<\/span><i><span data-contrast=\"auto\">Universo, Sistema de Noticias de la UV,\u00a0<\/span><\/i><span data-contrast=\"auto\">destac\u00f3 el impacto positivo\u00a0que ha tenido\u00a0la vacunaci\u00f3n contra el virus SARS-CoV-2\u00a0en el \u00e1mbito emocional\u00a0de las personas.<\/span><span data-ccp-props=\"{&quot;201341983&quot;:0,&quot;335559731&quot;:708,&quot;335559739&quot;:160,&quot;335559740&quot;:240}\">\u00a0<\/span><\/p>\n<p><span data-contrast=\"auto\">\u201cEn\u00a0el campo de la\u00a0psicolog\u00eda sabemos que enfrentar una pandemia\u00a0-como la\u00a0estamos viviendo\u00a0desde\u00a02020-\u00a0implica perder el\u00a0control sobre nuestras vidas;\u00a0\u00e9ste fue el primer impacto a nivel emocional que tuvimos\u00a0y\u00a0que hemos padecido durante\u00a0ya\u00a0casi dos a\u00f1os de confinamiento.\u201d<\/span><span data-ccp-props=\"{&quot;201341983&quot;:0,&quot;335559731&quot;:708,&quot;335559739&quot;:160,&quot;335559740&quot;:240}\">\u00a0<\/span><\/p>\n<p><span data-contrast=\"auto\">La\u00a0acad\u00e9mica y\u00a0Doctora en Psicolog\u00eda dijo que\u00a0uno de los indicadores de salud mental con los cuales se trabaja en su\u00a0\u00e1mbito\u00a0de estudio \u201ces ser actor o actriz de la propia vida\u201d, lo\u00a0cual\u00a0implica \u201cpoder decidir lo que yo quiero hacer, actuar en consecuencia, y esto ha sido muy afectado, muy mermado por el confinamiento\u201d.<\/span><span data-ccp-props=\"{&quot;201341983&quot;:0,&quot;335559731&quot;:708,&quot;335559739&quot;:160,&quot;335559740&quot;:240}\">\u00a0<\/span><\/p>\n<p><span data-contrast=\"auto\">Consider\u00f3 que la\u00a0situaci\u00f3n\u00a0que estamos enfrentando contra el SARS-CoV-2\u00a0tambi\u00e9n\u00a0afecta a\u00a0la\u00a0salud mental,\u00a0seg\u00fan\u00a0lo demuestra\u00a0el aumento de\u00a0casos de ansiedad y depresi\u00f3n\u00a0a causa de \u201cla p\u00e9rdida de ser due\u00f1os de nuestra propia vida\u201d.<\/span><span data-ccp-props=\"{&quot;201341983&quot;:0,&quot;335559731&quot;:708,&quot;335559739&quot;:160,&quot;335559740&quot;:240}\">\u00a0<\/span><\/p>\n<p>&nbsp;<\/p>\n<div id=\"attachment_108536\" style=\"width: 732px\" class=\"wp-caption aligncenter\"><img aria-describedby=\"caption-attachment-108536\" decoding=\"async\" loading=\"lazy\" class=\"wp-image-108536 size-full\" src=\"https:\/\/www.uv.mx\/prensa\/files\/2022\/01\/140122-refuerzo-vacuna-3-1.jpg\" alt=\"\" width=\"722\" height=\"516\" srcset=\"https:\/\/www.uv.mx\/prensa\/files\/2022\/01\/140122-refuerzo-vacuna-3-1.jpg 722w, https:\/\/www.uv.mx\/prensa\/files\/2022\/01\/140122-refuerzo-vacuna-3-1-300x214.jpg 300w\" sizes=\"(max-width: 722px) 100vw, 722px\" \/><p id=\"caption-attachment-108536\" class=\"wp-caption-text\">Lizette\u00a0Teresa Figueroa V\u00e1zquez,\u00a0directora de la Facultad de Psicolog\u00eda<\/p><\/div>\n<p>&nbsp;<\/p>\n<p><span data-contrast=\"auto\">Entre las acciones que\u00a0han permitido a la poblaci\u00f3n\u00a0protegerse\u00a0de posibles contagios, as\u00ed como disminuir la incertidumbre durante la\u00a0pandemia, destacan el uso de la mascarilla, el lavado frecuente de manos y m\u00e1s recientemente vacunarse.<\/span><span data-ccp-props=\"{&quot;201341983&quot;:0,&quot;335559731&quot;:708,&quot;335559739&quot;:160,&quot;335559740&quot;:240}\">\u00a0<\/span><\/p>\n<p><span data-contrast=\"auto\">Sobre esto \u00faltimo, Figueroa V\u00e1zquez destac\u00f3 que\u00a0la vacunaci\u00f3n de refuerzo\u00a0contra\u00a0COVID-19\u00a0permitir\u00e1\u00a0a la poblaci\u00f3n inoculada\u00a0mejorar\u00a0la\u00a0salud f\u00edsica\u00a0y\u00a0mental;\u00a0\u201csentir que s\u00ed podemos hacer algo, que podemos\u00a0cuidar a los otros, al otro, a \u00e9se que nos significa,\u00a0sea nuestra pareja, nuestra familia, alumnos, nuestros colaboradores de trabajo.<\/span><span data-ccp-props=\"{&quot;201341983&quot;:0,&quot;335559731&quot;:708,&quot;335559739&quot;:160,&quot;335559740&quot;:240}\">\u00a0<\/span><\/p>\n<p><span data-contrast=\"auto\">\u201dEsto tambi\u00e9n implica\u00a0nuestro\u00a0aporte\u00a0para mejorar las condiciones de salud en las que estamos viviendo, no son momentos f\u00e1ciles\u00a0pero entre todos podemos contribuir a salir poco a poco de esta situaci\u00f3n de emergencia.<\/span><span data-ccp-props=\"{&quot;201341983&quot;:0,&quot;335559731&quot;:708,&quot;335559739&quot;:160,&quot;335559740&quot;:240}\">\u00a0<\/span><\/p>\n<p><span data-contrast=\"auto\">\u201dEl que nos vacunemos para proteger a los dem\u00e1s se trata de\u00a0una labor tambi\u00e9n comunitaria, social,\u00a0que\u00a0nos ayuda a sentir que tenemos un poco de control de lo que escapa a nuestra vida\u201d, agreg\u00f3 la especialista en psicolog\u00eda comunitaria, g\u00e9nero y violencia.<\/span><span data-ccp-props=\"{&quot;201341983&quot;:0,&quot;335559731&quot;:708,&quot;335559739&quot;:160,&quot;335559740&quot;:240}\">\u00a0<\/span><\/p>\n<p><span data-contrast=\"auto\">El personal de la UV podr\u00e1 participar en el proceso del refuerzo de vacunaci\u00f3n que se llevar\u00e1 a cabo del 17 al 21 de enero de 2022.\u00a0El procedimiento para el registro que deber\u00e1n realizar los acad\u00e9micos, acad\u00e9micas, trabajadores y trabajadoras de\u00a0esta\u00a0casa de estudios se encuentra detallado en la liga:\u00a0<\/span><a href=\"https:\/\/www.uv.mx\/comunicacionuv\/files\/2022\/01\/070122-Comunicado-UV-Refuerzo-de-vacunacion-1.pdf\"><span data-contrast=\"none\">https:\/\/www.uv.mx\/comunicacionuv\/files\/2022\/01\/070122-Comunicado-UV-Refuerzo-de-vacunacion-1.pdf<\/span><\/a><span data-contrast=\"auto\">.<\/span><span data-ccp-props=\"{&quot;201341983&quot;:0,&quot;335559731&quot;:708,&quot;335559739&quot;:160,&quot;335559740&quot;:240}\">\u00a0<\/span><\/p>\n<p><span data-ccp-props=\"{&quot;201341983&quot;:0,&quot;335559739&quot;:160,&quot;335559740&quot;:240}\">\u00a0<\/span><\/p>\n<div id=\"attachment_108534\" style=\"width: 732px\" class=\"wp-caption aligncenter\"><img aria-describedby=\"caption-attachment-108534\" decoding=\"async\" loading=\"lazy\" class=\"size-full wp-image-108534\" src=\"https:\/\/www.uv.mx\/prensa\/files\/2022\/01\/140122-refuerzo-vacuna-3-2.jpg\" alt=\"\" width=\"722\" height=\"467\" srcset=\"https:\/\/www.uv.mx\/prensa\/files\/2022\/01\/140122-refuerzo-vacuna-3-2.jpg 722w, https:\/\/www.uv.mx\/prensa\/files\/2022\/01\/140122-refuerzo-vacuna-3-2-300x194.jpg 300w\" sizes=\"(max-width: 722px) 100vw, 722px\" \/><p id=\"caption-attachment-108534\" class=\"wp-caption-text\">El personal de la UV podr\u00e1 participar en el proceso del refuerzo de vacunaci\u00f3n<\/p><\/div>\n","protected":false},"excerpt":{"rendered":"<p>Lizette\u00a0Figueroa V\u00e1zquez destac\u00f3 el impacto positivo\u00a0de\u00a0la vacunaci\u00f3n contra el virus SARS-CoV-2, a\u00a0casi\u00a0dos a\u00f1os\u00a0del confinamiento por\u00a0la pandemia\u00a0<\/p>\n","protected":false},"author":1869,"featured_media":108535,"comment_status":"closed","ping_status":"closed","sticky":false,"template":"","format":"standard","meta":[],"categories":[61],"tags":[],"_links":{"self":[{"href":"https:\/\/www.uv.mx\/prensa\/wp-json\/wp\/v2\/posts\/108528"}],"collection":[{"href":"https:\/\/www.uv.mx\/prensa\/wp-json\/wp\/v2\/posts"}],"about":[{"href":"https:\/\/www.uv.mx\/prensa\/wp-json\/wp\/v2\/types\/post"}],"author":[{"embeddable":true,"href":"https:\/\/www.uv.mx\/prensa\/wp-json\/wp\/v2\/users\/1869"}],"replies":[{"embeddable":true,"href":"https:\/\/www.uv.mx\/prensa\/wp-json\/wp\/v2\/comments?post=108528"}],"version-history":[{"count":2,"href":"https:\/\/www.uv.mx\/prensa\/wp-json\/wp\/v2\/posts\/108528\/revisions"}],"predecessor-version":[{"id":108630,"href":"https:\/\/www.uv.mx\/prensa\/wp-json\/wp\/v2\/posts\/108528\/revisions\/108630"}],"wp:featuredmedia":[{"embeddable":true,"href":"https:\/\/www.uv.mx\/prensa\/wp-json\/wp\/v2\/media\/108535"}],"wp:attachment":[{"href":"https:\/\/www.uv.mx\/prensa\/wp-json\/wp\/v2\/media?parent=108528"}],"wp:term":[{"taxonomy":"category","embeddable":true,"href":"https:\/\/www.uv.mx\/prensa\/wp-json\/wp\/v2\/categories?post=108528"},{"taxonomy":"post_tag","embeddable":true,"href":"https:\/\/www.uv.mx\/prensa\/wp-json\/wp\/v2\/tags?post=108528"}],"curies":[{"name":"wp","href":"https:\/\/api.w.org\/{rel}","templated":true}]}}